{"id":66801,"date":"2024-11-06T14:33:10","date_gmt":"2024-11-06T16:33:10","guid":{"rendered":"https:\/\/www2.comunitaria.com.br\/?p=66801"},"modified":"2024-11-06T14:33:10","modified_gmt":"2024-11-06T16:33:10","slug":"novo-premio-literario-para-escritores-estreantes-e-lancado-pela-fundacao-casa-de-jorge-amado","status":"publish","type":"post","link":"https:\/\/www2.comunitaria.com.br\/en\/novo-premio-literario-para-escritores-estreantes-e-lancado-pela-fundacao-casa-de-jorge-amado\/","title":{"rendered":"Novo pr\u00eamio liter\u00e1rio para escritores estreantes \u00e9 lan\u00e7ado pela Funda\u00e7\u00e3o Casa de Jorge Amado"},"content":{"rendered":"<p>A Funda\u00e7\u00e3o Casa de Jorge Amado inaugura o Pr\u00eamio Myriam Fraga para Autores In\u00e9ditos, focado em escritores que nunca tiveram textos publicados em meios f\u00edsicos ou digitais. As inscri\u00e7\u00f5es ser\u00e3o abertas no s\u00e1bado, 9 de novembro, e poder\u00e3o ser feitas at\u00e9 9 de dezembro.<\/p>\n<p>A premia\u00e7\u00e3o \u00e9 uma homenagem para a poeta e escritora Myriam Fraga, cujo anivers\u00e1rio \u00e9 comemorado em 9 de novembro. Cadeira da Academia de Letras da Bahia (ALB) e ex-diretora executiva da Funda\u00e7\u00e3o, ela conduziu uma primeira vers\u00e3o do projeto antes de sua morte, em 2016.<\/p>\n<p>O atual vice-presidente da ALB, Marcus Vin\u00edcius Rodrigues, \u00e9 quem coordena o projeto, de acordo com Angela Fraga, gestora da Funda\u00e7\u00e3o Casa de Jorge Amado. &#8220;A chancela da ALB \u00e9 muito significativa para n\u00f3s, al\u00e9m do que Marcus Vin\u00edcius ter\u00e1 muito a contribuir, especialmente por ter sido, no in\u00edcio de sua carreira de escritor, um dos premiados em uma de nossas edi\u00e7\u00f5es para autores in\u00e9ditos&#8221;, diz ela, em comunicado \u00e0 imprensa.<\/p>\n<p>A viabiliza\u00e7\u00e3o do projeto foi feita atrav\u00e9s da Lei Federal de Incentivo \u00e0 Cultura, e conta com patroc\u00ednio do Nubank para os vencedores, que, al\u00e9m de terem o texto publicado, ganhar\u00e3o R$ 4 mil, al\u00e9m de 30% da tiragem dos livros.<\/p>\n<p>Ser\u00e3o escolhidos tr\u00eas autores, nos g\u00eaneros de fic\u00e7\u00e3o e poesia. Os textos ser\u00e3o publicados dentro de seis meses ap\u00f3s a conclus\u00e3o do concurso, em mil exemplares, que ter\u00e3o o formato, ilustra\u00e7\u00e3o, projeto gr\u00e1fico e capa da obra realizados pela editora Casa de Palavras.<\/p>\n<p>Os premiados tamb\u00e9m podem ter a chance de participar de eventos liter\u00e1rios indicados pela organiza\u00e7\u00e3o, como a Festa Liter\u00e1ria Internacional do Pelourinho (FLIPEL\u00d4).<\/p>\n<p><strong>Sobre a inscri\u00e7\u00e3o<\/strong><\/p>\n<p>A inscri\u00e7\u00e3o para o concurso \u00e9 gratuita e deve ser realizada atrav\u00e9s de um formul\u00e1rio dispon\u00edvel no&nbsp;<strong>site da Funda\u00e7\u00e3o Casa de Jorge Amado<\/strong>. \u00c9 poss\u00edvel apenas uma inscri\u00e7\u00e3o por CPF, em uma das categorias (fic\u00e7\u00e3o ou poesia). A obra ficcional enviada deve possuir entre 150 mil e 500 mil caracteres, com espa\u00e7os. J\u00e1 a poesia deve ter entre 50 e 150 p\u00e1ginas com poemas.<\/p>\n<p>Os candidatos devem ter pelo menos 18 anos e serem brasileiros residentes ou estrangeiros que tenham resid\u00eancia fixa comprovada no Pa\u00eds. A sele\u00e7\u00e3o das obras ser\u00e1 feita por uma comiss\u00e3o selecionada previamente pela institui\u00e7\u00e3o e que ter\u00e1 autonomia para tomar a decis\u00e3o com base na qualidade liter\u00e1ria da obra.<\/p>\n<p>&nbsp;<\/p>\n<p><em>Fonte: Correio do Povo<\/em><\/p>","protected":false},"excerpt":{"rendered":"<p>A Funda\u00e7\u00e3o Casa de Jorge Amado inaugura o Pr\u00eamio Myriam Fraga para Autores In\u00e9ditos, focado em escritores que nunca tiveram textos publicados em meios f\u00edsicos ou digitais. As inscri\u00e7\u00f5es ser\u00e3o&#8230;<\/p>","protected":false},"author":2,"featured_media":66802,"comment_status":"closed","ping_status":"closed","sticky":false,"template":"","format":"standard","meta":{"ngg_post_thumbnail":0,"footnotes":""},"categories":[47,3593,33],"tags":[1001,107],"class_list":["post-66801","post","type-post","status-publish","format-standard","has-post-thumbnail","hentry","category-brasil","category-cultura","category-noticias","tag-cultura","tag-premio"],"amp_enabled":true,"_links":{"self":[{"href":"https:\/\/www2.comunitaria.com.br\/en\/wp-json\/wp\/v2\/posts\/66801","targetHints":{"allow":["GET"]}}],"collection":[{"href":"https:\/\/www2.comunitaria.com.br\/en\/wp-json\/wp\/v2\/posts"}],"about":[{"href":"https:\/\/www2.comunitaria.com.br\/en\/wp-json\/wp\/v2\/types\/post"}],"author":[{"embeddable":true,"href":"https:\/\/www2.comunitaria.com.br\/en\/wp-json\/wp\/v2\/users\/2"}],"replies":[{"embeddable":true,"href":"https:\/\/www2.comunitaria.com.br\/en\/wp-json\/wp\/v2\/comments?post=66801"}],"version-history":[{"count":0,"href":"https:\/\/www2.comunitaria.com.br\/en\/wp-json\/wp\/v2\/posts\/66801\/revisions"}],"wp:featuredmedia":[{"embeddable":true,"href":"https:\/\/www2.comunitaria.com.br\/en\/wp-json\/wp\/v2\/media\/66802"}],"wp:attachment":[{"href":"https:\/\/www2.comunitaria.com.br\/en\/wp-json\/wp\/v2\/media?parent=66801"}],"wp:term":[{"taxonomy":"category","embeddable":true,"href":"https:\/\/www2.comunitaria.com.br\/en\/wp-json\/wp\/v2\/categories?post=66801"},{"taxonomy":"post_tag","embeddable":true,"href":"https:\/\/www2.comunitaria.com.br\/en\/wp-json\/wp\/v2\/tags?post=66801"}],"curies":[{"name":"wp","href":"https:\/\/api.w.org\/{rel}","templated":true}]}}