{"id":66764,"date":"2024-11-05T16:27:21","date_gmt":"2024-11-05T18:27:21","guid":{"rendered":"https:\/\/www2.comunitaria.com.br\/?p=66764"},"modified":"2024-11-05T16:27:22","modified_gmt":"2024-11-05T18:27:22","slug":"dolar-cai-para-r-578-em-dia-de-alivio-no-mercado","status":"publish","type":"post","link":"https:\/\/www2.comunitaria.com.br\/en\/dolar-cai-para-r-578-em-dia-de-alivio-no-mercado\/","title":{"rendered":"D\u00f3lar cai para R$ 5,78 em dia de al\u00edvio no mercado"},"content":{"rendered":"<p style=\"text-align: justify;\">Em um dia de al\u00edvio para o mercado financeiro, o d\u00f3lar teve forte queda, tanto por fatores dom\u00e9sticos como externos. A bolsa de valores subiu quase 2% e recuperou os 130 mil pontos.<img decoding=\"async\" src=\"https:\/\/agenciabrasil.ebc.com.br\/ebc.png?id=1618314&amp;o=node\"><img decoding=\"async\" src=\"https:\/\/agenciabrasil.ebc.com.br\/ebc.gif?id=1618314&amp;o=node\"><\/p>\n<p style=\"text-align: justify;\">O d\u00f3lar comercial encerrou esta segunda-feira (4) vendido a R$ 5,783, com recuo de R$ 0,087 (-1,48%). A cota\u00e7\u00e3o operou o dia todo em queda. Na m\u00ednima do dia, por volta das 13h15, chegou a R$ 5,75.<\/p>\n<p style=\"text-align: justify;\">Na sexta-feira (1\u00ba), a moeda norte-americana tinha fechado em R$ 5,87 no maior valor em quatro anos e na segunda maior cota\u00e7\u00e3o nominal desde o Plano Real. Mesmo com a queda desta segunda-feira, a divisa acumula alta de 1,31% em uma semana e de 19,16% em 2024.<\/p>\n<p style=\"text-align: justify;\">No mercado de a\u00e7\u00f5es, o dia tamb\u00e9m foi marcado pela recupera\u00e7\u00e3o. O \u00edndice Ibovespa, da B3, fechou aos 130.515 pontos, com alta de 1,73%. A\u00e7\u00f5es de mineradoras, de bancos e de empresas ligadas ao consumo dom\u00e9stico puxaram a alta.<\/p>\n<p style=\"text-align: justify;\">O al\u00edvio repetiu-se tanto no mercado interno como no mercado global. No Brasil, a desist\u00eancia do ministro da Fazenda, Fernando Haddad, de viajar para a Europa e a possibilidade de&nbsp;<a href=\"https:\/\/agenciabrasil.ebc.com.br\/economia\/noticia\/2024-11\/pacote-de-corte-de-gastos-deve-ser-anunciado-nesta-semana-diz-haddad\" target=\"_blank\" rel=\"noopener\">an\u00fancio do pacote de corte de gastos obrigat\u00f3rios&nbsp;<\/a>ainda nesta semana foram bem recebidas pelos investidores.<\/p>\n<p style=\"text-align: justify;\">No cen\u00e1rio externo, o d\u00f3lar caiu perante as principais moedas de pa\u00edses emergentes com a redu\u00e7\u00e3o das apostas na vit\u00f3ria de Donald Trump nas elei\u00e7\u00f5es presidenciais dos Estados Unidos nesta ter\u00e7a-feira (5). As taxas dos t\u00edtulos do Tesouro norte-americano, considerados os investimentos mais seguros do planeta, recuaram nesta segunda, o que estimula a migra\u00e7\u00e3o de capitais financeiros para pa\u00edses emergentes, como o Brasil.<\/p>\n<p style=\"text-align: justify;\"><em>*Com informa\u00e7\u00f5es da Reuters<\/em><\/p>\n<p style=\"text-align: justify;\"><em>Fonte: Ag\u00eancia Brasil<\/em><\/p>\n<p style=\"text-align: justify;\"><em>Foto: Reuters<a href=\"https:\/\/www2.comunitaria.com.br\/en\/dolar-cai-para-r-578-em-dia-de-alivio-no-mercado\/2022-02-10t121137z_1_lynxmpei190mo_rtroptp_4_dolar-abre\/\" rel=\"attachment wp-att-66765\"><img loading=\"lazy\" decoding=\"async\" class=\"aligncenter size-full wp-image-66765\" src=\"http:\/\/www2.comunitaria.com.br\/wp-content\/uploads\/2024\/11\/2022-02-10t121137z_1_lynxmpei190mo_rtroptp_4_dolar-abre.webp\" alt=\"\" width=\"1170\" height=\"700\" srcset=\"https:\/\/www2.comunitaria.com.br\/wp-content\/uploads\/2024\/11\/2022-02-10t121137z_1_lynxmpei190mo_rtroptp_4_dolar-abre.webp 1170w, https:\/\/www2.comunitaria.com.br\/wp-content\/uploads\/2024\/11\/2022-02-10t121137z_1_lynxmpei190mo_rtroptp_4_dolar-abre-300x179.webp 300w, https:\/\/www2.comunitaria.com.br\/wp-content\/uploads\/2024\/11\/2022-02-10t121137z_1_lynxmpei190mo_rtroptp_4_dolar-abre-1024x613.webp 1024w, https:\/\/www2.comunitaria.com.br\/wp-content\/uploads\/2024\/11\/2022-02-10t121137z_1_lynxmpei190mo_rtroptp_4_dolar-abre-768x459.webp 768w\" sizes=\"auto, (max-width: 1170px) 100vw, 1170px\" \/><\/a><\/em><\/p>","protected":false},"excerpt":{"rendered":"<p>Em um dia de al\u00edvio para o mercado financeiro, o d\u00f3lar teve forte queda, tanto por fatores dom\u00e9sticos como externos. A bolsa de valores subiu quase 2% e recuperou os 130 mil pontos. O d\u00f3lar comercial encerrou esta segunda-feira (4) vendido a R$ 5,783, com recuo de R$ 0,087 (-1,48%). A cota\u00e7\u00e3o operou o dia<\/p>\n<div class=\"read-more-wrapper\"><a class=\"read-more\" href=\"https:\/\/www2.comunitaria.com.br\/en\/dolar-cai-para-r-578-em-dia-de-alivio-no-mercado\/\" title=\"Read More\"> <span class=\"button\">Read More<\/span><\/a><\/div>","protected":false},"author":2,"featured_media":66765,"comment_status":"closed","ping_status":"closed","sticky":false,"template":"","format":"standard","meta":{"ngg_post_thumbnail":0,"footnotes":""},"categories":[39,33],"tags":[1340],"class_list":["post-66764","post","type-post","status-publish","format-standard","has-post-thumbnail","hentry","category-economia","category-noticias","tag-dolar"],"amp_enabled":true,"_links":{"self":[{"href":"https:\/\/www2.comunitaria.com.br\/en\/wp-json\/wp\/v2\/posts\/66764","targetHints":{"allow":["GET"]}}],"collection":[{"href":"https:\/\/www2.comunitaria.com.br\/en\/wp-json\/wp\/v2\/posts"}],"about":[{"href":"https:\/\/www2.comunitaria.com.br\/en\/wp-json\/wp\/v2\/types\/post"}],"author":[{"embeddable":true,"href":"https:\/\/www2.comunitaria.com.br\/en\/wp-json\/wp\/v2\/users\/2"}],"replies":[{"embeddable":true,"href":"https:\/\/www2.comunitaria.com.br\/en\/wp-json\/wp\/v2\/comments?post=66764"}],"version-history":[{"count":0,"href":"https:\/\/www2.comunitaria.com.br\/en\/wp-json\/wp\/v2\/posts\/66764\/revisions"}],"wp:featuredmedia":[{"embeddable":true,"href":"https:\/\/www2.comunitaria.com.br\/en\/wp-json\/wp\/v2\/media\/66765"}],"wp:attachment":[{"href":"https:\/\/www2.comunitaria.com.br\/en\/wp-json\/wp\/v2\/media?parent=66764"}],"wp:term":[{"taxonomy":"category","embeddable":true,"href":"https:\/\/www2.comunitaria.com.br\/en\/wp-json\/wp\/v2\/categories?post=66764"},{"taxonomy":"post_tag","embeddable":true,"href":"https:\/\/www2.comunitaria.com.br\/en\/wp-json\/wp\/v2\/tags?post=66764"}],"curies":[{"name":"wp","href":"https:\/\/api.w.org\/{rel}","templated":true}]}}