{"id":66739,"date":"2024-11-05T14:26:51","date_gmt":"2024-11-05T16:26:51","guid":{"rendered":"https:\/\/www2.comunitaria.com.br\/?p=66739"},"modified":"2024-11-05T14:26:52","modified_gmt":"2024-11-05T16:26:52","slug":"conab-reune-setor-da-agricultura-para-tratar-sobre-contrato-de-opcao-de-venda-do-arroz-nacional","status":"publish","type":"post","link":"https:\/\/www2.comunitaria.com.br\/en\/conab-reune-setor-da-agricultura-para-tratar-sobre-contrato-de-opcao-de-venda-do-arroz-nacional\/","title":{"rendered":"Conab re\u00fane setor da agricultura para tratar sobre Contrato de Op\u00e7\u00e3o de Venda do arroz nacional"},"content":{"rendered":"<p dir=\"ltr\" style=\"text-align: justify;\">A Companhia Nacional de Abastecimento (Conab) realizou nesta segunda-feira (4) um encontro online com entidades e cooperativas que representam agricultores do Rio Grande do Sul. O objetivo foi esclarecer d\u00favidas sobre o Contrato de Op\u00e7\u00e3o de Venda que o governo federal anunciou para estimular a produ\u00e7\u00e3o de arroz no pa\u00eds. T\u00e9cnicos da estatal orientaram para o correto cadastramento no Sistema de Cadastro Nacional de Produtores Rurais e Demais Agentes (SICAN), o que \u00e9 obrigat\u00f3rio a quem desejar participar dos leil\u00f5es p\u00fablicos. Al\u00e9m disso, o presidente da Conab, Edegar Pretto, informou que ser\u00e3o liberados recursos para a compra de trigo atrav\u00e9s da pol\u00edtica de Aquisi\u00e7\u00e3o do Governo Federal (AGF). Os detalhes dessa opera\u00e7\u00e3o ser\u00e3o anunciados durante a semana.<\/p>\n<p dir=\"ltr\" style=\"text-align: justify;\">O Contrato de Op\u00e7\u00e3o de Venda \u00e9 uma modalidade de seguro de pre\u00e7os que d\u00e1 ao produtor rural ou \u00e0 sua cooperativa o direito, mas n\u00e3o a obriga\u00e7\u00e3o, de vender seu produto para o governo, em uma data futura, a um pre\u00e7o previamente fixado. A Conab receber\u00e1 cerca de R$ 1 bilh\u00e3o para a aquisi\u00e7\u00e3o de at\u00e9 500 mil toneladas de arroz longo fino em casca, tipos 1 e 2 da safra 2024\/25, por meio de contratos a serem ofertados em leil\u00f5es p\u00fablicos. O instrumento ser\u00e1 destinado aos agricultores e \u00e0s cooperativas.<\/p>\n<p dir=\"ltr\" style=\"text-align: justify;\">Conforme Pretto, a pol\u00edtica de Contrato de Op\u00e7\u00e3o de Venda refor\u00e7a a retomada da forma\u00e7\u00e3o dos estoques p\u00fablicos e o est\u00edmulo \u00e0 cadeia do arroz no pa\u00eds. \u201cEst\u00e1 nas prioridades do governo garantir que o produtor tenha seguran\u00e7a e incentivo. E tamb\u00e9m que o consumidor tenha o acesso facilitado aos produtos que fazem parte da alimenta\u00e7\u00e3o b\u00e1sica, como \u00e9 o caso do arroz\u201d, afirmou.<\/p>\n<p dir=\"ltr\"><em>Foto: Debora Beina\/Divulga\u00e7\u00e3o<a href=\"https:\/\/www2.comunitaria.com.br\/en\/conab-reune-setor-da-agricultura-para-tratar-sobre-contrato-de-opcao-de-venda-do-arroz-nacional\/foto-debora-beina-divulgacao\/\" rel=\"attachment wp-att-66740\"><img loading=\"lazy\" decoding=\"async\" class=\"aligncenter size-full wp-image-66740\" src=\"http:\/\/www2.comunitaria.com.br\/wp-content\/uploads\/2024\/11\/Foto-Debora-Beina-Divulgacao.jpeg\" alt=\"\" width=\"1680\" height=\"1121\" srcset=\"https:\/\/www2.comunitaria.com.br\/wp-content\/uploads\/2024\/11\/Foto-Debora-Beina-Divulgacao.jpeg 1680w, https:\/\/www2.comunitaria.com.br\/wp-content\/uploads\/2024\/11\/Foto-Debora-Beina-Divulgacao-300x200.jpeg 300w, https:\/\/www2.comunitaria.com.br\/wp-content\/uploads\/2024\/11\/Foto-Debora-Beina-Divulgacao-1024x683.jpeg 1024w, https:\/\/www2.comunitaria.com.br\/wp-content\/uploads\/2024\/11\/Foto-Debora-Beina-Divulgacao-768x512.jpeg 768w, https:\/\/www2.comunitaria.com.br\/wp-content\/uploads\/2024\/11\/Foto-Debora-Beina-Divulgacao-1536x1025.jpeg 1536w, https:\/\/www2.comunitaria.com.br\/wp-content\/uploads\/2024\/11\/Foto-Debora-Beina-Divulgacao-1200x801.jpeg 1200w\" sizes=\"auto, (max-width: 1680px) 100vw, 1680px\" \/><\/a><\/em><\/p>","protected":false},"excerpt":{"rendered":"<p>A Companhia Nacional de Abastecimento (Conab) realizou nesta segunda-feira (4) um encontro online com entidades e cooperativas que representam agricultores do Rio Grande do Sul. O objetivo foi esclarecer d\u00favidas&#8230;<\/p>","protected":false},"author":2,"featured_media":66740,"comment_status":"closed","ping_status":"closed","sticky":false,"template":"","format":"standard","meta":{"ngg_post_thumbnail":0,"footnotes":""},"categories":[6254,39,46,33],"tags":[4807],"class_list":["post-66739","post","type-post","status-publish","format-standard","has-post-thumbnail","hentry","category-agricultura","category-economia","category-estado","category-noticias","tag-conab"],"amp_enabled":true,"_links":{"self":[{"href":"https:\/\/www2.comunitaria.com.br\/en\/wp-json\/wp\/v2\/posts\/66739","targetHints":{"allow":["GET"]}}],"collection":[{"href":"https:\/\/www2.comunitaria.com.br\/en\/wp-json\/wp\/v2\/posts"}],"about":[{"href":"https:\/\/www2.comunitaria.com.br\/en\/wp-json\/wp\/v2\/types\/post"}],"author":[{"embeddable":true,"href":"https:\/\/www2.comunitaria.com.br\/en\/wp-json\/wp\/v2\/users\/2"}],"replies":[{"embeddable":true,"href":"https:\/\/www2.comunitaria.com.br\/en\/wp-json\/wp\/v2\/comments?post=66739"}],"version-history":[{"count":0,"href":"https:\/\/www2.comunitaria.com.br\/en\/wp-json\/wp\/v2\/posts\/66739\/revisions"}],"wp:featuredmedia":[{"embeddable":true,"href":"https:\/\/www2.comunitaria.com.br\/en\/wp-json\/wp\/v2\/media\/66740"}],"wp:attachment":[{"href":"https:\/\/www2.comunitaria.com.br\/en\/wp-json\/wp\/v2\/media?parent=66739"}],"wp:term":[{"taxonomy":"category","embeddable":true,"href":"https:\/\/www2.comunitaria.com.br\/en\/wp-json\/wp\/v2\/categories?post=66739"},{"taxonomy":"post_tag","embeddable":true,"href":"https:\/\/www2.comunitaria.com.br\/en\/wp-json\/wp\/v2\/tags?post=66739"}],"curies":[{"name":"wp","href":"https:\/\/api.w.org\/{rel}","templated":true}]}}