{"id":66721,"date":"2024-11-04T14:41:10","date_gmt":"2024-11-04T16:41:10","guid":{"rendered":"https:\/\/www2.comunitaria.com.br\/?p=66721"},"modified":"2024-11-04T14:41:10","modified_gmt":"2024-11-04T16:41:10","slug":"morre-quincy-jones-produtor-musical-de-michael-jackson-aos-91-anos","status":"publish","type":"post","link":"https:\/\/www2.comunitaria.com.br\/en\/morre-quincy-jones-produtor-musical-de-michael-jackson-aos-91-anos\/","title":{"rendered":"Morre Quincy Jones, produtor musical de Michael Jackson, aos 91 anos"},"content":{"rendered":"<p>O lend\u00e1rio produtor e compositor&nbsp;<strong>Quincy Jones<\/strong>&nbsp;morreu, aos 91 anos, no \u00faltimo domingo (3). O artista fez a partida em sua casa, em Bel Air, em Los Angeles, cercado por sua fam\u00edlia. Vencedor de 28 Grammys, ele trabalhou com grandes artistas, com destaque para&nbsp;<strong>Michael Jackson&nbsp;<\/strong>na produ\u00e7\u00e3o dos ic\u00f4nicos \u00e1lbuns&nbsp;<em>\u201cOff The Wall\u201d,&nbsp;<\/em><em>\u201cBad\u201d e \u201cThriller\u201d<\/em>, que ainda \u00e9 o disco mais vendido de todos os tempos.<\/p>\n<p>A informa\u00e7\u00e3o foi confirmada por um membro de sua equipe,&nbsp;&nbsp;<strong>Arnold Robinson<\/strong>, ao canal Sky News atrav\u00e9s de um comunicado.<\/p>\n<p>Sua fam\u00edlia afirmou que ele era&nbsp;<em>\u201cverdadeiramente \u00fanico\u201d<\/em>&nbsp;e que todos<em>&nbsp;\u201csentiriam muita falta\u201d.<\/em>&nbsp;Eles acrescentaram<em>: \u201cSentimos conforto e imenso orgulho em saber que o amor e a alegria, que eram a ess\u00eancia de seu ser, foram compartilhados com o mundo por meio de tudo o que ele criou. Por meio de sua m\u00fasica e de seu amor sem limites, o cora\u00e7\u00e3o de Quincy Jones bater\u00e1 pela eternidade.\u201d<\/em><\/p>\n<p>Em mais de 70 anos de carreira,&nbsp;<strong>Quincy Jones<\/strong>&nbsp;foi considerado um dos m\u00fasicos de jazz mais influentes do s\u00e9culo XX pela revista Time. Ele foi o respons\u00e1vel pela grava\u00e7\u00e3o do disco beneficente<em>&nbsp;\u201cWe Are The World\u201d<\/em>, de 1985, que foi dirigido por ele mesmo,&nbsp;<strong>Michael Jackson<\/strong>,&nbsp;<strong>Lionel Richie<\/strong>&nbsp;e o produtor&nbsp;<strong>Michael Omartian<\/strong>. Na ocasi\u00e3o, mais de 46 astros da m\u00fasica participaram, a fim de arrecadar fundos para o combate \u00e0 fome na Eti\u00f3pia.<\/p>\n<p><strong>Quincy Jones<\/strong>&nbsp;tamb\u00e9m comp\u00f4s a trilha sonora do filme brit\u00e2nico de sucesso \u201cThe Italian Job\u201d, de 1969, estrelado por&nbsp;<strong>Michael Caine<\/strong>, e produziu o&nbsp;filme \u201cA Cor P\u00farpura\u201d, que apresentou ao p\u00fablico&nbsp;<strong>Oprah Winfrey<\/strong>&nbsp;e&nbsp;<strong>Whoopi Goldberg<\/strong>. Ademais, foi um dos produtores do programa de TV de sucesso \u201cUm Maluco no Peda\u00e7o\u201d, com&nbsp;<strong>Will Smith<\/strong>.<\/p>\n<p>Ele deixa sete filhos, frutos de seus relacionamentos com&nbsp;<strong>Jeri Caldwell, Ulla Andersson&nbsp;<\/strong>e<strong>&nbsp;Peggy Lipton<\/strong>.<\/p>\n<p>&nbsp;<\/p>\n<p><em>Fonte: POPline<\/em><\/p>","protected":false},"excerpt":{"rendered":"<p>O lend\u00e1rio produtor e compositor&nbsp;Quincy Jones&nbsp;morreu, aos 91 anos, no \u00faltimo domingo (3). O artista fez a partida em sua casa, em Bel Air, em Los Angeles, cercado por sua&#8230;<\/p>","protected":false},"author":2,"featured_media":66722,"comment_status":"closed","ping_status":"closed","sticky":false,"template":"","format":"standard","meta":{"ngg_post_thumbnail":0,"footnotes":""},"categories":[3593,100,33],"tags":[3246],"class_list":["post-66721","post","type-post","status-publish","format-standard","has-post-thumbnail","hentry","category-cultura","category-musica","category-noticias","tag-produtor"],"amp_enabled":true,"_links":{"self":[{"href":"https:\/\/www2.comunitaria.com.br\/en\/wp-json\/wp\/v2\/posts\/66721","targetHints":{"allow":["GET"]}}],"collection":[{"href":"https:\/\/www2.comunitaria.com.br\/en\/wp-json\/wp\/v2\/posts"}],"about":[{"href":"https:\/\/www2.comunitaria.com.br\/en\/wp-json\/wp\/v2\/types\/post"}],"author":[{"embeddable":true,"href":"https:\/\/www2.comunitaria.com.br\/en\/wp-json\/wp\/v2\/users\/2"}],"replies":[{"embeddable":true,"href":"https:\/\/www2.comunitaria.com.br\/en\/wp-json\/wp\/v2\/comments?post=66721"}],"version-history":[{"count":0,"href":"https:\/\/www2.comunitaria.com.br\/en\/wp-json\/wp\/v2\/posts\/66721\/revisions"}],"wp:featuredmedia":[{"embeddable":true,"href":"https:\/\/www2.comunitaria.com.br\/en\/wp-json\/wp\/v2\/media\/66722"}],"wp:attachment":[{"href":"https:\/\/www2.comunitaria.com.br\/en\/wp-json\/wp\/v2\/media?parent=66721"}],"wp:term":[{"taxonomy":"category","embeddable":true,"href":"https:\/\/www2.comunitaria.com.br\/en\/wp-json\/wp\/v2\/categories?post=66721"},{"taxonomy":"post_tag","embeddable":true,"href":"https:\/\/www2.comunitaria.com.br\/en\/wp-json\/wp\/v2\/tags?post=66721"}],"curies":[{"name":"wp","href":"https:\/\/api.w.org\/{rel}","templated":true}]}}