{"id":66690,"date":"2024-11-01T12:50:56","date_gmt":"2024-11-01T14:50:56","guid":{"rendered":"https:\/\/www2.comunitaria.com.br\/?p=66690"},"modified":"2024-11-01T12:50:57","modified_gmt":"2024-11-01T14:50:57","slug":"posto-de-recrutamento-e-mobilizacao-promove-visita-de-orientacao-tecnica-na-junta-militar-de-fw","status":"publish","type":"post","link":"https:\/\/www2.comunitaria.com.br\/en\/posto-de-recrutamento-e-mobilizacao-promove-visita-de-orientacao-tecnica-na-junta-militar-de-fw\/","title":{"rendered":"Posto de Recrutamento e Mobiliza\u00e7\u00e3o promove Visita de Orienta\u00e7\u00e3o T\u00e9cnica na Junta Militar de FW"},"content":{"rendered":"<p style=\"text-align: justify;\">Ontem, quinta-feira (31), os representantes do Ex\u00e9rcito Brasileiro realizaram a Visita de Orienta\u00e7\u00e3o T\u00e9cnica (VOT) na Junta de Servi\u00e7o Militar de Frederico Westphalen. A inspe\u00e7\u00e3o tem como finalidade oportunizar ao Posto de Recrutamento e Mobiliza\u00e7\u00e3o (PRM) que acompanhe os processos que envolvem o \u00f3rg\u00e3o do munic\u00edpio.<\/p>\n<p style=\"text-align: justify;\">Na vistoria s\u00e3o analisados aspectos relacionados \u00e0 infraestrutura de atendimento ao cidad\u00e3o, a situa\u00e7\u00e3o da documenta\u00e7\u00e3o e materiais obrigat\u00f3rios. Al\u00e9m disso, verifica-se como \u00e9 feita a organiza\u00e7\u00e3o, a execu\u00e7\u00e3o, o controle e os registros dos dados dos cidad\u00e3os, bem como a troca de experi\u00eancias e orienta\u00e7\u00f5es em prol do Servi\u00e7o Militar.&nbsp;<\/p>\n<p><em>Fonte: Marina Oliveira\/Ascom Prefeitura FW<a href=\"https:\/\/www2.comunitaria.com.br\/en\/posto-de-recrutamento-e-mobilizacao-promove-visita-de-orientacao-tecnica-na-junta-militar-de-fw\/media_wpyho-8pva_t_f7lajrclubznjtpvls2\/\" rel=\"attachment wp-att-66691\"><img loading=\"lazy\" decoding=\"async\" class=\"aligncenter size-full wp-image-66691\" src=\"http:\/\/www2.comunitaria.com.br\/wp-content\/uploads\/2024\/11\/media_wpYHO-8pvA_t_f7LaJrCLUBZnJTpvLS2.jpeg\" alt=\"\" width=\"1299\" height=\"600\" srcset=\"https:\/\/www2.comunitaria.com.br\/wp-content\/uploads\/2024\/11\/media_wpYHO-8pvA_t_f7LaJrCLUBZnJTpvLS2.jpeg 1299w, https:\/\/www2.comunitaria.com.br\/wp-content\/uploads\/2024\/11\/media_wpYHO-8pvA_t_f7LaJrCLUBZnJTpvLS2-300x139.jpeg 300w, https:\/\/www2.comunitaria.com.br\/wp-content\/uploads\/2024\/11\/media_wpYHO-8pvA_t_f7LaJrCLUBZnJTpvLS2-1024x473.jpeg 1024w, https:\/\/www2.comunitaria.com.br\/wp-content\/uploads\/2024\/11\/media_wpYHO-8pvA_t_f7LaJrCLUBZnJTpvLS2-768x355.jpeg 768w, https:\/\/www2.comunitaria.com.br\/wp-content\/uploads\/2024\/11\/media_wpYHO-8pvA_t_f7LaJrCLUBZnJTpvLS2-1200x554.jpeg 1200w\" sizes=\"auto, (max-width: 1299px) 100vw, 1299px\" \/><\/a><\/em><\/p>\n<p><em>Foto: Divulga\u00e7\u00e3o<\/em><\/p>","protected":false},"excerpt":{"rendered":"<p>Ontem, quinta-feira (31), os representantes do Ex\u00e9rcito Brasileiro realizaram a Visita de Orienta\u00e7\u00e3o T\u00e9cnica (VOT) na Junta de Servi\u00e7o Militar de Frederico Westphalen. A inspe\u00e7\u00e3o tem como finalidade oportunizar ao&#8230;<\/p>","protected":false},"author":2,"featured_media":66691,"comment_status":"closed","ping_status":"closed","sticky":false,"template":"","format":"standard","meta":{"ngg_post_thumbnail":0,"footnotes":""},"categories":[42,33],"tags":[6929],"class_list":["post-66690","post","type-post","status-publish","format-standard","has-post-thumbnail","hentry","category-fred-west","category-noticias","tag-junta-militar-de-fw"],"amp_enabled":true,"_links":{"self":[{"href":"https:\/\/www2.comunitaria.com.br\/en\/wp-json\/wp\/v2\/posts\/66690","targetHints":{"allow":["GET"]}}],"collection":[{"href":"https:\/\/www2.comunitaria.com.br\/en\/wp-json\/wp\/v2\/posts"}],"about":[{"href":"https:\/\/www2.comunitaria.com.br\/en\/wp-json\/wp\/v2\/types\/post"}],"author":[{"embeddable":true,"href":"https:\/\/www2.comunitaria.com.br\/en\/wp-json\/wp\/v2\/users\/2"}],"replies":[{"embeddable":true,"href":"https:\/\/www2.comunitaria.com.br\/en\/wp-json\/wp\/v2\/comments?post=66690"}],"version-history":[{"count":0,"href":"https:\/\/www2.comunitaria.com.br\/en\/wp-json\/wp\/v2\/posts\/66690\/revisions"}],"wp:featuredmedia":[{"embeddable":true,"href":"https:\/\/www2.comunitaria.com.br\/en\/wp-json\/wp\/v2\/media\/66691"}],"wp:attachment":[{"href":"https:\/\/www2.comunitaria.com.br\/en\/wp-json\/wp\/v2\/media?parent=66690"}],"wp:term":[{"taxonomy":"category","embeddable":true,"href":"https:\/\/www2.comunitaria.com.br\/en\/wp-json\/wp\/v2\/categories?post=66690"},{"taxonomy":"post_tag","embeddable":true,"href":"https:\/\/www2.comunitaria.com.br\/en\/wp-json\/wp\/v2\/tags?post=66690"}],"curies":[{"name":"wp","href":"https:\/\/api.w.org\/{rel}","templated":true}]}}