{"id":66686,"date":"2024-11-01T12:39:59","date_gmt":"2024-11-01T14:39:59","guid":{"rendered":"https:\/\/www2.comunitaria.com.br\/?p=66686"},"modified":"2024-11-01T12:40:01","modified_gmt":"2024-11-01T14:40:01","slug":"quatro-transportadores-sao-condenados-por-adulteracao-de-leite-com-soda-caustica-no-noroeste-do-rs","status":"publish","type":"post","link":"https:\/\/www2.comunitaria.com.br\/en\/quatro-transportadores-sao-condenados-por-adulteracao-de-leite-com-soda-caustica-no-noroeste-do-rs\/","title":{"rendered":"Quatro transportadores s\u00e3o condenados por adultera\u00e7\u00e3o de leite com soda c\u00e1ustica no Noroeste do RS"},"content":{"rendered":"<p style=\"text-align: justify;\">O Minist\u00e9rio P\u00fablico do Rio Grande do Sul (MPRS) obteve a condena\u00e7\u00e3o de quatro transportadores denunciados por adultera\u00e7\u00e3o de leite com soda c\u00e1ustica e participa\u00e7\u00e3o em associa\u00e7\u00e3o criminosa. As penas, que ultrapassam 10 anos de pris\u00e3o para cada um dos envolvidos, s\u00e3o resultado da Opera\u00e7\u00e3o Leite Compen$ado 3, realizada em novembro de 2013 em Tr\u00eas de Maio, no Noroeste do Estado.<\/p>\n<p style=\"text-align: justify;\">O l\u00edder do grupo criminoso, preso na \u00e9poca por porte ilegal de arma de fogo, foi sentenciado a 12 anos, cinco meses e 10 dias de pris\u00e3o. Sua esposa e dois sobrinhos, que tamb\u00e9m participavam do esquema, receberam penas de 10 anos e oito meses cada. O cumprimento das senten\u00e7as ser\u00e1 em regime fechado, mas todos poder\u00e3o recorrer em liberdade.<\/p>\n<p style=\"text-align: justify;\">O promotor de Justi\u00e7a Mauro Rockenbach, da Promotoria Especializada Criminal de Porto Alegre, elogiou a senten\u00e7a, mas ressaltou a preocupa\u00e7\u00e3o com a lentid\u00e3o no julgamento dos processos da s\u00e9rie de opera\u00e7\u00f5es Leite Compen$ado. Dos 31 processos instaurados, 12 ainda est\u00e3o em tramita\u00e7\u00e3o, incluindo o de um reincidente apelidado de \u201calquimista do leite\u201d, condenado pelos mesmos crimes em 2006 e que ainda n\u00e3o cumpriu pena.<\/p>\n<p style=\"text-align: justify;\">A opera\u00e7\u00e3o foi conduzida em conjunto com promotores da \u00e1rea de Defesa do Consumidor, t\u00e9cnicos do Minist\u00e9rio da Agricultura e a Receita Estadual. Durante a investiga\u00e7\u00e3o, foram apreendidos grandes volumes de produtos qu\u00edmicos como soda c\u00e1ustica e \u00e1gua oxigenada, al\u00e9m de um rev\u00f3lver e notas fiscais que comprovavam a aquisi\u00e7\u00e3o de subst\u00e2ncias adulterantes.<\/p>\n<p style=\"text-align: justify;\"><em>Fonte: LA+<a href=\"https:\/\/www2.comunitaria.com.br\/en\/quatro-transportadores-sao-condenados-por-adulteracao-de-leite-com-soda-caustica-no-noroeste-do-rs\/85826d86ed309d7905959c89f843e395\/\" rel=\"attachment wp-att-66687\"><img loading=\"lazy\" decoding=\"async\" class=\"aligncenter size-full wp-image-66687\" src=\"http:\/\/www2.comunitaria.com.br\/wp-content\/uploads\/2024\/11\/85826d86ed309d7905959c89f843e395.jpeg\" alt=\"\" width=\"1100\" height=\"890\" srcset=\"https:\/\/www2.comunitaria.com.br\/wp-content\/uploads\/2024\/11\/85826d86ed309d7905959c89f843e395.jpeg 1100w, https:\/\/www2.comunitaria.com.br\/wp-content\/uploads\/2024\/11\/85826d86ed309d7905959c89f843e395-300x243.jpeg 300w, https:\/\/www2.comunitaria.com.br\/wp-content\/uploads\/2024\/11\/85826d86ed309d7905959c89f843e395-1024x829.jpeg 1024w, https:\/\/www2.comunitaria.com.br\/wp-content\/uploads\/2024\/11\/85826d86ed309d7905959c89f843e395-768x621.jpeg 768w\" sizes=\"auto, (max-width: 1100px) 100vw, 1100px\" \/><\/a><\/em><\/p>","protected":false},"excerpt":{"rendered":"<p>O Minist\u00e9rio P\u00fablico do Rio Grande do Sul (MPRS) obteve a condena\u00e7\u00e3o de quatro transportadores denunciados por adultera\u00e7\u00e3o de leite com soda c\u00e1ustica e participa\u00e7\u00e3o em associa\u00e7\u00e3o criminosa. As penas,&#8230;<\/p>","protected":false},"author":2,"featured_media":66687,"comment_status":"closed","ping_status":"closed","sticky":false,"template":"","format":"standard","meta":{"ngg_post_thumbnail":0,"footnotes":""},"categories":[28,33,43,45],"tags":[6928],"class_list":["post-66686","post","type-post","status-publish","format-standard","has-post-thumbnail","hentry","category-destaque","category-noticias","category-regiao","category-rural","tag-tres-de-maio"],"amp_enabled":true,"_links":{"self":[{"href":"https:\/\/www2.comunitaria.com.br\/en\/wp-json\/wp\/v2\/posts\/66686","targetHints":{"allow":["GET"]}}],"collection":[{"href":"https:\/\/www2.comunitaria.com.br\/en\/wp-json\/wp\/v2\/posts"}],"about":[{"href":"https:\/\/www2.comunitaria.com.br\/en\/wp-json\/wp\/v2\/types\/post"}],"author":[{"embeddable":true,"href":"https:\/\/www2.comunitaria.com.br\/en\/wp-json\/wp\/v2\/users\/2"}],"replies":[{"embeddable":true,"href":"https:\/\/www2.comunitaria.com.br\/en\/wp-json\/wp\/v2\/comments?post=66686"}],"version-history":[{"count":0,"href":"https:\/\/www2.comunitaria.com.br\/en\/wp-json\/wp\/v2\/posts\/66686\/revisions"}],"wp:featuredmedia":[{"embeddable":true,"href":"https:\/\/www2.comunitaria.com.br\/en\/wp-json\/wp\/v2\/media\/66687"}],"wp:attachment":[{"href":"https:\/\/www2.comunitaria.com.br\/en\/wp-json\/wp\/v2\/media?parent=66686"}],"wp:term":[{"taxonomy":"category","embeddable":true,"href":"https:\/\/www2.comunitaria.com.br\/en\/wp-json\/wp\/v2\/categories?post=66686"},{"taxonomy":"post_tag","embeddable":true,"href":"https:\/\/www2.comunitaria.com.br\/en\/wp-json\/wp\/v2\/tags?post=66686"}],"curies":[{"name":"wp","href":"https:\/\/api.w.org\/{rel}","templated":true}]}}