{"id":66632,"date":"2024-10-29T14:13:34","date_gmt":"2024-10-29T16:13:34","guid":{"rendered":"https:\/\/www2.comunitaria.com.br\/?p=66632"},"modified":"2024-10-29T14:19:12","modified_gmt":"2024-10-29T16:19:12","slug":"bastidores-como-bola-de-ouro-foi-de-vinicius-jr-favorito-ao-boicote-do-real-madrid","status":"publish","type":"post","link":"https:\/\/www2.comunitaria.com.br\/en\/bastidores-como-bola-de-ouro-foi-de-vinicius-jr-favorito-ao-boicote-do-real-madrid\/","title":{"rendered":"Bastidores: como Bola de Ouro foi de Vinicius Jr. favorito ao boicote do Real Madrid"},"content":{"rendered":"<p>Era in\u00edcio de tarde em Madri, capital da Espanha, quando&nbsp;<strong>Vinicius Jr.<\/strong>&nbsp;<strong>soube que n\u00e3o viajaria a Paris, na Fran\u00e7a, para a cerim\u00f4nia da Bola de Ouro<\/strong>, no&nbsp;<em>Th\u00e9\u00e2tre du Ch\u00e2telet<\/em>, nesta segunda-feira (28). O brasileiro embarcaria em um avi\u00e3o fretado pelo&nbsp;<strong>Real Madrid<\/strong>, junto com a delega\u00e7\u00e3o madridista, mas o clube decidiu n\u00e3o enviar ningu\u00e9m ao evento.<\/p>\n<p>As primeiras informa\u00e7\u00f5es sobre a Bola de Ouro para&nbsp;<strong>Rodri<\/strong>, meio-campista da&nbsp;<strong>Espanha<\/strong>&nbsp;e do&nbsp;<strong>Manchester City<\/strong>, come\u00e7aram a surgir logo pela manh\u00e3 na capital francesa. O jogador teria, inclusive, feito sess\u00e3o de fotos com a&nbsp;<em>France Football<\/em>&nbsp;no dia anterior, algo relatado por fontes \u00e0&nbsp;<em><strong>ESPN&nbsp;<\/strong><\/em>e desmentido pela revista ao estafe de Vinicius Jr.<\/p>\n<p>\u00c0 medida que as horas avan\u00e7avam, no entanto, fontes ligadas ao clube e ao atacante brasileiro confirmavam o pessimismo em rela\u00e7\u00e3o \u00e0 premia\u00e7\u00e3o. Pego de surpresa, o Real Madrid tomou a decis\u00e3o final de boicotar o evento.<\/p>\n<p>Uma fonte do clube ouvida pela&nbsp;<em><strong>ESPN&nbsp;<\/strong><\/em>afirmou que a decis\u00e3o de n\u00e3o premiar Vinicius \u00e9 \u201cinjusta\u201d e \u201cvergonhosa\u201d. N\u00e3o ir ao pr\u00eamio foi realmente uma forma de protesto a algo que o Real considerou um \u201croubo hist\u00f3rico\u201d.<\/p>\n<p>Enquanto os convidados desembarcavam de luxuosos autom\u00f3veis, em frente ao&nbsp;<em>Th\u00e9\u00e2tre du Ch\u00e2telet&nbsp;<\/em>dezenas de torcedores, alguns com a camisa do Real Madrid e outros com a imagem do brasileiro em tablets, gritavam &#8220;Vinicius Bola de Ouro&#8221;.<\/p>\n<p>Na hora do an\u00fancio de Rodri, a cena se repetiu. Muitos exclamavam o nome do brasileiro enquanto o ex-atacante George Weah se preparava para dizer o vencedor.<\/p>\n<p>Ele e seu estafe apenas acataram a determina\u00e7\u00e3o do Real Madrid, de que ningu\u00e9m do clube viajaria a Paris. Souberam tamb\u00e9m pelo clube que Rodri seria o vencedor. Nada veio diretamente da organiza\u00e7\u00e3o da&nbsp;<em>France Football<\/em>.<\/p>\n<p>O atacante brasileiro n\u00e3o era o \u00fanico representante do Real Madrid no principal pr\u00eamio da noite, que tinha tamb\u00e9m&nbsp;<strong>Jude Bellingham<\/strong>, Dani Carvajal,&nbsp;<strong>Kylian Mbapp\u00e9<\/strong>, Antonio R\u00fcdiger e Federico Valverde na disputa. Andriy Lunin ainda concorria como melhor goleiro; Arda G\u00fcler ao Trof\u00e9u Kopa; e Carlo Ancelotti, como treinador.<\/p>\n<p>O Real Madrid levou o pr\u00eamio de melhor clube do futebol masculino na temporada 2023\/24. Ningu\u00e9m subiu ao palco para receber o trof\u00e9u das m\u00e3os de Didier Drogba. A organiza\u00e7\u00e3o rapidamente mudou de tema. Aconteceu o mesmo quando Ancelotti foi anunciado o melhor t\u00e9cnico, em um momento que apenas Drogba, seu jogador nos tempos de&nbsp;<strong>Chelsea<\/strong>, lamentou a impossibilidade de encontrar o ex-chefe.<\/p>\n<p>Para a equipe espanhola, s\u00f3 seria aceit\u00e1vel a Bola de Ouro n\u00e3o ir para Vinicius Jr. caso o escolhido fosse Carvajal, que, al\u00e9m do t\u00edtulo da&nbsp;<strong>Champions League<\/strong>&nbsp;e de&nbsp;<strong>LALIGA<\/strong>, tamb\u00e9m foi campe\u00e3o da Eurocopa com a Espanha, assim como Rodri.<\/p>\n<p>Vinicius Jr. era visto como favorito \u00e0 Bola de Ouro, ap\u00f3s ser campe\u00e3o de LALIGA e da Champions League na \u00faltima temporada, com papel decisivo em ambas.<\/p>\n<p>Foram&nbsp;<strong>15&nbsp;<\/strong>gols do brasileiro no Campeonato Espanhol, al\u00e9m de&nbsp;<strong>seis&nbsp;<\/strong>na campanha europeia, incluindo tentos na semifinal contra o&nbsp;<strong>Bayern de Munique<\/strong>&nbsp;e na decis\u00e3o contra o&nbsp;<strong>Borussia Dortmund<\/strong>.<\/p>\n<p>Rodri, por sua vez, ganhou a&nbsp;<strong>Premier League<\/strong>, o&nbsp;<strong>Mundial de Clubes<\/strong>&nbsp;e a&nbsp;<strong>Supercopa da Uefa<\/strong>&nbsp;com os&nbsp;<em>Citizens<\/em>, al\u00e9m da Euro com a Espanha.<\/p>\n<p>O crit\u00e9rio de vota\u00e7\u00e3o da Bola de Ouro \u00e9 o seguinte: um painel de especialistas define&nbsp;<strong>30&nbsp;<\/strong>finalistas, em lista que \u00e9 submetida \u00e0 avalia\u00e7\u00e3o de&nbsp;<strong>100&nbsp;<\/strong>jornalistas, dos pa\u00edses com melhor posi\u00e7\u00e3o no ranking da Fifa (entre as mulheres, esse n\u00famero cai para&nbsp;<strong>50<\/strong>).<\/p>\n<p>&nbsp;<\/p>\n<p><em>Fonte: ESPN<\/em><\/p>","protected":false},"excerpt":{"rendered":"<p>Era in\u00edcio de tarde em Madri, capital da Espanha, quando&nbsp;Vinicius Jr.&nbsp;soube que n\u00e3o viajaria a Paris, na Fran\u00e7a, para a cerim\u00f4nia da Bola de Ouro, no&nbsp;Th\u00e9\u00e2tre du Ch\u00e2telet, nesta segunda-feira&#8230;<\/p>","protected":false},"author":2,"featured_media":0,"comment_status":"closed","ping_status":"closed","sticky":false,"template":"","format":"standard","meta":{"ngg_post_thumbnail":0,"footnotes":""},"categories":[34,6172,33],"tags":[4636,6287],"class_list":["post-66632","post","type-post","status-publish","format-standard","hentry","category-esportes","category-mundo","category-noticias","tag-racismo","tag-vini-jr"],"amp_enabled":true,"_links":{"self":[{"href":"https:\/\/www2.comunitaria.com.br\/en\/wp-json\/wp\/v2\/posts\/66632","targetHints":{"allow":["GET"]}}],"collection":[{"href":"https:\/\/www2.comunitaria.com.br\/en\/wp-json\/wp\/v2\/posts"}],"about":[{"href":"https:\/\/www2.comunitaria.com.br\/en\/wp-json\/wp\/v2\/types\/post"}],"author":[{"embeddable":true,"href":"https:\/\/www2.comunitaria.com.br\/en\/wp-json\/wp\/v2\/users\/2"}],"replies":[{"embeddable":true,"href":"https:\/\/www2.comunitaria.com.br\/en\/wp-json\/wp\/v2\/comments?post=66632"}],"version-history":[{"count":0,"href":"https:\/\/www2.comunitaria.com.br\/en\/wp-json\/wp\/v2\/posts\/66632\/revisions"}],"wp:attachment":[{"href":"https:\/\/www2.comunitaria.com.br\/en\/wp-json\/wp\/v2\/media?parent=66632"}],"wp:term":[{"taxonomy":"category","embeddable":true,"href":"https:\/\/www2.comunitaria.com.br\/en\/wp-json\/wp\/v2\/categories?post=66632"},{"taxonomy":"post_tag","embeddable":true,"href":"https:\/\/www2.comunitaria.com.br\/en\/wp-json\/wp\/v2\/tags?post=66632"}],"curies":[{"name":"wp","href":"https:\/\/api.w.org\/{rel}","templated":true}]}}