{"id":66583,"date":"2024-10-28T09:29:52","date_gmt":"2024-10-28T11:29:52","guid":{"rendered":"https:\/\/www2.comunitaria.com.br\/?p=66583"},"modified":"2024-10-28T09:29:53","modified_gmt":"2024-10-28T11:29:53","slug":"semana-tera-predominio-de-tempo-firme-e-temperatura-em-elevacao-em-grande-parte-do-rs","status":"publish","type":"post","link":"https:\/\/www2.comunitaria.com.br\/en\/semana-tera-predominio-de-tempo-firme-e-temperatura-em-elevacao-em-grande-parte-do-rs\/","title":{"rendered":"Semana ter\u00e1 predom\u00ednio de tempo firme e temperatura em eleva\u00e7\u00e3o em grande parte do RS"},"content":{"rendered":"<div class=\"article-paragraph\">\n<p>A \u00faltima semana de outubro ser\u00e1 marcada pelo predom\u00ednio de tempo firme e temperatura em eleva\u00e7\u00e3o em grande parte do Rio Grande do Sul. A instabilidade deve retornar em algumas regi\u00f5es na ter\u00e7a-feira (29), mas n\u00e3o h\u00e1 previs\u00e3o de chuva volumosa. Na sexta (1\u00ba), os term\u00f4metros podem se aproximar dos 30\u00b0C em determinados munic\u00edpios.<\/p>\n<\/div>\n<div class=\"article-paragraph\">\n<p>De acordo com a Climatempo,<strong>&nbsp;a instabilidade voltar\u00e1 a atuar no Noroeste e no Norte, al\u00e9m de partes da Serra e da Regi\u00e3o das Miss\u00f5es j\u00e1 na segunda-feira (28)<\/strong>. A previs\u00e3o indica a possibilidade de pancadas de chuva isolada. Entretanto, Murilo Lopes, meteorologista da Universidade Federal de Santa Maria (UFSM), aponta que essa chance \u00e9 muito baixa.<\/p>\n<\/div>\n<div class=\"article-paragraph\">\n<p>Nas demais regi\u00f5es do Estado, a segunda ter\u00e1 predom\u00ednio de tempo est\u00e1vel.&nbsp;<strong>As m\u00ednimas ainda estar\u00e3o mais baixas no amanhecer<\/strong>&nbsp;\u2014 pouco acima de 10\u00b0C \u2014, mas a temperatura come\u00e7a a subir de forma gradual com o passar das horas. Conforme Lopes, munic\u00edpios do Noroeste podem registrar m\u00e1ximas entre 28\u00b0C e 29\u00b0C.&nbsp;<strong>Em Porto Alegre, os term\u00f4metros devem variar entre 13\u00b0C e 27\u00b0C.<\/strong><\/p>\n<div class=\"article-paragraph\">\n<p>Na ter\u00e7a-feira (29), a instabilidade deve atingir as regi\u00f5es Metropolitana, Leste, Litoral Norte e Serra.&nbsp;<strong>O meteorologista comenta, contudo, que a chuva n\u00e3o ser\u00e1 volumosa<\/strong>, apesar de ser persistente, aparecendo a qualquer hora do dia:<\/p>\n<\/div>\n<div class=\"article-paragraph\">\n<p>\u2014 Isso ocorre devido a uma \u00e1rea de baixa press\u00e3o, que estar\u00e1 localizada entre o Rio Grande do Sul e Santa Catarina. Ficar\u00e1 na costa dos dois Estados, por isso o tempo inst\u00e1vel fica bem restrito.<\/p>\n<\/div>\n<div class=\"article-paragraph\">\n<p>A Climatempo aponta que, na Serra, haver\u00e1 condi\u00e7\u00f5es para a forma\u00e7\u00e3o de nuvens carregadas sobre algumas \u00e1reas a partir da tarde, o que pode resultar em pancadas de chuva localizadas com raios. De toda forma, o dia deve amanhecer com predom\u00ednio de sol entre nuvens e os term\u00f4metros apresentam eleva\u00e7\u00e3o gradual, fazendo com que, aos poucos, a sensa\u00e7\u00e3o de calor sobre a regi\u00e3o retorne.<\/p>\n<\/div>\n<div class=\"article-paragraph\">\n<p>Apesar da chuva, Lopes afirma que a&nbsp;<strong>sensa\u00e7\u00e3o de abafamento deve permanecer em todo o Estado.<\/strong><\/p>\n<\/div>\n<div class=\"article-paragraph\">\n<p>\u2014 A instabilidade deve se manter at\u00e9 a manh\u00e3 de quarta-feira (30), mas a chuva \u00e9 fraca e ocorre de maneira r\u00e1pida. De tarde, alivia a condi\u00e7\u00e3o de instabilidade e o tempo come\u00e7a a firmar \u2014 projeta o meteorologista.<\/p>\n<\/div>\n<div class=\"article-paragraph\">\n<p>Segundo a Climatempo, h\u00e1 chance de pancadas de chuva isoladas no Norte, Nordeste, Serra, Vales, Regi\u00e3o Metropolitana, Sudeste, Leste e Litoral. No Oeste e nas Miss\u00f5es, o tempo permanecer\u00e1 firme, com sol aparecendo entre algumas varia\u00e7\u00f5es de nebulosidade. A temperatura sobre durante a tarde e a sensa\u00e7\u00e3o de calor ser\u00e1 especialmente sobre a metade oeste do RS.<\/p>\n<\/div>\n<div class=\"article-paragraph\">\n<h2>Calor\u00e3o<\/h2>\n<\/div>\n<div class=\"article-paragraph\">\n<p>Na quinta (31) e na sexta-feira (1\u00b0), as m\u00e1ximas ficar\u00e3o mais altas no Oeste, no Centro e na Campanha. Os term\u00f4metros devem chegar perto dos 30\u00b0C nas cidades de Santa Maria, Uruguaiana e Santa Rosa, al\u00e9m de alguns munic\u00edpios da Regi\u00e3o Metropolitana e dos Vales.<\/p>\n<\/div>\n<div class=\"article-paragraph\">\n<p>\u2014 Mas teremos vento soprando de Leste, o que deve segurar a eleva\u00e7\u00e3o da temperatura nas \u00e1reas litor\u00e2neas.&nbsp;<strong>O ar mais \u00famido do mar \u00e9 o que impede a eleva\u00e7\u00e3o abrupta dos term\u00f4metros no Litoral&nbsp;<\/strong>\u2014 explica o meteorologista.<\/p>\n<\/div>\n<div class=\"article-paragraph\">\n<p>No entanto, na sexta, h\u00e1 perspectiva de \u00e1reas de instabilidade no norte da Argentina, o que pode trazer pancadas de chuva para a regi\u00e3o da Fronteira Oeste. Munic\u00edpios como Quara\u00ed e S\u00e3o Borja poder\u00e3o sentir esse impacto. A tend\u00eancia \u00e9 de que, no s\u00e1bado (2), a instabilidade avance para outras partes do RS.<\/p>\n<p><em>Fonte: GZH<\/em><\/p>\n<p><em>Foto: Renan Mattos\/Ag\u00eancia RBS<a href=\"https:\/\/www2.comunitaria.com.br\/en\/semana-tera-predominio-de-tempo-firme-e-temperatura-em-elevacao-em-grande-parte-do-rs\/5056364_ab7ad44ae2a419b\/\" rel=\"attachment wp-att-66584\"><img loading=\"lazy\" decoding=\"async\" class=\"aligncenter size-full wp-image-66584\" src=\"http:\/\/www2.comunitaria.com.br\/wp-content\/uploads\/2024\/10\/5056364_ab7ad44ae2a419b.jpg\" alt=\"\" width=\"600\" height=\"400\" srcset=\"https:\/\/www2.comunitaria.com.br\/wp-content\/uploads\/2024\/10\/5056364_ab7ad44ae2a419b.jpg 600w, https:\/\/www2.comunitaria.com.br\/wp-content\/uploads\/2024\/10\/5056364_ab7ad44ae2a419b-300x200.jpg 300w\" sizes=\"auto, (max-width: 600px) 100vw, 600px\" \/><\/a><\/em><\/p>\n<\/div>\n<\/div>","protected":false},"excerpt":{"rendered":"<p>A \u00faltima semana de outubro ser\u00e1 marcada pelo predom\u00ednio de tempo firme e temperatura em eleva\u00e7\u00e3o em grande parte do Rio Grande do Sul. A instabilidade deve retornar em algumas&#8230;<\/p>","protected":false},"author":2,"featured_media":66584,"comment_status":"closed","ping_status":"closed","sticky":false,"template":"","format":"standard","meta":{"ngg_post_thumbnail":0,"footnotes":""},"categories":[46,42,28,33,43],"tags":[179],"class_list":["post-66583","post","type-post","status-publish","format-standard","has-post-thumbnail","hentry","category-estado","category-fred-west","category-destaque","category-noticias","category-regiao","tag-previsao-do-tempo-2"],"amp_enabled":true,"_links":{"self":[{"href":"https:\/\/www2.comunitaria.com.br\/en\/wp-json\/wp\/v2\/posts\/66583","targetHints":{"allow":["GET"]}}],"collection":[{"href":"https:\/\/www2.comunitaria.com.br\/en\/wp-json\/wp\/v2\/posts"}],"about":[{"href":"https:\/\/www2.comunitaria.com.br\/en\/wp-json\/wp\/v2\/types\/post"}],"author":[{"embeddable":true,"href":"https:\/\/www2.comunitaria.com.br\/en\/wp-json\/wp\/v2\/users\/2"}],"replies":[{"embeddable":true,"href":"https:\/\/www2.comunitaria.com.br\/en\/wp-json\/wp\/v2\/comments?post=66583"}],"version-history":[{"count":0,"href":"https:\/\/www2.comunitaria.com.br\/en\/wp-json\/wp\/v2\/posts\/66583\/revisions"}],"wp:featuredmedia":[{"embeddable":true,"href":"https:\/\/www2.comunitaria.com.br\/en\/wp-json\/wp\/v2\/media\/66584"}],"wp:attachment":[{"href":"https:\/\/www2.comunitaria.com.br\/en\/wp-json\/wp\/v2\/media?parent=66583"}],"wp:term":[{"taxonomy":"category","embeddable":true,"href":"https:\/\/www2.comunitaria.com.br\/en\/wp-json\/wp\/v2\/categories?post=66583"},{"taxonomy":"post_tag","embeddable":true,"href":"https:\/\/www2.comunitaria.com.br\/en\/wp-json\/wp\/v2\/tags?post=66583"}],"curies":[{"name":"wp","href":"https:\/\/api.w.org\/{rel}","templated":true}]}}