{"id":65869,"date":"2024-10-25T12:31:23","date_gmt":"2024-10-25T14:31:23","guid":{"rendered":"https:\/\/www2.comunitaria.com.br\/?p=65869"},"modified":"2024-10-25T12:31:24","modified_gmt":"2024-10-25T14:31:24","slug":"pela-1a-vez-ha-mais-mulheres-no-comando-da-casa-do-que-como-esposa-do-responsavel-diz-censo","status":"publish","type":"post","link":"https:\/\/www2.comunitaria.com.br\/en\/pela-1a-vez-ha-mais-mulheres-no-comando-da-casa-do-que-como-esposa-do-responsavel-diz-censo\/","title":{"rendered":"Pela 1\u00aa vez, h\u00e1 mais mulheres no comando da casa do que como esposa do respons\u00e1vel, diz Censo"},"content":{"rendered":"<div id=\"chunk-2ce5f\">\n<div class=\"mc-column content-text active-extra-styles active-capital-letter\" data-block-type=\"unstyled\" data-block-weight=\"42\" data-block-id=\"3\">\n<p class=\" content-text__container theme-color-primary-first-letter\" style=\"text-align: justify;\" data-track-category=\"Link no Texto\" data-track-links=\"\" data-mrf-recirculation=\"Article links\">Pela primeira vez, h\u00e1 mais mulheres na posi\u00e7\u00e3o de<strong>&nbsp;comando das casas brasileiras<\/strong>&nbsp;do que como&nbsp;<strong>esposa do respons\u00e1vel<\/strong>, revelam os novos dados do Censo 2022 sobre composi\u00e7\u00e3o familiar, divulgados nesta sexta-feira (25) pelo Instituto Brasileiro de Geografia e Estat\u00edstica (IBGE).<\/p>\n<\/div>\n<\/div>\n<div class=\"wall protected-content\">\n<div id=\"chunk-8so71\">\n<div class=\"mc-column content-text active-extra-styles \" data-block-type=\"unstyled\" data-block-weight=\"36\" data-block-id=\"4\">\n<p class=\" content-text__container \" style=\"text-align: justify;\" data-track-category=\"Link no Texto\" data-track-links=\"\" data-mrf-recirculation=\"Article links\">\ud83d\udcc8 Entre as mulheres, 34,1% s\u00e3o as respons\u00e1veis da casa, e 25% foram apontadas como c\u00f4njuge ou companheira. O Censo de 2010 mostrava outro cen\u00e1rio: 22,9% eram as respons\u00e1veis, e 29,7%, as c\u00f4njuges ou companheiras.<\/p>\n<p style=\"text-align: justify;\" data-track-category=\"Link no Texto\" data-track-links=\"\" data-mrf-recirculation=\"Article links\">\ud83d\udcccCom isso, a fatia de lares comandados por mulheres cresceu e passou a ser praticamente igual \u00e0 dos comandados por homens: em 2010, 39% dos lares tinham elas como respons\u00e1veis. Agora, s\u00e3o 49%. Os homens, que respondiam por 61%, agora est\u00e3o \u00e0 frente de 51%.<\/p>\n<p style=\"text-align: justify;\" data-track-category=\"Link no Texto\" data-track-links=\"\" data-mrf-recirculation=\"Article links\">\u25b6\ufe0f Para M\u00e1rcio Minamiguchi, gerente de Estimativas e Proje\u00e7\u00f5es de Popula\u00e7\u00e3o do IBGE, isso \u00e9 resultado de uma combina\u00e7\u00e3o de fatores que v\u00eam mudando ao longo do tempo.<\/p>\n<p style=\"text-align: justify;\" data-track-category=\"Link no Texto\" data-track-links=\"\" data-mrf-recirculation=\"Article links\"><em>&#8220;O aumento da independ\u00eancia econ\u00f4mica das mulheres, a maior presen\u00e7a no mercado de trabalho e o aumento da renda contribuem para essa quest\u00e3o de identifica\u00e7\u00e3o como respons\u00e1veis [da casa]&#8221;<\/em>, afirma o especialista.<\/p>\n<div id=\"chunk-du83b\" style=\"text-align: justify;\">\n<div class=\"mc-column content-text active-extra-styles \" data-block-type=\"unstyled\" data-block-weight=\"18\" data-block-id=\"10\">\n<p class=\" content-text__container \" data-track-category=\"Link no Texto\" data-track-links=\"\" data-mrf-recirculation=\"Article links\">\ud83d\udcdd Em 10 estados do pa\u00eds, 8 deles do Nordeste, as mulheres comandam mais da metade das casas.<\/p>\n<\/div>\n<\/div>\n<div id=\"chunk-4oo7i\">\n<div class=\"mc-column content-text active-extra-styles \" data-block-type=\"unstyled\" data-block-weight=\"46\" data-block-id=\"11\">\n<p class=\" content-text__container \" style=\"text-align: justify;\" data-track-category=\"Link no Texto\" data-track-links=\"\" data-mrf-recirculation=\"Article links\">\u201cOs dados do Censo mostram que a maior parte dessas unidades da federa\u00e7\u00e3o est\u00e3o concentradas na Regi\u00e3o Nordeste do pa\u00eds. Por outro lado, os menores percentuais s\u00e3o encontrados em Rond\u00f4nia, com 44,3%, e em Santa Catarina, com 44,6%&#8221;, diz a analista do IBGE Luciene Longo.<\/p>\n<p style=\"text-align: justify;\" data-track-category=\"Link no Texto\" data-track-links=\"\" data-mrf-recirculation=\"Article links\"><em>Fonte: g1 RS<\/em><\/p>\n<p style=\"text-align: justify;\" data-track-category=\"Link no Texto\" data-track-links=\"\" data-mrf-recirculation=\"Article links\"><em>Foto:&nbsp; T\u00e2nia R\u00eago\/Ag\u00eancia Brasil<\/em><a href=\"https:\/\/www2.comunitaria.com.br\/pela-1a-vez-ha-mais-mulheres-no-comando-da-casa-do-que-como-esposa-do-responsavel-diz-censo\/mulher-696x416\/\" rel=\"attachment wp-att-65870\"><img loading=\"lazy\" decoding=\"async\" class=\"aligncenter size-full wp-image-65870\" src=\"http:\/\/www2.comunitaria.com.br\/wp-content\/uploads\/2024\/10\/mulher-696x416-1.jpeg\" alt=\"\" width=\"696\" height=\"416\" srcset=\"https:\/\/www2.comunitaria.com.br\/wp-content\/uploads\/2024\/10\/mulher-696x416-1.jpeg 696w, https:\/\/www2.comunitaria.com.br\/wp-content\/uploads\/2024\/10\/mulher-696x416-1-300x179.jpeg 300w\" sizes=\"auto, (max-width: 696px) 100vw, 696px\" \/><\/a><\/p>\n<\/div>\n<\/div>\n<\/div>\n<\/div>\n<\/div>\n","protected":false},"excerpt":{"rendered":"<p>Pela primeira vez, h\u00e1 mais mulheres na posi\u00e7\u00e3o de&nbsp;comando das casas brasileiras&nbsp;do que como&nbsp;esposa do respons\u00e1vel, revelam os novos dados do Censo 2022 sobre composi\u00e7\u00e3o familiar, divulgados nesta sexta-feira (25)&#8230;<\/p>","protected":false},"author":2,"featured_media":65870,"comment_status":"closed","ping_status":"closed","sticky":false,"template":"","format":"standard","meta":{"ngg_post_thumbnail":0,"footnotes":""},"categories":[28,33],"tags":[384],"class_list":["post-65869","post","type-post","status-publish","format-standard","has-post-thumbnail","hentry","category-destaque","category-noticias","tag-economia-2"],"amp_enabled":true,"_links":{"self":[{"href":"https:\/\/www2.comunitaria.com.br\/en\/wp-json\/wp\/v2\/posts\/65869","targetHints":{"allow":["GET"]}}],"collection":[{"href":"https:\/\/www2.comunitaria.com.br\/en\/wp-json\/wp\/v2\/posts"}],"about":[{"href":"https:\/\/www2.comunitaria.com.br\/en\/wp-json\/wp\/v2\/types\/post"}],"author":[{"embeddable":true,"href":"https:\/\/www2.comunitaria.com.br\/en\/wp-json\/wp\/v2\/users\/2"}],"replies":[{"embeddable":true,"href":"https:\/\/www2.comunitaria.com.br\/en\/wp-json\/wp\/v2\/comments?post=65869"}],"version-history":[{"count":0,"href":"https:\/\/www2.comunitaria.com.br\/en\/wp-json\/wp\/v2\/posts\/65869\/revisions"}],"wp:featuredmedia":[{"embeddable":true,"href":"https:\/\/www2.comunitaria.com.br\/en\/wp-json\/wp\/v2\/media\/65870"}],"wp:attachment":[{"href":"https:\/\/www2.comunitaria.com.br\/en\/wp-json\/wp\/v2\/media?parent=65869"}],"wp:term":[{"taxonomy":"category","embeddable":true,"href":"https:\/\/www2.comunitaria.com.br\/en\/wp-json\/wp\/v2\/categories?post=65869"},{"taxonomy":"post_tag","embeddable":true,"href":"https:\/\/www2.comunitaria.com.br\/en\/wp-json\/wp\/v2\/tags?post=65869"}],"curies":[{"name":"wp","href":"https:\/\/api.w.org\/{rel}","templated":true}]}}