{"id":65848,"date":"2024-10-24T17:34:51","date_gmt":"2024-10-24T19:34:51","guid":{"rendered":"https:\/\/www2.comunitaria.com.br\/?p=65848"},"modified":"2024-10-24T17:34:52","modified_gmt":"2024-10-24T19:34:52","slug":"cotrifred-realiza-evento-de-aniversario-no-mes-de-novembro","status":"publish","type":"post","link":"https:\/\/www2.comunitaria.com.br\/en\/cotrifred-realiza-evento-de-aniversario-no-mes-de-novembro\/","title":{"rendered":"Cotrifred realiza evento de anivers\u00e1rio no m\u00eas de novembro"},"content":{"rendered":"<p style=\"text-align: justify;\"><span style=\"font-weight: 400;\">No m\u00eas de novembro, a Cotrifred completa seus 67 anos de hist\u00f3ria e para marcar esse&nbsp; momento importante, a cooperativa ir\u00e1 realizar um evento em comemora\u00e7\u00e3o ao anivers\u00e1rio.&nbsp;&nbsp;<\/span><\/p>\n<p style=\"text-align: justify;\"><span style=\"font-weight: 400;\">A ocasi\u00e3o ser\u00e1 um marco na hist\u00f3ria da Cotrifred, pois tem o objetivo de apresentar o novo&nbsp; posicionamento da marca, al\u00e9m de outras novidades que ser\u00e3o apresentadas no dia. Esse&nbsp; momento tamb\u00e9m ser\u00e1 importante para aproximar os associados e a comunidade, que foram de&nbsp; suma import\u00e2ncia para a consolida\u00e7\u00e3o e hist\u00f3ria da cooperativa ao longo desses 66 anos de&nbsp; atua\u00e7\u00e3o.&nbsp;<\/span><\/p>\n<p style=\"text-align: justify;\"><span style=\"font-weight: 400;\">O evento ser\u00e1 realizado no dia 10 de novembro, no Sal\u00e3o da Comunidade de Vila Carmo, em&nbsp; Frederico Westphalen, com in\u00edcio \u00e0s 10 da manh\u00e3. Al\u00e9m da a\u00e7\u00e3o de posicionamento da marca,&nbsp; est\u00e1 incluso na programa\u00e7\u00e3o um momento com o renomado palestrante Jardel Beck, que aborda&nbsp; o cooperativismo de forma m\u00e1gica e inovadora, prometendo ser uma atra\u00e7\u00e3o diferente para o&nbsp; p\u00fablico de Frederico e regi\u00e3o. Tamb\u00e9m haver\u00e1 sorteio de pr\u00eamios durante o evento, al\u00e9m de um&nbsp; espa\u00e7o para crian\u00e7as, com brinquedos e atividades para os pequenos.&nbsp;<\/span><\/p>\n<p style=\"text-align: justify;\"><span style=\"font-weight: 400;\">O P\u00fablico estimado para esse momento \u00e9 de cerca de 500 pessoas, os ingressos para o&nbsp; almo\u00e7o est\u00e3o sendo comercializados no valor de R$ 25,00, sendo necess\u00e1rio levar pratos e&nbsp; talheres. Para quem tiver interesse em participar do evento, a aquisi\u00e7\u00e3o pode ser feita nas&nbsp; unidades, nos oito munic\u00edpios de atua\u00e7\u00e3o da cooperativa.<a href=\"https:\/\/www2.comunitaria.com.br\/en\/cotrifred-realiza-evento-de-aniversario-no-mes-de-novembro\/convite-aniversario-cotrifred\/\" rel=\"attachment wp-att-65849\"><img loading=\"lazy\" decoding=\"async\" class=\"aligncenter size-full wp-image-65849\" src=\"http:\/\/www2.comunitaria.com.br\/wp-content\/uploads\/2024\/10\/Convite-Aniversario-Cotrifred.jpg\" alt=\"\" width=\"1680\" height=\"1680\" srcset=\"https:\/\/www2.comunitaria.com.br\/wp-content\/uploads\/2024\/10\/Convite-Aniversario-Cotrifred.jpg 1680w, https:\/\/www2.comunitaria.com.br\/wp-content\/uploads\/2024\/10\/Convite-Aniversario-Cotrifred-300x300.jpg 300w, https:\/\/www2.comunitaria.com.br\/wp-content\/uploads\/2024\/10\/Convite-Aniversario-Cotrifred-1024x1024.jpg 1024w, https:\/\/www2.comunitaria.com.br\/wp-content\/uploads\/2024\/10\/Convite-Aniversario-Cotrifred-150x150.jpg 150w, https:\/\/www2.comunitaria.com.br\/wp-content\/uploads\/2024\/10\/Convite-Aniversario-Cotrifred-768x768.jpg 768w, https:\/\/www2.comunitaria.com.br\/wp-content\/uploads\/2024\/10\/Convite-Aniversario-Cotrifred-1536x1536.jpg 1536w, https:\/\/www2.comunitaria.com.br\/wp-content\/uploads\/2024\/10\/Convite-Aniversario-Cotrifred-1200x1200.jpg 1200w\" sizes=\"auto, (max-width: 1680px) 100vw, 1680px\" \/><\/a> <\/span><\/p>","protected":false},"excerpt":{"rendered":"<p>No m\u00eas de novembro, a Cotrifred completa seus 67 anos de hist\u00f3ria e para marcar esse&nbsp; momento importante, a cooperativa ir\u00e1 realizar um evento em comemora\u00e7\u00e3o ao anivers\u00e1rio.&nbsp;&nbsp; A ocasi\u00e3o ser\u00e1 um marco na hist\u00f3ria da Cotrifred, pois tem o objetivo de apresentar o novo&nbsp; posicionamento da marca, al\u00e9m de outras novidades que ser\u00e3o apresentadas<\/p>\n<div class=\"read-more-wrapper\"><a class=\"read-more\" href=\"https:\/\/www2.comunitaria.com.br\/en\/cotrifred-realiza-evento-de-aniversario-no-mes-de-novembro\/\" title=\"Read More\"> <span class=\"button\">Read More<\/span><\/a><\/div>","protected":false},"author":2,"featured_media":65849,"comment_status":"closed","ping_status":"closed","sticky":false,"template":"","format":"standard","meta":{"ngg_post_thumbnail":0,"footnotes":""},"categories":[42,28,33],"tags":[114],"class_list":["post-65848","post","type-post","status-publish","format-standard","has-post-thumbnail","hentry","category-fred-west","category-destaque","category-noticias","tag-cotrifred"],"amp_enabled":true,"_links":{"self":[{"href":"https:\/\/www2.comunitaria.com.br\/en\/wp-json\/wp\/v2\/posts\/65848","targetHints":{"allow":["GET"]}}],"collection":[{"href":"https:\/\/www2.comunitaria.com.br\/en\/wp-json\/wp\/v2\/posts"}],"about":[{"href":"https:\/\/www2.comunitaria.com.br\/en\/wp-json\/wp\/v2\/types\/post"}],"author":[{"embeddable":true,"href":"https:\/\/www2.comunitaria.com.br\/en\/wp-json\/wp\/v2\/users\/2"}],"replies":[{"embeddable":true,"href":"https:\/\/www2.comunitaria.com.br\/en\/wp-json\/wp\/v2\/comments?post=65848"}],"version-history":[{"count":0,"href":"https:\/\/www2.comunitaria.com.br\/en\/wp-json\/wp\/v2\/posts\/65848\/revisions"}],"wp:featuredmedia":[{"embeddable":true,"href":"https:\/\/www2.comunitaria.com.br\/en\/wp-json\/wp\/v2\/media\/65849"}],"wp:attachment":[{"href":"https:\/\/www2.comunitaria.com.br\/en\/wp-json\/wp\/v2\/media?parent=65848"}],"wp:term":[{"taxonomy":"category","embeddable":true,"href":"https:\/\/www2.comunitaria.com.br\/en\/wp-json\/wp\/v2\/categories?post=65848"},{"taxonomy":"post_tag","embeddable":true,"href":"https:\/\/www2.comunitaria.com.br\/en\/wp-json\/wp\/v2\/tags?post=65848"}],"curies":[{"name":"wp","href":"https:\/\/api.w.org\/{rel}","templated":true}]}}