{"id":65765,"date":"2024-10-21T16:05:41","date_gmt":"2024-10-21T18:05:41","guid":{"rendered":"https:\/\/www2.comunitaria.com.br\/?p=65765"},"modified":"2024-10-21T16:05:41","modified_gmt":"2024-10-21T18:05:41","slug":"quem-foi-liam-payne-relembre-trajetoria-do-cantor-ex-one-direction-encontrado-morto-aos-31-anos","status":"publish","type":"post","link":"https:\/\/www2.comunitaria.com.br\/en\/quem-foi-liam-payne-relembre-trajetoria-do-cantor-ex-one-direction-encontrado-morto-aos-31-anos\/","title":{"rendered":"Quem foi Liam Payne? Relembre trajet\u00f3ria do cantor ex-One Direction, encontrado morto aos 31 anos"},"content":{"rendered":"<div class=\"mc-column content-text active-extra-styles active-capital-letter\" data-block-type=\"unstyled\" data-block-weight=\"28\" data-block-id=\"2\">\n<p class=\"content-text__container theme-color-primary-first-letter\" data-track-category=\"Link no Texto\" data-track-links=\"\">O m\u00fasico Liam Payne, ex-integrante da banda One Direction, morreu nesta quarta-feira (16), aos 31 anos. A not\u00edcia foi publicada pelo site da emissora argentina Todo Not\u00edcias.<\/p>\n<\/div>\n<div class=\"wall protected-content\">\n<div class=\"mc-column content-text active-extra-styles\" data-block-type=\"unstyled\" data-block-weight=\"34\" data-block-id=\"3\">\n<p class=\"content-text__container\" data-track-category=\"Link no Texto\" data-track-links=\"\">O cantor foi encontrado morto no hotel Casa Sur, na cidade de Buenos Aires. Segundo o jornal La Naci\u00f3n, ele morreu ap\u00f3s cair do terceiro andar do hotel, que fica no bairro de Palermo.<\/p>\n<\/div>\n<div class=\"mc-column content-text active-extra-styles\" data-block-type=\"unstyled\" data-block-weight=\"28\" data-block-id=\"4\">\n<p class=\"content-text__container\" data-track-category=\"Link no Texto\" data-track-links=\"\">O artista se tornou conhecido nos anos 2010, ao integrar a ex-boyband brit\u00e2nica One Direction ao lado de Harry Styles, Louis Tomlinson, Niall Horan e Zayn Malik.<\/p>\n<\/div>\n<div class=\"mc-column content-text active-extra-styles\" data-block-type=\"unstyled\" data-block-weight=\"33\" data-block-id=\"5\">\n<p class=\"content-text__container\" data-track-category=\"Link no Texto\" data-track-links=\"\">Famoso por hits como &#8220;What Makes You Beautiful&#8221;, &#8220;Story of My Life&#8221; e &#8220;Best Song Ever&#8221;, o grupo brit\u00e2nico foi formado no programa de competi\u00e7\u00e3o &#8220;The X Factor&#8221; e terminaram em terceiro lugar.<\/p>\n<div class=\"mc-column content-text active-extra-styles\" data-block-type=\"unstyled\" data-block-weight=\"28\" data-block-id=\"7\">\n<p class=\"content-text__container\" data-track-category=\"Link no Texto\" data-track-links=\"\">Antes de se juntar \u00e0 banda, Payne j\u00e1 havia participado do programa, mas foi rejeitado pelos jurados por ser muito novo. No entanto, foi incentivado a voltar.<\/p>\n<\/div>\n<div class=\"mc-column content-text active-extra-styles\" data-block-type=\"unstyled\" data-block-weight=\"37\" data-block-id=\"8\">\n<p class=\"content-text__container\" data-track-category=\"Link no Texto\" data-track-links=\"\">Em uma entrevista a um podcast, o artista revelou que Simon Cowell, jurado respons\u00e1vel pela forma\u00e7\u00e3o do grupo, tinha um plano para ele, que resultou na cria\u00e7\u00e3o da One Direction. Ao todo, a banda lan\u00e7ou cinco \u00e1lbuns.<\/p>\n<div class=\"mc-column content-text active-extra-styles\" data-block-type=\"raw\" data-block-weight=\"2\" data-block-id=\"10\">\n<div class=\"content-intertitle\">\n<h3>Carreira solo<\/h3>\n<\/div>\n<\/div>\n<div class=\"mc-column content-text active-extra-styles\" data-block-type=\"unstyled\" data-block-weight=\"21\" data-block-id=\"11\">\n<p class=\"content-text__container\" data-track-category=\"Link no Texto\" data-track-links=\"\">Ap\u00f3s o rompimento do grupo, em 2016, Liam Payne trilhou carreira solo. Em 2017, lan\u00e7ou o primeiro single: &#8220;Strip That Down&#8221;.<\/p>\n<\/div>\n<div class=\"mc-column content-text active-extra-styles\" data-block-type=\"unstyled\" data-block-weight=\"38\" data-block-id=\"12\">\n<p class=\"content-text__container\" data-track-category=\"Link no Texto\" data-track-links=\"\">J\u00e1 em 2018, lan\u00e7ou o primeiro EP solo, chamado &#8220;First Time&#8221;. E, em 2019, lan\u00e7ou o \u00e1lbum &#8220;LP1&#8221;, com 18 faixas. Ainda participou de parcerias com artistas como Rita Ora, J. Balvin e o DJ russo Zedd.<\/p>\n<\/div>\n<div class=\"mc-column content-text active-extra-styles\" data-block-type=\"unstyled\" data-block-weight=\"13\" data-block-id=\"14\">\n<p class=\"content-text__container\" data-track-category=\"Link no Texto\" data-track-links=\"\">A \u00faltima can\u00e7\u00e3o de Liam, \u201cTeardrops\u201d, foi lan\u00e7ada em mar\u00e7o de 2024.<\/p>\n<\/div>\n<div class=\"mc-column content-text active-extra-styles\" data-block-type=\"unstyled\" data-block-weight=\"27\" data-block-id=\"15\">\n<p class=\"content-text__container\" data-track-category=\"Link no Texto\" data-track-links=\"\">O artista deixa um filho de sete anos, Bear Payne, fruto de seu relacionamento com a cantora Cheryl Cole. Atualmente, ele namorava a modelo Kate Cassidy.<\/p>\n<\/div>\n<div class=\"mc-column content-text active-extra-styles\" data-block-type=\"raw\" data-block-weight=\"3\" data-block-id=\"16\">\n<div class=\"content-intertitle\">\n<h3>Passagens pelo Brasil<\/h3>\n<\/div>\n<\/div>\n<div class=\"mc-column content-text active-extra-styles\" data-block-type=\"unstyled\" data-block-weight=\"25\" data-block-id=\"17\">\n<p class=\"content-text__container\" data-track-category=\"Link no Texto\" data-track-links=\"\">Liam Payne esteve no Brasil, pela primeira vez, em 2014. A banda One Direction fez apresenta\u00e7\u00f5es no Rio de Janeiro e em S\u00e3o Paulo.<\/p>\n<\/div>\n<div class=\"mc-column content-text active-extra-styles\" data-block-type=\"unstyled\" data-block-weight=\"38\" data-block-id=\"18\">\n<p class=\"content-text__container\" data-track-category=\"Link no Texto\" data-track-links=\"\">Em agosto de 2023, o cantor cancelou o show que faria no festival The Town devido a uma &#8216;grave infec\u00e7\u00e3o renal&#8217;. Ele cantaria no dia 7 de setembro. O evento aconteceu Aut\u00f3dromo de Interlagos, em S\u00e3o Paulo.<\/p>\n<\/div>\n<div class=\"mc-column content-text active-extra-styles\" data-block-type=\"unstyled\" data-block-weight=\"30\" data-block-id=\"19\">\n<p class=\"content-text__container\" data-track-category=\"Link no Texto\" data-track-links=\"\">Antes, em 2021, Liam foi uma das atra\u00e7\u00f5es do anivers\u00e1rio da filha de 15 anos de empres\u00e1rios em Goi\u00e2nia. Na \u00e9poca, o evento foi muito comentado nas redes sociais.<\/p>\n<\/div>\n<div data-track-category=\"multicontent\" data-track-action=\"ultimo chunk conteudo\" data-track-noninteraction=\"false\" data-track-scroll=\"view\">\n<div class=\"mc-column content-text active-extra-styles\" data-block-type=\"unstyled\" data-block-weight=\"15\" data-block-id=\"20\">\n<p class=\"content-text__container\" data-track-category=\"Link no Texto\" data-track-links=\"\">Em 2018, ele ainda gravou um programa no &#8216;Caldeir\u00e3o do Huck&#8217; e surpreendeu uma f\u00e3.<\/p>\n<\/div>\n<\/div>\n<\/div>\n<\/div>\n<\/div>\n<p data-track-category=\"Link no Texto\" data-track-links=\"\">&nbsp;<\/p>\n<p data-track-category=\"Link no Texto\" data-track-links=\"\">Fonte: CBN Brasil&nbsp;<\/p>","protected":false},"excerpt":{"rendered":"<p>O m\u00fasico Liam Payne, ex-integrante da banda One Direction, morreu nesta quarta-feira (16), aos 31 anos. A not\u00edcia foi publicada pelo site da emissora argentina Todo Not\u00edcias. O cantor foi&#8230;<\/p>","protected":false},"author":2,"featured_media":65766,"comment_status":"closed","ping_status":"closed","sticky":false,"template":"","format":"standard","meta":{"ngg_post_thumbnail":0,"footnotes":""},"categories":[3593,6172,100,33],"tags":[1001,6895,1159],"class_list":["post-65765","post","type-post","status-publish","format-standard","has-post-thumbnail","hentry","category-cultura","category-mundo","category-musica","category-noticias","tag-cultura","tag-liam-payne","tag-musica"],"amp_enabled":true,"_links":{"self":[{"href":"https:\/\/www2.comunitaria.com.br\/en\/wp-json\/wp\/v2\/posts\/65765","targetHints":{"allow":["GET"]}}],"collection":[{"href":"https:\/\/www2.comunitaria.com.br\/en\/wp-json\/wp\/v2\/posts"}],"about":[{"href":"https:\/\/www2.comunitaria.com.br\/en\/wp-json\/wp\/v2\/types\/post"}],"author":[{"embeddable":true,"href":"https:\/\/www2.comunitaria.com.br\/en\/wp-json\/wp\/v2\/users\/2"}],"replies":[{"embeddable":true,"href":"https:\/\/www2.comunitaria.com.br\/en\/wp-json\/wp\/v2\/comments?post=65765"}],"version-history":[{"count":0,"href":"https:\/\/www2.comunitaria.com.br\/en\/wp-json\/wp\/v2\/posts\/65765\/revisions"}],"wp:featuredmedia":[{"embeddable":true,"href":"https:\/\/www2.comunitaria.com.br\/en\/wp-json\/wp\/v2\/media\/65766"}],"wp:attachment":[{"href":"https:\/\/www2.comunitaria.com.br\/en\/wp-json\/wp\/v2\/media?parent=65765"}],"wp:term":[{"taxonomy":"category","embeddable":true,"href":"https:\/\/www2.comunitaria.com.br\/en\/wp-json\/wp\/v2\/categories?post=65765"},{"taxonomy":"post_tag","embeddable":true,"href":"https:\/\/www2.comunitaria.com.br\/en\/wp-json\/wp\/v2\/tags?post=65765"}],"curies":[{"name":"wp","href":"https:\/\/api.w.org\/{rel}","templated":true}]}}