{"id":65692,"date":"2024-10-18T10:22:55","date_gmt":"2024-10-18T12:22:55","guid":{"rendered":"https:\/\/www2.comunitaria.com.br\/?p=65692"},"modified":"2024-10-18T10:22:56","modified_gmt":"2024-10-18T12:22:56","slug":"pai-e-filho-sao-abordados-levando-375-mil-dolares-nas-cuecas-e-nos-bolsos-em-rodovia-no-rs-diz-prf","status":"publish","type":"post","link":"https:\/\/www2.comunitaria.com.br\/en\/pai-e-filho-sao-abordados-levando-375-mil-dolares-nas-cuecas-e-nos-bolsos-em-rodovia-no-rs-diz-prf\/","title":{"rendered":"Pai e filho s\u00e3o abordados levando 37,5 mil d\u00f3lares nas cuecas e nos bolsos em rodovia no RS, diz PRF"},"content":{"rendered":"<p style=\"text-align: justify;\">A Pol\u00edcia Rodovi\u00e1ria Federal (PRF)&nbsp;<strong>apreendeu<\/strong>, nesta quinta-feira (17),&nbsp;<span class=\"highlight highlighted\">37,5 mil d\u00f3lares transportados por pai e filho<\/span>&nbsp;na&nbsp;<strong>BR-158<\/strong>, em&nbsp;Santana do Livramento, munic\u00edpio do Rio Grande do Sul na fronteira com o Uruguai. De acordo com os agentes,&nbsp;<span class=\"highlight highlighted\">as c\u00e9dulas estavam escondidas nas cuecas do pai e nos bolsos do filho<\/span>.<\/p>\n<div id=\"chunk-d4d1k\" style=\"text-align: justify;\">\n<div class=\"mc-column content-text active-extra-styles\" data-block-type=\"unstyled\" data-block-weight=\"20\" data-block-id=\"5\">\n<p class=\"content-text__container\" data-track-category=\"Link no Texto\" data-track-links=\"\" data-mrf-recirculation=\"Article links\">A abordagem ocorreu durante a manh\u00e3. Os policiais pararam um ve\u00edculo com placas de&nbsp;Palmitos (SC), onde estavam os homens.<\/p>\n<\/div>\n<\/div>\n<div id=\"chunk-a7c9p\">\n<div class=\"mc-column content-text active-extra-styles\" data-block-type=\"unstyled\" data-block-weight=\"32\" data-block-id=\"6\">\n<p class=\"content-text__container\" style=\"text-align: justify;\" data-track-category=\"Link no Texto\" data-track-links=\"\" data-mrf-recirculation=\"Article links\">Durante a revista, os agentes encontraram&nbsp;<strong>17,5 mil d\u00f3lares nas cuecas do pai<\/strong>&nbsp;e&nbsp;<strong>20 mil d\u00f3lares nos bolsos do filho<\/strong>. Na convers\u00e3o, a quantia equivale a cerca de R$ 227 mil.<\/p>\n<div id=\"chunk-88scu\" style=\"text-align: justify;\">\n<div class=\"mc-column content-text active-extra-styles\" data-block-type=\"unstyled\" data-block-weight=\"30\" data-block-id=\"8\">\n<p class=\"content-text__container\" data-track-category=\"Link no Texto\" data-track-links=\"\" data-mrf-recirculation=\"Article links\">Os homens&nbsp;<span class=\"highlight highlighted\">n\u00e3o conseguiram comprovar a origem do dinheiro<\/span>. Por isso, os d\u00f3lares foram apreendidos. Pai e filho foram autuados e liberados. Eles v\u00e3o responder, em liberdade, por&nbsp;<strong>crime financeiro<\/strong>.<\/p>\n<\/div>\n<\/div>\n<div id=\"chunk-cr082\">\n<div class=\"mc-column content-text active-extra-styles\" data-block-type=\"unstyled\" data-block-weight=\"41\" data-block-id=\"9\">\n<p class=\"content-text__container\" style=\"text-align: justify;\" data-track-category=\"Link no Texto\" data-track-links=\"\" data-mrf-recirculation=\"Article links\">Segundo a PRF, ambos s\u00e3o naturais de&nbsp;Frederico Westphalen, no Norte do RS. O pai, de 52 anos, n\u00e3o tinha antecedentes policiais. J\u00e1 o filho, de 29 anos, tinha passagem na pol\u00edcia por contrabando. Os nomes dos suspeitos n\u00e3o foram divulgados.<\/p>\n<p data-track-category=\"Link no Texto\" data-track-links=\"\" data-mrf-recirculation=\"Article links\"><em>Fonte: g1 RS<\/em><\/p>\n<p data-track-category=\"Link no Texto\" data-track-links=\"\" data-mrf-recirculation=\"Article links\"><em>Foto: PRF\/Divulga\u00e7\u00e3o<a href=\"https:\/\/www2.comunitaria.com.br\/en\/pai-e-filho-sao-abordados-levando-375-mil-dolares-nas-cuecas-e-nos-bolsos-em-rodovia-no-rs-diz-prf\/whatsapp-image-2024-10-17-at-14-33-40\/\" rel=\"attachment wp-att-65693\"><img loading=\"lazy\" decoding=\"async\" class=\"aligncenter size-full wp-image-65693\" src=\"http:\/\/www2.comunitaria.com.br\/wp-content\/uploads\/2024\/10\/whatsapp-image-2024-10-17-at-14.33.40.avif\" alt=\"\" width=\"984\" height=\"554\"><\/a><\/em><\/p>\n<\/div>\n<\/div>\n<\/div>\n<\/div>","protected":false},"excerpt":{"rendered":"<p>A Pol\u00edcia Rodovi\u00e1ria Federal (PRF)&nbsp;apreendeu, nesta quinta-feira (17),&nbsp;37,5 mil d\u00f3lares transportados por pai e filho&nbsp;na&nbsp;BR-158, em&nbsp;Santana do Livramento, munic\u00edpio do Rio Grande do Sul na fronteira com o Uruguai. De&#8230;<\/p>","protected":false},"author":2,"featured_media":65693,"comment_status":"closed","ping_status":"closed","sticky":false,"template":"","format":"standard","meta":{"ngg_post_thumbnail":0,"footnotes":""},"categories":[42,28,33,36,43],"tags":[6315],"class_list":["post-65692","post","type-post","status-publish","format-standard","has-post-thumbnail","hentry","category-fred-west","category-destaque","category-noticias","category-policia","category-regiao","tag-santana-do-livramento"],"amp_enabled":true,"_links":{"self":[{"href":"https:\/\/www2.comunitaria.com.br\/en\/wp-json\/wp\/v2\/posts\/65692","targetHints":{"allow":["GET"]}}],"collection":[{"href":"https:\/\/www2.comunitaria.com.br\/en\/wp-json\/wp\/v2\/posts"}],"about":[{"href":"https:\/\/www2.comunitaria.com.br\/en\/wp-json\/wp\/v2\/types\/post"}],"author":[{"embeddable":true,"href":"https:\/\/www2.comunitaria.com.br\/en\/wp-json\/wp\/v2\/users\/2"}],"replies":[{"embeddable":true,"href":"https:\/\/www2.comunitaria.com.br\/en\/wp-json\/wp\/v2\/comments?post=65692"}],"version-history":[{"count":0,"href":"https:\/\/www2.comunitaria.com.br\/en\/wp-json\/wp\/v2\/posts\/65692\/revisions"}],"wp:featuredmedia":[{"embeddable":true,"href":"https:\/\/www2.comunitaria.com.br\/en\/wp-json\/wp\/v2\/media\/65693"}],"wp:attachment":[{"href":"https:\/\/www2.comunitaria.com.br\/en\/wp-json\/wp\/v2\/media?parent=65692"}],"wp:term":[{"taxonomy":"category","embeddable":true,"href":"https:\/\/www2.comunitaria.com.br\/en\/wp-json\/wp\/v2\/categories?post=65692"},{"taxonomy":"post_tag","embeddable":true,"href":"https:\/\/www2.comunitaria.com.br\/en\/wp-json\/wp\/v2\/tags?post=65692"}],"curies":[{"name":"wp","href":"https:\/\/api.w.org\/{rel}","templated":true}]}}