{"id":65668,"date":"2024-10-17T16:13:54","date_gmt":"2024-10-17T18:13:54","guid":{"rendered":"https:\/\/www2.comunitaria.com.br\/?p=65668"},"modified":"2024-10-17T16:13:55","modified_gmt":"2024-10-17T18:13:55","slug":"horario-de-verao-nao-volta-neste-ano-decide-governo-retorno-em-2025-sera-avaliado","status":"publish","type":"post","link":"https:\/\/www2.comunitaria.com.br\/en\/horario-de-verao-nao-volta-neste-ano-decide-governo-retorno-em-2025-sera-avaliado\/","title":{"rendered":"Hor\u00e1rio de ver\u00e3o n\u00e3o volta neste ano, decide governo; retorno em 2025 ser\u00e1 avaliado"},"content":{"rendered":"<div id=\"chunk-69vrs\">\n<div class=\"mc-column content-text active-extra-styles active-capital-letter\" data-block-type=\"unstyled\" data-block-weight=\"21\" data-block-id=\"2\">\n<p class=\" content-text__container theme-color-primary-first-letter\" style=\"text-align: justify;\" data-track-category=\"Link no Texto\" data-track-links=\"\" data-mrf-recirculation=\"Article links\">O ministro de Minas e Energia, Alexandre Silveira, descartou nesta quarta-feira (16) a&nbsp;<strong>retomada do hor\u00e1rio de ver\u00e3o<\/strong>&nbsp;ainda este ano.<\/p>\n<\/div>\n<\/div>\n<div class=\"wall protected-content\">\n<div id=\"chunk-lh0\" style=\"text-align: justify;\">\n<div class=\"mc-column content-text active-extra-styles \" data-block-type=\"unstyled\" data-block-weight=\"19\" data-block-id=\"3\">\n<p class=\" content-text__container \" data-track-category=\"Link no Texto\" data-track-links=\"\" data-mrf-recirculation=\"Article links\">O governo vai avaliar, nos pr\u00f3ximos meses, se \u00e9 o caso de retomar a medida a partir de 2025.<\/p>\n<\/div>\n<\/div>\n<div id=\"chunk-j214\" style=\"text-align: justify;\">\n<div class=\"mc-column content-text active-extra-styles\" data-block-type=\"raw\" data-block-weight=\"35\" data-block-id=\"4\">\n<blockquote class=\"content-blockquote theme-border-color-primary-before\"><p>&#8220;N\u00f3s hoje, na \u00faltima reuni\u00e3o com o ONS [Operador Nacional do Setor El\u00e9trico], chegamos \u00e0 conclus\u00e3o de que n\u00e3o h\u00e1 necessidade de decreta\u00e7\u00e3o do hor\u00e1rio de ver\u00e3o para este per\u00edodo, para este ver\u00e3o&#8221;, declarou Silveira.<\/p><\/blockquote>\n<\/div>\n<\/div>\n<div id=\"chunk-aqp2n\" style=\"text-align: justify;\">\n<div class=\"mc-column content-text active-extra-styles \" data-block-type=\"unstyled\" data-block-weight=\"40\" data-block-id=\"5\">\n<p class=\" content-text__container \" data-track-category=\"Link no Texto\" data-track-links=\"\" data-mrf-recirculation=\"Article links\">&#8220;N\u00f3s temos a seguran\u00e7a energ\u00e9tica assegurada, h\u00e1 o in\u00edcio de um processo de restabelecimento ainda muito modesto da nossa condi\u00e7\u00e3o h\u00eddrica. Temos condi\u00e7\u00f5es de chegar depois do ver\u00e3o em condi\u00e7\u00e3o de avaliar, sim, a volta dessa pol\u00edtica em 2025&#8221;, prosseguiu.<\/p>\n<\/div>\n<\/div>\n<div id=\"chunk-1gicj\" style=\"text-align: justify;\">\n<div class=\"mc-column content-text active-extra-styles\" data-block-type=\"raw\" data-block-weight=\"54\" data-block-id=\"6\">\n<blockquote class=\"content-blockquote theme-border-color-primary-before\"><p>&#8220;\u00c9 importante que ele [hor\u00e1rio de ver\u00e3o] seja sempre considerado, ele n\u00e3o pode ser fruto de uma avalia\u00e7\u00e3o apenas dogm\u00e1tica ou de cunho pol\u00edtico. \u00c9 uma pol\u00edtica que tem reflexos tanto positivos quanto negativos no setor el\u00e9trico e na economia, portanto, deve sempre estar na mesa para uma avalia\u00e7\u00e3o precisa do governo federal&#8221;, informou.<\/p><\/blockquote>\n<\/div>\n<\/div>\n<div id=\"chunk-25d98\" style=\"text-align: justify;\">\n<div class=\"mc-column content-text active-extra-styles \" data-block-type=\"unstyled\" data-block-weight=\"37\" data-block-id=\"7\">\n<p class=\" content-text__container \" data-track-category=\"Link no Texto\" data-track-links=\"\" data-mrf-recirculation=\"Article links\">Apesar da&nbsp;recomenda\u00e7\u00e3o do Comit\u00ea de Monitoramento do Setor El\u00e9trico (CMSE), em setembro, a pasta avalia que<strong>&nbsp;houve melhora no cen\u00e1rio das chuvas<\/strong> e dos reservat\u00f3rios de hidrel\u00e9tricas, evitando o adiantamento dos rel\u00f3gios ainda em 2024.<\/p>\n<\/div>\n<\/div>\n<div id=\"chunk-2rcqv\" style=\"text-align: justify;\">\n<div class=\"mc-column content-text active-extra-styles\" data-block-type=\"raw\" data-block-weight=\"27\" data-block-id=\"9\">\n<ul class=\"content-unordered-list\" data-mrf-recirculation=\"Recomendado\">\n<li>Caso a medida fosse adotada ainda neste ano, haveria pouco tempo para que setores importantes da economia \u2013 como a avia\u00e7\u00e3o, por exemplo \u2013 adequassem suas opera\u00e7\u00f5es.<\/li>\n<\/ul>\n<\/div>\n<\/div>\n<div id=\"chunk-1e9qi\" style=\"text-align: justify;\">\n<div class=\"mc-column content-text active-extra-styles \" data-block-type=\"unstyled\" data-block-weight=\"21\" data-block-id=\"10\">\n<p class=\" content-text__container \" data-track-category=\"Link no Texto\" data-track-links=\"\" data-mrf-recirculation=\"Article links\">Na \u00e9poca em que estava em vigor, o hor\u00e1rio de ver\u00e3o costumava ser implementado entre outubro\/novembro e fevereiro\/mar\u00e7o de cada ano.<\/p>\n<\/div>\n<\/div>\n<div id=\"chunk-bq6l0\">\n<div class=\"mc-column content-text active-extra-styles \" data-block-type=\"unstyled\" data-block-weight=\"35\" data-block-id=\"11\">\n<p class=\" content-text__container \" style=\"text-align: justify;\" data-track-category=\"Link no Texto\" data-track-links=\"\" data-mrf-recirculation=\"Article links\">No caso deste ano, o hor\u00e1rio de ver\u00e3o s\u00f3 poderia ser implementado este ano em novembro. Isso impediria o aproveitamento do pico de custo-benef\u00edcio da medida \u2014 que ocorre entre&nbsp;<strong>outubro e meados de dezembro.<\/strong><\/p>\n<div id=\"chunk-79lfq\" style=\"text-align: justify;\">\n<div class=\"mc-column content-text active-extra-styles\" data-block-type=\"raw\" data-block-weight=\"3\" data-block-id=\"13\">\n<div class=\"content-intertitle\">\n<h4>Entenda a medida<\/h4>\n<\/div>\n<\/div>\n<\/div>\n<div id=\"chunk-6r6q7\" style=\"text-align: justify;\">\n<div class=\"mc-column content-text active-extra-styles \" data-block-type=\"unstyled\" data-block-weight=\"29\" data-block-id=\"14\">\n<p class=\" content-text__container \" data-track-category=\"Link no Texto\" data-track-links=\"\" data-mrf-recirculation=\"Article links\">Segundo o ONS, o hor\u00e1rio de ver\u00e3o ajuda a aumentar o aproveitamento das fontes de energia solar e e\u00f3lica, al\u00e9m de reduzir a demanda m\u00e1xima em at\u00e9 2,9%.<\/p>\n<\/div>\n<\/div>\n<div id=\"chunk-ebgam\" style=\"text-align: justify;\">\n<div class=\"mc-column content-text active-extra-styles \" data-block-type=\"unstyled\" data-block-weight=\"40\" data-block-id=\"16\">\n<p class=\" content-text__container \" data-track-category=\"Link no Texto\" data-track-links=\"\" data-mrf-recirculation=\"Article links\">Desde a sua ado\u00e7\u00e3o, que passou a ser anual a partir de 1985, o hor\u00e1rio de ver\u00e3o tem a inten\u00e7\u00e3o de promover uma economia no consumo de energia, uma vez que as pessoas teriam mais tempo de luz natural.<\/p>\n<\/div>\n<\/div>\n<div id=\"chunk-61vai\" style=\"text-align: justify;\">\n<div class=\"mc-column content-text active-extra-styles \" data-block-type=\"unstyled\" data-block-weight=\"33\" data-block-id=\"17\">\n<p class=\" content-text__container \" data-track-category=\"Link no Texto\" data-track-links=\"\" data-mrf-recirculation=\"Article links\">No entanto, por conta da mudan\u00e7a de comportamento da sociedade, a medida foi deixando de ser eficaz. At\u00e9 que, em 2019, o ent\u00e3o presidente Jair Bolsonaro (PL) suspendeu o adiantamento dos rel\u00f3gios.<\/p>\n<\/div>\n<\/div>\n<div id=\"chunk-ab97\" style=\"text-align: justify;\">\n<div class=\"mc-column content-text active-extra-styles \" data-block-type=\"unstyled\" data-block-weight=\"37\" data-block-id=\"18\">\n<p class=\" content-text__container \" data-track-category=\"Link no Texto\" data-track-links=\"\" data-mrf-recirculation=\"Article links\">A medida volta \u00e0 tona em 2024 n\u00e3o por sua efic\u00e1cia para economizar energia, mas por ser uma alternativa de aproveitamento da gera\u00e7\u00e3o de energia solar, reduzindo o acionamento de termel\u00e9tricas \u2013 mais caras e poluentes.<\/p>\n<\/div>\n<\/div>\n<div id=\"chunk-9dmcp\" style=\"text-align: justify;\">\n<div class=\"mc-column content-text active-extra-styles \" data-block-type=\"unstyled\" data-block-weight=\"33\" data-block-id=\"19\">\n<p class=\" content-text__container \" data-track-category=\"Link no Texto\" data-track-links=\"\" data-mrf-recirculation=\"Article links\">\ud83d\udca1 No in\u00edcio da noite, a gera\u00e7\u00e3o de energia solar cai por causa da falta de sol. Mais tarde, durante a madrugada, a gera\u00e7\u00e3o e\u00f3lica sobe porque h\u00e1 maior incid\u00eancia de ventos.<\/p>\n<\/div>\n<\/div>\n<div id=\"chunk-67vhl\" style=\"text-align: justify;\">\n<div class=\"mc-column content-text active-extra-styles \" data-block-type=\"unstyled\" data-block-weight=\"29\" data-block-id=\"20\">\n<p class=\" content-text__container \" data-track-category=\"Link no Texto\" data-track-links=\"\" data-mrf-recirculation=\"Article links\">\ud83d\udca1 No intervalo entre a queda da solar e o aumento da e\u00f3lica, h\u00e1 um pico de consumo que precisa ser suprido por energia hidrel\u00e9trica ou t\u00e9rmica.<\/p>\n<\/div>\n<\/div>\n<div id=\"chunk-3idtf\" style=\"text-align: justify;\">\n<div class=\"mc-column content-text active-extra-styles \" data-block-type=\"unstyled\" data-block-weight=\"27\" data-block-id=\"21\">\n<p class=\" content-text__container \" data-track-category=\"Link no Texto\" data-track-links=\"\" data-mrf-recirculation=\"Article links\">Com as medidas para poupar os reservat\u00f3rios das usinas hidrel\u00e9tricas, por causa da seca, \u00e9 necess\u00e1rio acionar mais termel\u00e9tricas para atender ao pico de consumo.<\/p>\n<\/div>\n<\/div>\n<div id=\"chunk-9g59t\">\n<div class=\"mc-column content-text active-extra-styles \" data-block-type=\"unstyled\" data-block-weight=\"31\" data-block-id=\"22\">\n<p class=\" content-text__container \" style=\"text-align: justify;\" data-track-category=\"Link no Texto\" data-track-links=\"\" data-mrf-recirculation=\"Article links\">Ao adotar o hor\u00e1rio de ver\u00e3o, o pico de consumo \u00e9 deslocado para o hor\u00e1rio com mais gera\u00e7\u00e3o solar, reduzindo a necessidade de complementar a gera\u00e7\u00e3o com mais usinas t\u00e9rmicas.<\/p>\n<article>\n<div class=\"wall protected-content\">\n<div id=\"chunk-siji\" style=\"text-align: justify;\">\n<div class=\"mc-column content-text active-extra-styles\" data-block-type=\"raw\" data-block-weight=\"2\" data-block-id=\"25\">\n<div class=\"content-intertitle\">\n<h4>Decreto anterior<\/h4>\n<\/div>\n<\/div>\n<\/div>\n<div id=\"chunk-dohmj\" style=\"text-align: justify;\">\n<div class=\"mc-column content-text active-extra-styles \" data-block-type=\"unstyled\" data-block-weight=\"39\" data-block-id=\"26\">\n<p class=\" content-text__container \" data-track-category=\"Link no Texto\" data-track-links=\"\" data-mrf-recirculation=\"Article links\">A retomada do hor\u00e1rio de ver\u00e3o depende da revoga\u00e7\u00e3o de um decreto do governo de Jair Bolsonaro (PL) que, em 2019, encerrou o hor\u00e1rio de ver\u00e3o. A medida j\u00e1 era avaliada no governo de Michel Temer (MDB).<\/p>\n<\/div>\n<\/div>\n<div id=\"chunk-dthsp\" style=\"text-align: justify;\">\n<div class=\"mc-column content-text active-extra-styles \" data-block-type=\"unstyled\" data-block-weight=\"37\" data-block-id=\"27\">\n<p class=\" content-text__container \" data-track-category=\"Link no Texto\" data-track-links=\"\" data-mrf-recirculation=\"Article links\">Na ocasi\u00e3o, o governo afirmou que o adiantamento dos rel\u00f3gios em uma hora por conta de mudan\u00e7as no padr\u00e3o de consumo de energia e de avan\u00e7os tecnol\u00f3gicos, que alteraram o pico de consumo de energia.<\/p>\n<\/div>\n<\/div>\n<div id=\"chunk-eb5ks\" style=\"text-align: justify;\">\n<div class=\"mc-column content-text active-extra-styles \" data-block-type=\"unstyled\" data-block-weight=\"30\" data-block-id=\"28\">\n<p class=\" content-text__container \" data-track-category=\"Link no Texto\" data-track-links=\"\" data-mrf-recirculation=\"Article links\">A suspens\u00e3o do hor\u00e1rio de ver\u00e3o resistiu inclusive \u00e0 crise h\u00eddrica de 2021. Na \u00e9poca, o governo chegou a estudar a retomada da pol\u00edtica, solicitando um parecer do ONS.<\/p>\n<\/div>\n<\/div>\n<div data-track-category=\"multicontent\" data-track-action=\"multicontent\" data-track-noninteraction=\"false\" data-track-scroll=\"ultimo chunk conteudo\" data-track-value=\"view\">\n<div id=\"chunk-t49a\">\n<div class=\"content-ads content-ads--reveal\" style=\"text-align: justify;\" data-block-type=\"ads\" data-block-id=\"29\"><em>Fonte: g1<a href=\"https:\/\/www2.comunitaria.com.br\/horario-de-verao-nao-volta-neste-ano-decide-governo-retorno-em-2025-sera-avaliado\/sol-horario-de-verao-2-2\/\" rel=\"attachment wp-att-65670\"><img loading=\"lazy\" decoding=\"async\" class=\"aligncenter size-full wp-image-65670\" src=\"http:\/\/www2.comunitaria.com.br\/wp-content\/uploads\/2024\/10\/sol-horario-de-verao-2-1.webp\" alt=\"\" width=\"640\" height=\"427\" srcset=\"https:\/\/www2.comunitaria.com.br\/wp-content\/uploads\/2024\/10\/sol-horario-de-verao-2-1.webp 640w, https:\/\/www2.comunitaria.com.br\/wp-content\/uploads\/2024\/10\/sol-horario-de-verao-2-1-300x200.webp 300w\" sizes=\"auto, (max-width: 640px) 100vw, 640px\" \/><\/a><\/em><\/div>\n<div style=\"text-align: justify;\" data-block-type=\"ads\" data-block-id=\"29\">&nbsp;<\/div>\n<\/div>\n<\/div>\n<\/div>\n<\/article>\n<\/div>\n<\/div>\n<\/div>\n<\/div>\n<\/div>\n","protected":false},"excerpt":{"rendered":"<p>O ministro de Minas e Energia, Alexandre Silveira, descartou nesta quarta-feira (16) a&nbsp;retomada do hor\u00e1rio de ver\u00e3o&nbsp;ainda este ano. O governo vai avaliar, nos pr\u00f3ximos meses, se \u00e9 o caso&#8230;<\/p>","protected":false},"author":2,"featured_media":65670,"comment_status":"closed","ping_status":"closed","sticky":false,"template":"","format":"standard","meta":{"ngg_post_thumbnail":0,"footnotes":""},"categories":[47,42,28,33],"tags":[657],"class_list":["post-65668","post","type-post","status-publish","format-standard","has-post-thumbnail","hentry","category-brasil","category-fred-west","category-destaque","category-noticias","tag-horario-de-verao"],"amp_enabled":true,"_links":{"self":[{"href":"https:\/\/www2.comunitaria.com.br\/en\/wp-json\/wp\/v2\/posts\/65668","targetHints":{"allow":["GET"]}}],"collection":[{"href":"https:\/\/www2.comunitaria.com.br\/en\/wp-json\/wp\/v2\/posts"}],"about":[{"href":"https:\/\/www2.comunitaria.com.br\/en\/wp-json\/wp\/v2\/types\/post"}],"author":[{"embeddable":true,"href":"https:\/\/www2.comunitaria.com.br\/en\/wp-json\/wp\/v2\/users\/2"}],"replies":[{"embeddable":true,"href":"https:\/\/www2.comunitaria.com.br\/en\/wp-json\/wp\/v2\/comments?post=65668"}],"version-history":[{"count":0,"href":"https:\/\/www2.comunitaria.com.br\/en\/wp-json\/wp\/v2\/posts\/65668\/revisions"}],"wp:featuredmedia":[{"embeddable":true,"href":"https:\/\/www2.comunitaria.com.br\/en\/wp-json\/wp\/v2\/media\/65670"}],"wp:attachment":[{"href":"https:\/\/www2.comunitaria.com.br\/en\/wp-json\/wp\/v2\/media?parent=65668"}],"wp:term":[{"taxonomy":"category","embeddable":true,"href":"https:\/\/www2.comunitaria.com.br\/en\/wp-json\/wp\/v2\/categories?post=65668"},{"taxonomy":"post_tag","embeddable":true,"href":"https:\/\/www2.comunitaria.com.br\/en\/wp-json\/wp\/v2\/tags?post=65668"}],"curies":[{"name":"wp","href":"https:\/\/api.w.org\/{rel}","templated":true}]}}