{"id":65569,"date":"2024-10-14T11:09:24","date_gmt":"2024-10-14T13:09:24","guid":{"rendered":"https:\/\/www2.comunitaria.com.br\/?p=65569"},"modified":"2024-10-14T11:09:24","modified_gmt":"2024-10-14T13:09:24","slug":"alimentos-vencidos-prescricoes-medicas-sem-validade-ha-mais-de-um-ano-e-falta-de-alvara-clinica-geriatrica-e-interditada-no-rs","status":"publish","type":"post","link":"https:\/\/www2.comunitaria.com.br\/en\/alimentos-vencidos-prescricoes-medicas-sem-validade-ha-mais-de-um-ano-e-falta-de-alvara-clinica-geriatrica-e-interditada-no-rs\/","title":{"rendered":"Alimentos vencidos, prescri\u00e7\u00f5es m\u00e9dicas sem validade h\u00e1 mais de um ano e falta de alvar\u00e1: cl\u00ednica geri\u00e1trica \u00e9 interditada no RS"},"content":{"rendered":"<p style=\"text-align: justify;\"><span class=\"highlight highlighted\">Uma cl\u00ednica geri\u00e1trica que funcionava de forma clandestina<\/span>&nbsp;em&nbsp;Pelotas, no Sul do estado, foi interditada pela Pol\u00edcia Civil na quinta-feira (10). No local, foram encontrados&nbsp;<strong>alimentos vencidos&nbsp;<\/strong>e&nbsp;<strong>prescri\u00e7\u00f5es m\u00e9dicas sem validade h\u00e1 mais de um ano<\/strong>. O espa\u00e7o n\u00e3o tinha alvar\u00e1 de funcionamento.<\/p>\n<div id=\"chunk-14g7c\" style=\"text-align: justify;\">\n<div class=\"mc-column content-text active-extra-styles\" data-block-type=\"unstyled\" data-block-weight=\"27\" data-block-id=\"5\">\n<p class=\"content-text__container\" data-track-category=\"Link no Texto\" data-track-links=\"\" data-mrf-recirculation=\"Article links\">Duas idosas e outras tr\u00eas mulheres com menos de 60 anos foram encontradas na cl\u00ednica. Elas estavam internadas em condi\u00e7\u00f5es impr\u00f3prias e foram encaminhadas para outras institui\u00e7\u00f5es.<\/p>\n<\/div>\n<\/div>\n<div id=\"chunk-4otqo\" style=\"text-align: justify;\">\n<div class=\"mc-column content-text active-extra-styles\" data-block-type=\"unstyled\" data-block-weight=\"34\" data-block-id=\"6\">\n<p class=\"content-text__container\" data-track-category=\"Link no Texto\" data-track-links=\"\" data-mrf-recirculation=\"Article links\">Uma idosa foi acolhida na Casa do Idoso, e a outra foi encaminhada ao Pronto Socorro do munic\u00edpio para avalia\u00e7\u00e3o cl\u00ednica. As demais residentes est\u00e3o sendo atendidas em uma casa especializada em tratamento terap\u00eautico.<\/p>\n<\/div>\n<\/div>\n<div id=\"chunk-bqrmh\">\n<div class=\"mc-column content-text active-extra-styles\" data-block-type=\"unstyled\" data-block-weight=\"24\" data-block-id=\"8\">\n<p class=\"content-text__container\" style=\"text-align: justify;\" data-track-category=\"Link no Texto\" data-track-links=\"\" data-mrf-recirculation=\"Article links\">Conforme a Pol\u00edcia Civil, n\u00e3o havia um respons\u00e1vel legal pelos acolhidos. A propriet\u00e1ria foi identificada e vai responder a inqu\u00e9rito policial.&nbsp;<span class=\"highlight highlighted\">Ningu\u00e9m foi preso.<\/span><\/p>\n<p style=\"text-align: justify;\" data-track-category=\"Link no Texto\" data-track-links=\"\" data-mrf-recirculation=\"Article links\"><em>Fonte: g1 RS<\/em><\/p>\n<p style=\"text-align: justify;\" data-track-category=\"Link no Texto\" data-track-links=\"\" data-mrf-recirculation=\"Article links\"><em>Foto: Divulga\u00e7\u00e3o\/Prefeitura de Pelotas<\/em><\/p>\n<p style=\"text-align: justify;\" data-track-category=\"Link no Texto\" data-track-links=\"\" data-mrf-recirculation=\"Article links\"><a href=\"https:\/\/www2.comunitaria.com.br\/en\/alimentos-vencidos-prescricoes-medicas-sem-validade-ha-mais-de-um-ano-e-falta-de-alvara-clinica-geriatrica-e-interditada-no-rs\/g1-2024-10-11t124023-253\/\" rel=\"attachment wp-att-65570\"><img loading=\"lazy\" decoding=\"async\" class=\"aligncenter size-full wp-image-65570\" src=\"http:\/\/www2.comunitaria.com.br\/wp-content\/uploads\/2024\/10\/g1-2024-10-11t124023.253.avif\" alt=\"\" width=\"640\" height=\"360\"><\/a><\/p>\n<\/div>\n<\/div>","protected":false},"excerpt":{"rendered":"<p>Uma cl\u00ednica geri\u00e1trica que funcionava de forma clandestina&nbsp;em&nbsp;Pelotas, no Sul do estado, foi interditada pela Pol\u00edcia Civil na quinta-feira (10). No local, foram encontrados&nbsp;alimentos vencidos&nbsp;e&nbsp;prescri\u00e7\u00f5es m\u00e9dicas sem validade h\u00e1 mais de um ano. O espa\u00e7o n\u00e3o tinha alvar\u00e1 de funcionamento. Duas idosas e outras tr\u00eas mulheres com menos de 60 anos foram encontradas na cl\u00ednica.<\/p>\n<div class=\"read-more-wrapper\"><a class=\"read-more\" href=\"https:\/\/www2.comunitaria.com.br\/en\/alimentos-vencidos-prescricoes-medicas-sem-validade-ha-mais-de-um-ano-e-falta-de-alvara-clinica-geriatrica-e-interditada-no-rs\/\" title=\"Read More\"> <span class=\"button\">Read More<\/span><\/a><\/div>","protected":false},"author":2,"featured_media":65570,"comment_status":"closed","ping_status":"closed","sticky":false,"template":"","format":"standard","meta":{"ngg_post_thumbnail":0,"footnotes":""},"categories":[46,28,33],"tags":[3012],"class_list":["post-65569","post","type-post","status-publish","format-standard","has-post-thumbnail","hentry","category-estado","category-destaque","category-noticias","tag-pelotas"],"amp_enabled":true,"_links":{"self":[{"href":"https:\/\/www2.comunitaria.com.br\/en\/wp-json\/wp\/v2\/posts\/65569","targetHints":{"allow":["GET"]}}],"collection":[{"href":"https:\/\/www2.comunitaria.com.br\/en\/wp-json\/wp\/v2\/posts"}],"about":[{"href":"https:\/\/www2.comunitaria.com.br\/en\/wp-json\/wp\/v2\/types\/post"}],"author":[{"embeddable":true,"href":"https:\/\/www2.comunitaria.com.br\/en\/wp-json\/wp\/v2\/users\/2"}],"replies":[{"embeddable":true,"href":"https:\/\/www2.comunitaria.com.br\/en\/wp-json\/wp\/v2\/comments?post=65569"}],"version-history":[{"count":0,"href":"https:\/\/www2.comunitaria.com.br\/en\/wp-json\/wp\/v2\/posts\/65569\/revisions"}],"wp:featuredmedia":[{"embeddable":true,"href":"https:\/\/www2.comunitaria.com.br\/en\/wp-json\/wp\/v2\/media\/65570"}],"wp:attachment":[{"href":"https:\/\/www2.comunitaria.com.br\/en\/wp-json\/wp\/v2\/media?parent=65569"}],"wp:term":[{"taxonomy":"category","embeddable":true,"href":"https:\/\/www2.comunitaria.com.br\/en\/wp-json\/wp\/v2\/categories?post=65569"},{"taxonomy":"post_tag","embeddable":true,"href":"https:\/\/www2.comunitaria.com.br\/en\/wp-json\/wp\/v2\/tags?post=65569"}],"curies":[{"name":"wp","href":"https:\/\/api.w.org\/{rel}","templated":true}]}}