{"id":65479,"date":"2024-10-10T13:06:21","date_gmt":"2024-10-10T15:06:21","guid":{"rendered":"https:\/\/www2.comunitaria.com.br\/?p=65479"},"modified":"2024-10-10T13:06:22","modified_gmt":"2024-10-10T15:06:22","slug":"estado-anuncia-r-584-milhoes-em-investimentos-e-incentivos-para-setores-produtivos","status":"publish","type":"post","link":"https:\/\/www2.comunitaria.com.br\/en\/estado-anuncia-r-584-milhoes-em-investimentos-e-incentivos-para-setores-produtivos\/","title":{"rendered":"Estado anuncia R$ 584 milh\u00f5es em investimentos e incentivos para setores produtivos"},"content":{"rendered":"<p style=\"text-align: justify;\">O governo do Estado anunciou, nesta quarta-feira (9\/10), investimentos de R$ 584 milh\u00f5es em 19 empreendimentos no Rio Grande do Sul. Desse montante, cerca de R$ 146 milh\u00f5es s\u00e3o provenientes de investimentos privados e mais de R$ 437,6 milh\u00f5es ser\u00e3o oferecidos pelo governo na forma de incentivos para a implanta\u00e7\u00e3o ou expans\u00e3o de plantas industriais. Esses investimentos v\u00e3o gerar 830 empregos diretos no Estado.<\/p>\n<p style=\"text-align: justify;\">O ato contou com a presen\u00e7a do governador Eduardo Leite e de lideran\u00e7as empresariais. \u201cEstamos com um projeto de desenvolvimento que olha as diversas frentes, tanto os neg\u00f3cios em \u00e1reas consolidadas como os setores que consideramos portadores de futuro, os quais abrangem a transi\u00e7\u00e3o energ\u00e9tica. Estamos firmando diversos compromissos para fazer com que a capacidade empreendedora ga\u00facha aflore em forma de investimentos que gerem empregos e mudem a realidade das cidades e a vida das pessoas\u201d, afirmou Leite.&nbsp;<\/p>\n<p style=\"text-align: justify;\">Tamb\u00e9m participaram da solenidade os secret\u00e1rios de Desenvolvimento Econ\u00f4mico, Ernani Polo, e da Fazenda, Pricilla Santana. \u201c\u00c9 muito importante criarmos as condi\u00e7\u00f5es para que o crescimento econ\u00f4mico aconte\u00e7a, porque isso tamb\u00e9m promove melhoria social, gerando oportunidades de trabalho e trazendo dignidade \u00e0s pessoas\u201d, ressaltou Polo.<\/p>\n<p style=\"text-align: justify;\">Entre os empreendimentos que v\u00e3o aportar recursos em plantas industriais no Estado, est\u00e1 a Companhia Riograndense de Valoriza\u00e7\u00e3o de Res\u00edduos (CRVR), que vai investir cerca de R$ 96 milh\u00f5es em uma planta de biometano em S\u00e3o Leopoldo, regi\u00e3o do Vale do Sinos. A nova unidade ter\u00e1 capacidade de 34.000 m\u00b3 de produ\u00e7\u00e3o di\u00e1ria de g\u00e1s. As obras est\u00e3o previstas para come\u00e7ar nos pr\u00f3ximos meses, com entrega programada at\u00e9 o fim de 2026.&nbsp;<\/p>\n<p style=\"text-align: justify;\">O outro \u00e9 o Grupo Basso &amp; Pancotte, que vai dispor mais de R$ 50 milh\u00f5es em m\u00e1quinas e equipamentos para constru\u00e7\u00e3o de unidade fabril do ramo de produtos agropecu\u00e1rios, veterin\u00e1rios e pets em Nova Alvorada. O prazo estimado para in\u00edcio da implanta\u00e7\u00e3o do projeto \u00e9 mar\u00e7o de 2025, com t\u00e9rmino calculado para janeiro de 2026.<\/p>\n<p style=\"text-align: justify;\">Al\u00e9m desses an\u00fancios, o governo firmou compromissos com 17 empreendimentos, de diversos segmentos, que receber\u00e3o incentivos e benef\u00edcios fiscais do Estado para ampliar investimentos nas ind\u00fastrias. As empresas beneficiadas s\u00e3o Bazei Embalagens, Bigfer Ind\u00fastria, Plastmarau, Lauro Weber &amp; Cia, Pl\u00e1sticos It\u00e1lia, Plastrela, Sulforte, Vida Embalagens, Cooperativa Nova Alian\u00e7a, Cooprado, Fundi\u00e7\u00e3o Ciron, Gasparin Cereais, S\u00e3o Jos\u00e9 Industrial, Mais Frango Miragua\u00ed, Mepel M\u00e1quinas e Equipamentos e Plaxmetal. Todas v\u00e3o ter um abatimento referente ao Imposto sobre Circula\u00e7\u00e3o de Mercadorias e Servi\u00e7os (ICMS).<\/p>\n<p style=\"text-align: justify;\">O diretor-presidente da CRVR, Leomyr Girondi, ressaltou que o projeto da planta de biometano representa um avan\u00e7o significativo no processo de transi\u00e7\u00e3o do Rio Grande do Sul para uma economia mais verde. \u201cInvestir em inova\u00e7\u00e3o e em fontes de energia renov\u00e1veis \u00e9 essencial para o desenvolvimento sustent\u00e1vel do Estado, especialmente neste momento de reconstru\u00e7\u00e3o e retomada econ\u00f4mica\u201d, afirmou.<\/p>\n<p style=\"text-align: justify;\">\u201cO incentivo fiscal que celebramos hoje \u00e9 um marco que n\u00e3o apenas fortalece a confian\u00e7a das empresas em nosso Estado, mas tamb\u00e9m gera oportunidades, especialmente neste momento em que nosso Rio Grande do Sul precisa unir for\u00e7as para sua recupera\u00e7\u00e3o\u201d, acrescentou o diretor-presidente da empresa S\u00e3o Jos\u00e9, Geraldo Recktenwald, que falou em nome dos 17 empreendimentos beneficiados.<\/p>\n<p style=\"text-align: justify;\"><em>Fonte: Governo do Estado do RS<\/em><\/p>\n<p style=\"text-align: justify;\"><em>Foto: Vitor Rosa\/Secom<a href=\"https:\/\/www2.comunitaria.com.br\/en\/estado-anuncia-r-584-milhoes-em-investimentos-e-incentivos-para-setores-produtivos\/09181100_2154265_gd\/\" rel=\"attachment wp-att-65480\"><img loading=\"lazy\" decoding=\"async\" class=\"aligncenter size-full wp-image-65480\" src=\"http:\/\/www2.comunitaria.com.br\/wp-content\/uploads\/2024\/10\/09181100_2154265_GD.jpg\" alt=\"\" width=\"945\" height=\"532\" srcset=\"https:\/\/www2.comunitaria.com.br\/wp-content\/uploads\/2024\/10\/09181100_2154265_GD.jpg 945w, https:\/\/www2.comunitaria.com.br\/wp-content\/uploads\/2024\/10\/09181100_2154265_GD-300x169.jpg 300w, https:\/\/www2.comunitaria.com.br\/wp-content\/uploads\/2024\/10\/09181100_2154265_GD-768x432.jpg 768w, https:\/\/www2.comunitaria.com.br\/wp-content\/uploads\/2024\/10\/09181100_2154265_GD-260x145.jpg 260w\" sizes=\"auto, (max-width: 945px) 100vw, 945px\" \/><\/a><\/em><\/p>","protected":false},"excerpt":{"rendered":"<p>O governo do Estado anunciou, nesta quarta-feira (9\/10), investimentos de R$ 584 milh\u00f5es em 19 empreendimentos no Rio Grande do Sul. Desse montante, cerca de R$ 146 milh\u00f5es s\u00e3o provenientes&#8230;<\/p>","protected":false},"author":2,"featured_media":65480,"comment_status":"closed","ping_status":"closed","sticky":false,"template":"","format":"standard","meta":{"ngg_post_thumbnail":0,"footnotes":""},"categories":[46,28,33],"tags":[923,1192],"class_list":["post-65479","post","type-post","status-publish","format-standard","has-post-thumbnail","hentry","category-estado","category-destaque","category-noticias","tag-investimento","tag-rio-grande-do-sul"],"amp_enabled":true,"_links":{"self":[{"href":"https:\/\/www2.comunitaria.com.br\/en\/wp-json\/wp\/v2\/posts\/65479","targetHints":{"allow":["GET"]}}],"collection":[{"href":"https:\/\/www2.comunitaria.com.br\/en\/wp-json\/wp\/v2\/posts"}],"about":[{"href":"https:\/\/www2.comunitaria.com.br\/en\/wp-json\/wp\/v2\/types\/post"}],"author":[{"embeddable":true,"href":"https:\/\/www2.comunitaria.com.br\/en\/wp-json\/wp\/v2\/users\/2"}],"replies":[{"embeddable":true,"href":"https:\/\/www2.comunitaria.com.br\/en\/wp-json\/wp\/v2\/comments?post=65479"}],"version-history":[{"count":0,"href":"https:\/\/www2.comunitaria.com.br\/en\/wp-json\/wp\/v2\/posts\/65479\/revisions"}],"wp:featuredmedia":[{"embeddable":true,"href":"https:\/\/www2.comunitaria.com.br\/en\/wp-json\/wp\/v2\/media\/65480"}],"wp:attachment":[{"href":"https:\/\/www2.comunitaria.com.br\/en\/wp-json\/wp\/v2\/media?parent=65479"}],"wp:term":[{"taxonomy":"category","embeddable":true,"href":"https:\/\/www2.comunitaria.com.br\/en\/wp-json\/wp\/v2\/categories?post=65479"},{"taxonomy":"post_tag","embeddable":true,"href":"https:\/\/www2.comunitaria.com.br\/en\/wp-json\/wp\/v2\/tags?post=65479"}],"curies":[{"name":"wp","href":"https:\/\/api.w.org\/{rel}","templated":true}]}}