{"id":65457,"date":"2024-10-09T14:57:15","date_gmt":"2024-10-09T16:57:15","guid":{"rendered":"https:\/\/www2.comunitaria.com.br\/?p=65457"},"modified":"2024-10-17T14:08:39","modified_gmt":"2024-10-17T16:08:39","slug":"inscricoes-abertas-para-o-1o-canta-frederico","status":"publish","type":"post","link":"https:\/\/www2.comunitaria.com.br\/en\/inscricoes-abertas-para-o-1o-canta-frederico\/","title":{"rendered":"Inscri\u00e7\u00f5es abertas para o 1\u00ba Canta Frederico"},"content":{"rendered":"<p>J\u00e1 est\u00e3o abertas as inscri\u00e7\u00f5es para a&nbsp; primeira edi\u00e7\u00e3o do <strong>Canta Frederico<\/strong>, um festival de m\u00fasica que busca dar espa\u00e7o para apresenta\u00e7\u00f5es de artistas amadores e profissionais de Frederico Westphalen. A realiza\u00e7\u00e3o \u00e9 da R\u00e1dio Comunit\u00e1ria FM e conta com o apoio da Lei Aldir Blanc II de fomento para cultura.&nbsp;<\/p>\n<p>A primeira edi\u00e7\u00e3o acontecer\u00e1 nos meses de outubro, novembro e dezembro de 2024 e tem como objetivo decentralizar os espa\u00e7os de cultura j\u00e1 que as apresenta\u00e7\u00f5es ir\u00e3o acontecer em bairros e no interior da cidade. A edi\u00e7\u00e3o de outubro acontece no pr\u00f3ximo dia 26, um s\u00e1bado, na Ch\u00e1cara Ferigollo, na Linha S\u00e3o Jos\u00e9.&nbsp;<\/p>\n<p>Cantores de todo munic\u00edpio poder\u00e3o realizar apresenta\u00e7\u00f5es dentro das categorias infantil e adulto. Interpretes individuais, duplas e bandas est\u00e3o convidadas.&nbsp;<\/p>\n<p><em>Inscri\u00e7\u00f5es pelo telefone 3744-6677 ou pelo Whatsapp 99669-8790<\/em><\/p>\n<p><strong>Sobre a Lei Aldir Blanc II<\/strong><\/p>\n<p>A Lei Aldir Blanc 2, ou Pol\u00edtica Nacional Aldir Blanc de Fomento \u00e0 Cultura (PNAB), \u00e9 uma lei que visa fomentar a cultura brasileira por meio de repasses anuais de recursos da Uni\u00e3o para os estados, Distrito Federal e munic\u00edpios.&nbsp;A lei foi institu\u00edda pela Lei n\u00ba 14.399, de 8 de julho de 2022, e tem vig\u00eancia de cinco anos, a partir de 2023.<\/p>\n<p>Tem como objetivos: beneficiar trabalhadores da cultura, financiar projetos culturais, fortalecer os pontos de cultura, promover a diversidade cultural e ampliar o acesso \u00e0 cultura.<\/p>\n<p>&nbsp;<\/p>\n<p>&nbsp;<\/p>","protected":false},"excerpt":{"rendered":"<p>J\u00e1 est\u00e3o abertas as inscri\u00e7\u00f5es para a&nbsp; primeira edi\u00e7\u00e3o do Canta Frederico, um festival de m\u00fasica que busca dar espa\u00e7o para apresenta\u00e7\u00f5es de artistas amadores e profissionais de Frederico Westphalen&#8230;.<\/p>","protected":false},"author":2,"featured_media":65486,"comment_status":"closed","ping_status":"closed","sticky":false,"template":"","format":"standard","meta":{"ngg_post_thumbnail":0,"footnotes":""},"categories":[3593,42,28,33,43],"tags":[6886,1001,82,1159],"class_list":["post-65457","post","type-post","status-publish","format-standard","has-post-thumbnail","hentry","category-cultura","category-fred-west","category-destaque","category-noticias","category-regiao","tag-canta-frederico","tag-cultura","tag-frederico-westphalen","tag-musica"],"amp_enabled":true,"_links":{"self":[{"href":"https:\/\/www2.comunitaria.com.br\/en\/wp-json\/wp\/v2\/posts\/65457","targetHints":{"allow":["GET"]}}],"collection":[{"href":"https:\/\/www2.comunitaria.com.br\/en\/wp-json\/wp\/v2\/posts"}],"about":[{"href":"https:\/\/www2.comunitaria.com.br\/en\/wp-json\/wp\/v2\/types\/post"}],"author":[{"embeddable":true,"href":"https:\/\/www2.comunitaria.com.br\/en\/wp-json\/wp\/v2\/users\/2"}],"replies":[{"embeddable":true,"href":"https:\/\/www2.comunitaria.com.br\/en\/wp-json\/wp\/v2\/comments?post=65457"}],"version-history":[{"count":0,"href":"https:\/\/www2.comunitaria.com.br\/en\/wp-json\/wp\/v2\/posts\/65457\/revisions"}],"wp:featuredmedia":[{"embeddable":true,"href":"https:\/\/www2.comunitaria.com.br\/en\/wp-json\/wp\/v2\/media\/65486"}],"wp:attachment":[{"href":"https:\/\/www2.comunitaria.com.br\/en\/wp-json\/wp\/v2\/media?parent=65457"}],"wp:term":[{"taxonomy":"category","embeddable":true,"href":"https:\/\/www2.comunitaria.com.br\/en\/wp-json\/wp\/v2\/categories?post=65457"},{"taxonomy":"post_tag","embeddable":true,"href":"https:\/\/www2.comunitaria.com.br\/en\/wp-json\/wp\/v2\/tags?post=65457"}],"curies":[{"name":"wp","href":"https:\/\/api.w.org\/{rel}","templated":true}]}}