{"id":65370,"date":"2024-10-04T10:58:15","date_gmt":"2024-10-04T12:58:15","guid":{"rendered":"https:\/\/www2.comunitaria.com.br\/?p=65370"},"modified":"2024-10-04T10:58:16","modified_gmt":"2024-10-04T12:58:16","slug":"governo-investe-r-5525-mil-em-escolas-de-santa-maria-santo-augusto-e-camaqua","status":"publish","type":"post","link":"https:\/\/www2.comunitaria.com.br\/en\/governo-investe-r-5525-mil-em-escolas-de-santa-maria-santo-augusto-e-camaqua\/","title":{"rendered":"Governo investe R$ 552,5 mil em escolas de Santa Maria, Santo Augusto e Camaqu\u00e3"},"content":{"rendered":"<p style=\"text-align: justify;\">O governo iniciou tr\u00eas obras em escolas estaduais, com investimento de R$ 552,5 mil. O maior valor, cerca de R$ 218 mil, \u00e9 destinado para sanar as infiltra\u00e7\u00f5es no Col\u00e9gio Estadual Manoel Ribas, uma das mais antigas de Santa Maria. A escola tamb\u00e9m est\u00e1 recebendo R$ 647 mil para reforma do telhado, por meio da parceria com o Movimento Uni\u00e3o BR.<\/p>\n<p style=\"text-align: justify;\">Mais obras come\u00e7aram na Escola Estadual de Ensino M\u00e9dio (EEEM) Santo Augusto, no munic\u00edpio de mesmo nome, que est\u00e1 recebendo R$ 181 mil, e na Escola Estadual de Ensino Fundamental(EEEF) Doutor Carvalho Bastos, em Camaqu\u00e3, com investimento de R$ 153 mil. Juntas, elas atendem a mais de 1,9 mil alunos.<\/p>\n<p style=\"text-align: justify;\"><strong>Col\u00e9gio Estadual Manoel Ribas, em Santa Maria<\/strong><\/p>\n<ul style=\"text-align: justify;\">\n<li>Investimento: R$ 218 mil<\/li>\n<li>Obra: saneamento das infiltra\u00e7\u00f5es<\/li>\n<li>In\u00edcio: 17\/9<\/li>\n<li>Prazo de conclus\u00e3o: 60 dias<\/li>\n<li>Fiscaliza\u00e7\u00e3o: 8\u00aa Coordenadoria Regional de Obras P\u00fablicas (Crop), de Santa Maria<\/li>\n<li>Empresa respons\u00e1vel: 4D Constru\u00e7\u00f5es<\/li>\n<li>Alunos: 883<\/li>\n<li>Endere\u00e7o: Rua Jos\u00e9 do Patroc\u00ednio, 85, bairro Centro \u2013 Santa Maria<\/li>\n<\/ul>\n<p style=\"text-align: justify;\"><strong>EEEF Doutor Carvalho Bastos, em Camaqu\u00e3<\/strong><\/p>\n<ul style=\"text-align: justify;\">\n<li>Investimento: R$ 153 mil<\/li>\n<li>Obra: adequa\u00e7\u00e3o de rampas e constru\u00e7\u00e3o de um sanit\u00e1rio para pessoas com necessidades especiais (PNE)<\/li>\n<li>In\u00edcio: 18\/9<\/li>\n<li>Prazo de conclus\u00e3o: 90 dias<\/li>\n<li>Fiscaliza\u00e7\u00e3o: 12\u00aa Crop, de Gua\u00edba<\/li>\n<li>Empresa respons\u00e1vel: Jorge Henrique Soares de Assis<\/li>\n<li>Alunos: 342<\/li>\n<li>Endere\u00e7o: Rua Jose Bonif\u00e1cio, 298, bairro Vila Nova \u2013 Camaqu\u00e3<\/li>\n<\/ul>\n<p style=\"text-align: justify;\"><strong>EEEM Santo Augusto, em Santo Augusto<\/strong><\/p>\n<ul style=\"text-align: justify;\">\n<li>Investimento: R$ 181 mil<\/li>\n<li>Obra: substitui\u00e7\u00e3o do piso da quadra do gin\u00e1sio e dos refletores<\/li>\n<li>In\u00edcio: 13\/9<\/li>\n<li>Prazo de conclus\u00e3o: 90 dias<\/li>\n<li>Fiscaliza\u00e7\u00e3o: 17\u00aa Crop, de Santa Rosa<\/li>\n<li>Empresa respons\u00e1vel: M P Mezzaroba<\/li>\n<li>Alunos: 692<\/li>\n<li>Endere\u00e7o: Rua Professor Romalino Torres, 108, bairro Floresta \u2013 Santo Augusto<\/li>\n<\/ul>\n<p style=\"text-align: justify;\"><em>Fonte: Governo do Estado do RS<\/em><\/p>\n<p style=\"text-align: justify;\"><em>Foto: Giselle Souto\/SOP<a href=\"https:\/\/www2.comunitaria.com.br\/en\/governo-investe-r-5525-mil-em-escolas-de-santa-maria-santo-augusto-e-camaqua\/03175447_2153727_gd\/\" rel=\"attachment wp-att-65371\"><img loading=\"lazy\" decoding=\"async\" class=\"aligncenter size-full wp-image-65371\" src=\"http:\/\/www2.comunitaria.com.br\/wp-content\/uploads\/2024\/10\/03175447_2153727_GD.jpg\" alt=\"\" width=\"945\" height=\"532\" srcset=\"https:\/\/www2.comunitaria.com.br\/wp-content\/uploads\/2024\/10\/03175447_2153727_GD.jpg 945w, https:\/\/www2.comunitaria.com.br\/wp-content\/uploads\/2024\/10\/03175447_2153727_GD-300x169.jpg 300w, https:\/\/www2.comunitaria.com.br\/wp-content\/uploads\/2024\/10\/03175447_2153727_GD-768x432.jpg 768w, https:\/\/www2.comunitaria.com.br\/wp-content\/uploads\/2024\/10\/03175447_2153727_GD-260x145.jpg 260w\" sizes=\"auto, (max-width: 945px) 100vw, 945px\" \/><\/a><\/em><\/p>","protected":false},"excerpt":{"rendered":"<p>O governo iniciou tr\u00eas obras em escolas estaduais, com investimento de R$ 552,5 mil. O maior valor, cerca de R$ 218 mil, \u00e9 destinado para sanar as infiltra\u00e7\u00f5es no Col\u00e9gio&#8230;<\/p>","protected":false},"author":2,"featured_media":65371,"comment_status":"closed","ping_status":"closed","sticky":false,"template":"","format":"standard","meta":{"ngg_post_thumbnail":0,"footnotes":""},"categories":[44,46,28,33,43],"tags":[6830,224,1104,6831],"class_list":["post-65370","post","type-post","status-publish","format-standard","has-post-thumbnail","hentry","category-educacao","category-estado","category-destaque","category-noticias","category-regiao","tag-camaqua","tag-escolas","tag-santa-maria","tag-santo-augusto"],"amp_enabled":true,"_links":{"self":[{"href":"https:\/\/www2.comunitaria.com.br\/en\/wp-json\/wp\/v2\/posts\/65370","targetHints":{"allow":["GET"]}}],"collection":[{"href":"https:\/\/www2.comunitaria.com.br\/en\/wp-json\/wp\/v2\/posts"}],"about":[{"href":"https:\/\/www2.comunitaria.com.br\/en\/wp-json\/wp\/v2\/types\/post"}],"author":[{"embeddable":true,"href":"https:\/\/www2.comunitaria.com.br\/en\/wp-json\/wp\/v2\/users\/2"}],"replies":[{"embeddable":true,"href":"https:\/\/www2.comunitaria.com.br\/en\/wp-json\/wp\/v2\/comments?post=65370"}],"version-history":[{"count":0,"href":"https:\/\/www2.comunitaria.com.br\/en\/wp-json\/wp\/v2\/posts\/65370\/revisions"}],"wp:featuredmedia":[{"embeddable":true,"href":"https:\/\/www2.comunitaria.com.br\/en\/wp-json\/wp\/v2\/media\/65371"}],"wp:attachment":[{"href":"https:\/\/www2.comunitaria.com.br\/en\/wp-json\/wp\/v2\/media?parent=65370"}],"wp:term":[{"taxonomy":"category","embeddable":true,"href":"https:\/\/www2.comunitaria.com.br\/en\/wp-json\/wp\/v2\/categories?post=65370"},{"taxonomy":"post_tag","embeddable":true,"href":"https:\/\/www2.comunitaria.com.br\/en\/wp-json\/wp\/v2\/tags?post=65370"}],"curies":[{"name":"wp","href":"https:\/\/api.w.org\/{rel}","templated":true}]}}