{"id":65334,"date":"2024-10-03T17:29:17","date_gmt":"2024-10-03T19:29:17","guid":{"rendered":"https:\/\/www2.comunitaria.com.br\/?p=65334"},"modified":"2024-10-03T17:29:35","modified_gmt":"2024-10-03T19:29:35","slug":"65334-2","status":"publish","type":"post","link":"https:\/\/www2.comunitaria.com.br\/en\/65334-2\/","title":{"rendered":"Edital destina R$ 80 mil para produtores culturais se apresentarem na Feira do Livro 2024"},"content":{"rendered":"<p style=\"text-align: justify;\">Est\u00e3o abertas at\u00e9 sexta-feira (4) as inscri\u00e7\u00f5es para o edital de chamamento p\u00fablico n\u00ba 02\/2024, que seleciona agentes culturais para realiza\u00e7\u00e3o de projetos na Feira do Livro 2024 em Frederico Westphalen. Ser\u00e3o distribu\u00eddos R$ 80 mil para os produtores selecionados, valores provenientes da Pol\u00edtica Nacional Aldir Blanc de Fomento \u00e0 Cultura (PNAB).<\/p>\n<p style=\"text-align: justify;\">Marcada para os dias 21 e 22 de novembro, a Feira do Livro de 2024 traz como tema \u201cUm Movimento Liter\u00e1rio\u201d, assunto ao qual os projetos submetidos dever\u00e3o estar alinhados. Ser\u00e3o contemplados com recurso aqueles produtores e agentes culturais que tenham contribu\u00eddo com o desenvolvimento art\u00edstico ou cultural de Frederico Westphalen.<\/p>\n<p style=\"text-align: justify;\"><strong>Categorias<\/strong><\/p>\n<p style=\"text-align: justify;\">Na modalidade \u201cIniciativas Culturais&#8221;, o valor total \u00e9 de R$ 20 mil, e ser\u00e1 destinado para oito agentes culturais do munic\u00edpio. J\u00e1 a categoria \u201cPr\u00eamios Livres\u201d disp\u00f5e de dois pr\u00eamios de R$ 3 mil cada, e vai contemplar artistas locais e regionais. Com valor total de R$ 24 mil, a modalidade \u201cArtistas de Teatro, Dan\u00e7a, M\u00fasica e Palavra Cantada\u201d vai destinar o valor de R$ 4 mil a seis artistas. E, na categoria \u201cEscritores\u201d, seis escritores ser\u00e3o contemplados com pr\u00eamios de R$ 5 mil cada.<\/p>\n<p style=\"text-align: justify;\">A sele\u00e7\u00e3o dos contemplados ser\u00e1 realizada por duas comiss\u00f5es. A comiss\u00e3o avaliadora ser\u00e1 composta por profissionais com conhecimento t\u00e9cnico na \u00e1rea de pol\u00edticas culturais, e a comiss\u00e3o fiscal ser\u00e1 formada por profissionais com conhecimentos jur\u00eddicos e cont\u00e1beis, al\u00e9m de um membro do Conselho Municipal de Cultura.<\/p>\n<p style=\"text-align: justify;\"><strong>Per\u00edodo de inscri\u00e7\u00f5es<\/strong><\/p>\n<p style=\"text-align: justify;\">Iniciadas na segunda-feira (30 de setembro), as inscri\u00e7\u00f5es v\u00e3o at\u00e9 sexta-feira (4 de outubro). Para se inscrever, \u00e9 necess\u00e1rio encaminhar a documenta\u00e7\u00e3o solicitada no edital para o e-mail culturafw@yahoo.com, ou entregar presencialmente no Departamento de Cultura, junto \u00e0 sede da Prefeitura Municipal, localizada na Rua Jos\u00e9 Ca\u00f1ellas, n\u00ba 258, Centro, das 8 horas \u00e0s 11h30min e das 13h30min \u00e0s 17 horas.<\/p>\n<p style=\"text-align: justify;\">Acesse o edital aqui<br \/>\n<a href=\"https:\/\/www.fredericowestphalen-rs.com.br\/documento\/view\/158\/edital-de-chamamento-publico-022024-premiacao-pnab\">https:\/\/www.fredericowestphalen-rs.com.br\/documento\/view\/158\/edital-de-chamamento-publico-022024-premiacao-pnab<\/a><\/p>\n<p><a href=\"https:\/\/www2.comunitaria.com.br\/en\/65334-2\/imagem-do-whatsapp-de-2024-10-03-as-08-26-44_76a4a637\/\" rel=\"attachment wp-att-65335\"><img loading=\"lazy\" decoding=\"async\" class=\"aligncenter size-full wp-image-65335\" src=\"http:\/\/www2.comunitaria.com.br\/wp-content\/uploads\/2024\/10\/Imagem-do-WhatsApp-de-2024-10-03-as-08.26.44_76a4a637.jpg\" alt=\"\" width=\"630\" height=\"383\" srcset=\"https:\/\/www2.comunitaria.com.br\/wp-content\/uploads\/2024\/10\/Imagem-do-WhatsApp-de-2024-10-03-as-08.26.44_76a4a637.jpg 630w, https:\/\/www2.comunitaria.com.br\/wp-content\/uploads\/2024\/10\/Imagem-do-WhatsApp-de-2024-10-03-as-08.26.44_76a4a637-300x182.jpg 300w\" sizes=\"auto, (max-width: 630px) 100vw, 630px\" \/><\/a><\/p>","protected":false},"excerpt":{"rendered":"<p>Est\u00e3o abertas at\u00e9 sexta-feira (4) as inscri\u00e7\u00f5es para o edital de chamamento p\u00fablico n\u00ba 02\/2024, que seleciona agentes culturais para realiza\u00e7\u00e3o de projetos na Feira do Livro 2024 em Frederico Westphalen. Ser\u00e3o distribu\u00eddos R$ 80 mil para os produtores selecionados, valores provenientes da Pol\u00edtica Nacional Aldir Blanc de Fomento \u00e0 Cultura (PNAB). Marcada para os<\/p>\n<div class=\"read-more-wrapper\"><a class=\"read-more\" href=\"https:\/\/www2.comunitaria.com.br\/en\/65334-2\/\" title=\"Read More\"> <span class=\"button\">Read More<\/span><\/a><\/div>","protected":false},"author":2,"featured_media":65335,"comment_status":"closed","ping_status":"closed","sticky":false,"template":"","format":"standard","meta":{"ngg_post_thumbnail":0,"footnotes":""},"categories":[44,42,28,33,43],"tags":[6820,6819],"class_list":["post-65334","post","type-post","status-publish","format-standard","has-post-thumbnail","hentry","category-educacao","category-fred-west","category-destaque","category-noticias","category-regiao","tag-feira-do-livro-2024","tag-lei-aldir-blanc"],"amp_enabled":true,"_links":{"self":[{"href":"https:\/\/www2.comunitaria.com.br\/en\/wp-json\/wp\/v2\/posts\/65334","targetHints":{"allow":["GET"]}}],"collection":[{"href":"https:\/\/www2.comunitaria.com.br\/en\/wp-json\/wp\/v2\/posts"}],"about":[{"href":"https:\/\/www2.comunitaria.com.br\/en\/wp-json\/wp\/v2\/types\/post"}],"author":[{"embeddable":true,"href":"https:\/\/www2.comunitaria.com.br\/en\/wp-json\/wp\/v2\/users\/2"}],"replies":[{"embeddable":true,"href":"https:\/\/www2.comunitaria.com.br\/en\/wp-json\/wp\/v2\/comments?post=65334"}],"version-history":[{"count":0,"href":"https:\/\/www2.comunitaria.com.br\/en\/wp-json\/wp\/v2\/posts\/65334\/revisions"}],"wp:featuredmedia":[{"embeddable":true,"href":"https:\/\/www2.comunitaria.com.br\/en\/wp-json\/wp\/v2\/media\/65335"}],"wp:attachment":[{"href":"https:\/\/www2.comunitaria.com.br\/en\/wp-json\/wp\/v2\/media?parent=65334"}],"wp:term":[{"taxonomy":"category","embeddable":true,"href":"https:\/\/www2.comunitaria.com.br\/en\/wp-json\/wp\/v2\/categories?post=65334"},{"taxonomy":"post_tag","embeddable":true,"href":"https:\/\/www2.comunitaria.com.br\/en\/wp-json\/wp\/v2\/tags?post=65334"}],"curies":[{"name":"wp","href":"https:\/\/api.w.org\/{rel}","templated":true}]}}