{"id":65252,"date":"2024-10-02T09:30:51","date_gmt":"2024-10-02T11:30:51","guid":{"rendered":"https:\/\/www2.comunitaria.com.br\/?p=65252"},"modified":"2024-10-02T09:30:52","modified_gmt":"2024-10-02T11:30:52","slug":"ufsm-marca-retorno-das-aulas-presenciais-apos-casos-suspeitos-de-rotavirus-entre-os-estudantes","status":"publish","type":"post","link":"https:\/\/www2.comunitaria.com.br\/en\/ufsm-marca-retorno-das-aulas-presenciais-apos-casos-suspeitos-de-rotavirus-entre-os-estudantes\/","title":{"rendered":"UFSM marca retorno das aulas presenciais ap\u00f3s casos suspeitos de rotav\u00edrus entre os estudantes"},"content":{"rendered":"<p style=\"text-align: justify;\">A Universidade Federal de&nbsp;Santa Maria&nbsp;(UFSM) marcou,&nbsp;<strong>para esta quarta-feira (2)<\/strong>,&nbsp;<span class=\"highlight highlighted\">a retomada das aulas e atividades administrativas presenciais<\/span>&nbsp;na institui\u00e7\u00e3o. Casos em investiga\u00e7\u00e3o&nbsp;de rotav\u00edrus entre os alunos&nbsp;haviam motivado a suspens\u00e3o do expediente na segunda (30) e nesta ter\u00e7a-feira (1\u00ba).<\/p>\n<div id=\"chunk-ap4do\" style=\"text-align: justify;\">\n<div class=\"mc-column content-text active-extra-styles\" data-block-type=\"unstyled\" data-block-weight=\"43\" data-block-id=\"5\">\n<p class=\"content-text__container\" data-track-category=\"Link no Texto\" data-track-links=\"\" data-mrf-recirculation=\"Article links\">At\u00e9 agora, de acordo com a Secretaria da Sa\u00fade do munic\u00edpio do Centro do estado,&nbsp;<strong>292 pessoas procuraram unidades de sa\u00fade<\/strong>. Os casos suspeitos s\u00e3o contabilizados com base nos atendimentos e resultados de exames. Do total,&nbsp;<strong>tr\u00eas pessoas testaram positivo para a doen\u00e7a<\/strong>.<\/p>\n<\/div>\n<\/div>\n<div id=\"chunk-3ruj8\">\n<div class=\"mc-column content-text active-extra-styles\" data-block-type=\"unstyled\" data-block-weight=\"53\" data-block-id=\"6\">\n<p class=\"content-text__container\" style=\"text-align: justify;\" data-track-category=\"Link no Texto\" data-track-links=\"\" data-mrf-recirculation=\"Article links\">O n\u00famero, contudo, pode ser maior. A UFSM estima que&nbsp;<span class=\"highlight highlighted\">3 mil estudantes, 20% do total da institui\u00e7\u00e3o, tenham suspeita de contamina\u00e7\u00e3o<\/span>. A quantidade foi calculada a partir das informa\u00e7\u00f5es prestadas pelos coordenadores de cursos de gradua\u00e7\u00e3o. A universidade disponibilizou um&nbsp;question\u00e1rio no site&nbsp;para ter mais detalhes de quem percebeu os sintomas.<\/p>\n<div id=\"chunk-6mvl7\" style=\"text-align: justify;\">\n<div class=\"mc-column content-text active-extra-styles\" data-block-type=\"unstyled\" data-block-weight=\"39\" data-block-id=\"8\">\n<p class=\"content-text__container\" data-track-category=\"Link no Texto\" data-track-links=\"\" data-mrf-recirculation=\"Article links\">A equipe epidemiol\u00f3gica da UFSM afirma que&nbsp;<span class=\"highlight highlighted\">quem apresentou sintomas como n\u00e1usea, v\u00f4mito e\/ou diarreia n\u00e3o pode transitar em espa\u00e7os p\u00fablicos<\/span>. &#8220;Somente ap\u00f3s 24 horas sem sintomas \u00e9 seguro circular sem que haja transmiss\u00e3o do v\u00edrus&#8221;, diz a universidade.<\/p>\n<\/div>\n<\/div>\n<div id=\"chunk-fsj5g\" style=\"text-align: justify;\">\n<div class=\"mc-column content-text active-extra-styles\" data-block-type=\"raw\" data-block-weight=\"38\" data-block-id=\"9\">\n<blockquote class=\"content-blockquote theme-border-color-primary-before\"><p>&#8220;Reiteramos a import\u00e2ncia de pr\u00e1ticas de higiene como a limpeza frequente das m\u00e3os, ma\u00e7anetas, torneiras com sab\u00e3o e\/ou \u00e1lcool gel. \u00c9 necess\u00e1rio higiene pessoal redobrada ap\u00f3s utiliza\u00e7\u00e3o de espa\u00e7os coletivos como banheiros, lanchonetes e restaurantes&#8221;, afirma a institui\u00e7\u00e3o.<\/p><\/blockquote>\n<\/div>\n<\/div>\n<div id=\"chunk-a1m66\">\n<div class=\"mc-column content-text active-extra-styles\" data-block-type=\"unstyled\" data-block-weight=\"38\" data-block-id=\"10\">\n<p class=\"content-text__container\" style=\"text-align: justify;\" data-track-category=\"Link no Texto\" data-track-links=\"\" data-mrf-recirculation=\"Article links\">O estudante que n\u00e3o puder acompanhar as atividades em raz\u00e3o dos sintomas deve abrir um processo de Regime de Exerc\u00edcios Domiciliares. J\u00e1 servidores devem apresentar atestado m\u00e9dico pelo SOUGOV at\u00e9 o quinto dia consecutivo do in\u00edcio do afastamento.<\/p>\n<div id=\"chunk-2bniv\" style=\"text-align: justify;\">\n<div class=\"mc-column content-text active-extra-styles\" data-block-type=\"raw\" data-block-weight=\"3\" data-block-id=\"11\">\n<div class=\"content-intertitle\">\n<h4>Restri\u00e7\u00f5es no RU<\/h4>\n<\/div>\n<\/div>\n<\/div>\n<div id=\"chunk-10j7e\" style=\"text-align: justify;\">\n<div class=\"mc-column content-text active-extra-styles\" data-block-type=\"unstyled\" data-block-weight=\"34\" data-block-id=\"12\">\n<p class=\"content-text__container\" data-track-category=\"Link no Texto\" data-track-links=\"\" data-mrf-recirculation=\"Article links\">Em raz\u00e3o dos casos suspeitos, a UFSM limitou o acesso ao Restaurante Universit\u00e1rio (RU). A medida visa reduzir a circula\u00e7\u00e3o de pessoas e a utiliza\u00e7\u00e3o dos banheiros coletivos, contribuindo para a seguran\u00e7a da comunidade.<\/p>\n<\/div>\n<\/div>\n<div id=\"chunk-ag1or\" style=\"text-align: justify;\">\n<div class=\"mc-column content-text active-extra-styles\" data-block-type=\"unstyled\" data-block-weight=\"43\" data-block-id=\"13\">\n<p class=\"content-text__container\" data-track-category=\"Link no Texto\" data-track-links=\"\" data-mrf-recirculation=\"Article links\">Na quarta, apenas estudantes da Casa do Estudante (CEU) poder\u00e3o frequentar o espa\u00e7o. Entre quinta (3) e s\u00e1bado (5), o local estar\u00e1 dispon\u00edvel para estudantes com Benef\u00edcio Socioecon\u00f4mico (BSE). J\u00e1 no domingo (6), o RU I tem atendimento normalizado para moradores da CEU.<\/p>\n<\/div>\n<\/div>\n<div id=\"chunk-f1ika\">\n<div class=\"mc-column content-text active-extra-styles\" data-block-type=\"unstyled\" data-block-weight=\"12\" data-block-id=\"14\">\n<p class=\"content-text__container\" style=\"text-align: justify;\" data-track-category=\"Link no Texto\" data-track-links=\"\" data-mrf-recirculation=\"Article links\">O restaurante deve voltar a funcionar sem restri\u00e7\u00f5es na segunda-feira (7).<\/p>\n<p data-track-category=\"Link no Texto\" data-track-links=\"\" data-mrf-recirculation=\"Article links\"><em>Fonte: g1 RS<\/em><\/p>\n<p data-track-category=\"Link no Texto\" data-track-links=\"\" data-mrf-recirculation=\"Article links\"><em>Foto: Reprodu\u00e7\u00e3o\/RBS TV<a href=\"https:\/\/www2.comunitaria.com.br\/en\/ufsm-marca-retorno-das-aulas-presenciais-apos-casos-suspeitos-de-rotavirus-entre-os-estudantes\/ufsm-23\/\" rel=\"attachment wp-att-65253\"><img loading=\"lazy\" decoding=\"async\" class=\"aligncenter size-full wp-image-65253\" src=\"http:\/\/www2.comunitaria.com.br\/wp-content\/uploads\/2024\/10\/ufsm.avif\" alt=\"\" width=\"640\" height=\"360\"><\/a><\/em><\/p>\n<\/div>\n<\/div>\n<\/div>\n<\/div>\n<\/div>\n<\/div>","protected":false},"excerpt":{"rendered":"<p>A Universidade Federal de&nbsp;Santa Maria&nbsp;(UFSM) marcou,&nbsp;para esta quarta-feira (2),&nbsp;a retomada das aulas e atividades administrativas presenciais&nbsp;na institui\u00e7\u00e3o. Casos em investiga\u00e7\u00e3o&nbsp;de rotav\u00edrus entre os alunos&nbsp;haviam motivado a suspens\u00e3o do expediente na&#8230;<\/p>","protected":false},"author":2,"featured_media":65253,"comment_status":"closed","ping_status":"closed","sticky":false,"template":"","format":"standard","meta":{"ngg_post_thumbnail":0,"footnotes":""},"categories":[44,46,28,33,43],"tags":[1104,148],"class_list":["post-65252","post","type-post","status-publish","format-standard","has-post-thumbnail","hentry","category-educacao","category-estado","category-destaque","category-noticias","category-regiao","tag-santa-maria","tag-ufsm"],"amp_enabled":true,"_links":{"self":[{"href":"https:\/\/www2.comunitaria.com.br\/en\/wp-json\/wp\/v2\/posts\/65252","targetHints":{"allow":["GET"]}}],"collection":[{"href":"https:\/\/www2.comunitaria.com.br\/en\/wp-json\/wp\/v2\/posts"}],"about":[{"href":"https:\/\/www2.comunitaria.com.br\/en\/wp-json\/wp\/v2\/types\/post"}],"author":[{"embeddable":true,"href":"https:\/\/www2.comunitaria.com.br\/en\/wp-json\/wp\/v2\/users\/2"}],"replies":[{"embeddable":true,"href":"https:\/\/www2.comunitaria.com.br\/en\/wp-json\/wp\/v2\/comments?post=65252"}],"version-history":[{"count":0,"href":"https:\/\/www2.comunitaria.com.br\/en\/wp-json\/wp\/v2\/posts\/65252\/revisions"}],"wp:featuredmedia":[{"embeddable":true,"href":"https:\/\/www2.comunitaria.com.br\/en\/wp-json\/wp\/v2\/media\/65253"}],"wp:attachment":[{"href":"https:\/\/www2.comunitaria.com.br\/en\/wp-json\/wp\/v2\/media?parent=65252"}],"wp:term":[{"taxonomy":"category","embeddable":true,"href":"https:\/\/www2.comunitaria.com.br\/en\/wp-json\/wp\/v2\/categories?post=65252"},{"taxonomy":"post_tag","embeddable":true,"href":"https:\/\/www2.comunitaria.com.br\/en\/wp-json\/wp\/v2\/tags?post=65252"}],"curies":[{"name":"wp","href":"https:\/\/api.w.org\/{rel}","templated":true}]}}