{"id":65242,"date":"2024-10-01T09:42:48","date_gmt":"2024-10-01T11:42:48","guid":{"rendered":"https:\/\/www2.comunitaria.com.br\/?p=65242"},"modified":"2024-10-01T09:42:48","modified_gmt":"2024-10-01T11:42:48","slug":"hospital-de-clinicas-ve-atraso-em-recursos-do-mec-de-setembro-e-preve-adiamento-no-deposito-do-salario-de-servidores","status":"publish","type":"post","link":"https:\/\/www2.comunitaria.com.br\/en\/hospital-de-clinicas-ve-atraso-em-recursos-do-mec-de-setembro-e-preve-adiamento-no-deposito-do-salario-de-servidores\/","title":{"rendered":"Hospital de Cl\u00ednicas v\u00ea atraso em recursos do MEC de setembro e prev\u00ea adiamento no dep\u00f3sito do sal\u00e1rio de servidores"},"content":{"rendered":"<p>Uma nota interna divulgada para os funcion\u00e1rios do&nbsp;<strong>Hospital de Cl\u00ednicas de Porto Alegre<\/strong>&nbsp;afirma que o&nbsp;<strong>Minist\u00e9rio da Educa\u00e7\u00e3o e Cultura<\/strong>&nbsp;(MEC) n\u00e3o realizou os repasses mensais \u00e0 unidade em setembro. A nota afirma que a verba costuma ser depositada at\u00e9 o \u00faltimo dia do m\u00eas, mas que a entidade n\u00e3o recebeu os at\u00e9 a noite desta sexta-feira, 30.<\/p>\n<p>Segundo o documento, o fato \u201cpoder\u00e1 comprometer a programa\u00e7\u00e3o do cr\u00e9dito dos sal\u00e1rios no prazo habitualmente praticado no primeiro dia \u00fatil do m\u00eas&#8221;. O \u00f3rg\u00e3o afirma que segue em contato com a pasta federal com o objetivo de \u201cviabilizar o procedimento no menor tempo poss\u00edvel\u201d.<\/p>\n<h3>Confira a \u00edntegra da nota<\/h3>\n<p><em>O HCPA, na condi\u00e7\u00e3o de empresa estatal dependente do Tesouro Nacional, realiza o pagamento dos sal\u00e1rios por meio de repasse obtido do Governo Federal. Historicamente, essa transa\u00e7\u00e3o financeira \u00e9 executada at\u00e9 o \u00faltimo dia do m\u00eas, permitindo que os funcion\u00e1rios recebam o pagamento no primeiro dia \u00fatil subsequente. No entanto, at\u00e9 o momento, o Minist\u00e9rio da Educa\u00e7\u00e3o (MEC), o \u00f3rg\u00e3o respons\u00e1vel pelo repasse financeiro ao HCPA, n\u00e3o efetuou a opera\u00e7\u00e3o, problema que tamb\u00e9m atingiu outras institui\u00e7\u00f5es ligadas ao MEC. Este fato poder\u00e1 comprometer a programa\u00e7\u00e3o do cr\u00e9dito dos sal\u00e1rios no prazo habitualmente praticado no primeiro dia \u00fatil do m\u00eas. Seguimos em contato permanente com o \u00f3rg\u00e3o respons\u00e1vel para viabilizar o procedimento no menor tempo poss\u00edvel.<\/p>\n<p><\/em>Fonte: Correio do Povo&nbsp;<\/p>\n<p>&nbsp;<\/p>","protected":false},"excerpt":{"rendered":"<p>Uma nota interna divulgada para os funcion\u00e1rios do&nbsp;Hospital de Cl\u00ednicas de Porto Alegre&nbsp;afirma que o&nbsp;Minist\u00e9rio da Educa\u00e7\u00e3o e Cultura&nbsp;(MEC) n\u00e3o realizou os repasses mensais \u00e0 unidade em setembro. A nota&#8230;<\/p>","protected":false},"author":2,"featured_media":65243,"comment_status":"closed","ping_status":"closed","sticky":false,"template":"","format":"standard","meta":{"ngg_post_thumbnail":0,"footnotes":""},"categories":[33],"tags":[],"class_list":["post-65242","post","type-post","status-publish","format-standard","has-post-thumbnail","hentry","category-noticias"],"amp_enabled":true,"_links":{"self":[{"href":"https:\/\/www2.comunitaria.com.br\/en\/wp-json\/wp\/v2\/posts\/65242","targetHints":{"allow":["GET"]}}],"collection":[{"href":"https:\/\/www2.comunitaria.com.br\/en\/wp-json\/wp\/v2\/posts"}],"about":[{"href":"https:\/\/www2.comunitaria.com.br\/en\/wp-json\/wp\/v2\/types\/post"}],"author":[{"embeddable":true,"href":"https:\/\/www2.comunitaria.com.br\/en\/wp-json\/wp\/v2\/users\/2"}],"replies":[{"embeddable":true,"href":"https:\/\/www2.comunitaria.com.br\/en\/wp-json\/wp\/v2\/comments?post=65242"}],"version-history":[{"count":0,"href":"https:\/\/www2.comunitaria.com.br\/en\/wp-json\/wp\/v2\/posts\/65242\/revisions"}],"wp:featuredmedia":[{"embeddable":true,"href":"https:\/\/www2.comunitaria.com.br\/en\/wp-json\/wp\/v2\/media\/65243"}],"wp:attachment":[{"href":"https:\/\/www2.comunitaria.com.br\/en\/wp-json\/wp\/v2\/media?parent=65242"}],"wp:term":[{"taxonomy":"category","embeddable":true,"href":"https:\/\/www2.comunitaria.com.br\/en\/wp-json\/wp\/v2\/categories?post=65242"},{"taxonomy":"post_tag","embeddable":true,"href":"https:\/\/www2.comunitaria.com.br\/en\/wp-json\/wp\/v2\/tags?post=65242"}],"curies":[{"name":"wp","href":"https:\/\/api.w.org\/{rel}","templated":true}]}}