{"id":65222,"date":"2024-09-30T12:44:36","date_gmt":"2024-09-30T14:44:36","guid":{"rendered":"https:\/\/www2.comunitaria.com.br\/?p=65222"},"modified":"2024-09-30T12:44:36","modified_gmt":"2024-09-30T14:44:36","slug":"mulher-e-encontrada-morta-dentro-de-tonel-em-nao-me-toque-corpo-estava-nu-e-tinha-ferimento-na-nuca-diz-policia","status":"publish","type":"post","link":"https:\/\/www2.comunitaria.com.br\/en\/mulher-e-encontrada-morta-dentro-de-tonel-em-nao-me-toque-corpo-estava-nu-e-tinha-ferimento-na-nuca-diz-policia\/","title":{"rendered":"Mulher \u00e9 encontrada morta dentro de tonel em N\u00e3o-Me-Toque; corpo estava nu e tinha ferimento na nuca, diz pol\u00edcia"},"content":{"rendered":"<p style=\"text-align: justify;\">Moradores da localidade de Col\u00f4nia de Saudades, no interior de&nbsp;N\u00e3o-Me-Toque, cidade da Regi\u00e3o Norte do Rio Grande do Sul, localizaram&nbsp;<span class=\"highlight highlighted\">um corpo de uma mulher dentro de um tonel<\/span>&nbsp;no domingo (29).<\/p>\n<div id=\"chunk-el7j5\" style=\"text-align: justify;\">\n<div class=\"mc-column content-text active-extra-styles\" data-block-type=\"unstyled\" data-block-weight=\"25\" data-block-id=\"5\">\n<p class=\"content-text__container\" data-track-category=\"Link no Texto\" data-track-links=\"\" data-mrf-recirculation=\"Article links\">Donos de uma propriedade rural perceberam o tonel aberto, estranharam e, ao se aproximarem,&nbsp;<span class=\"highlight highlighted\">viram a pessoa morta<\/span>. A Brigada Militar (BM) foi ao local.<\/p>\n<\/div>\n<\/div>\n<div id=\"chunk-esjni\" style=\"text-align: justify;\">\n<div class=\"mc-column content-text active-extra-styles\" data-block-type=\"unstyled\" data-block-weight=\"41\" data-block-id=\"6\">\n<p class=\"content-text__container\" data-track-category=\"Link no Texto\" data-track-links=\"\" data-mrf-recirculation=\"Article links\"><span class=\"highlight highlighted\">Ela estava nua, tinha tatuagens e um ferimento na regi\u00e3o da nuca<\/span>&nbsp;\u2013 o Instituto-Geral de Per\u00edcias (IGP) trabalha para descobrir&nbsp;<strong>se foi causado por uma arma de fogo ou branca<\/strong> (como uma faca). N\u00e3o havia mais nada dentro do tonel.<\/p>\n<\/div>\n<\/div>\n<div id=\"chunk-32har\" style=\"text-align: justify;\">\n<div class=\"mc-column content-text active-extra-styles\" data-block-type=\"unstyled\" data-block-weight=\"17\" data-block-id=\"8\">\n<p class=\"content-text__container\" data-track-category=\"Link no Texto\" data-track-links=\"\" data-mrf-recirculation=\"Article links\">A Pol\u00edcia Civil&nbsp;<span class=\"highlight highlighted\">acredita que a mulher foi morta em outro local e deixada onde foi encontrada<\/span>.<\/p>\n<\/div>\n<\/div>\n<div id=\"chunk-3o3s8\">\n<div class=\"mc-column content-text active-extra-styles\" data-block-type=\"unstyled\" data-block-weight=\"42\" data-block-id=\"9\">\n<p class=\"content-text__container\" style=\"text-align: justify;\" data-track-category=\"Link no Texto\" data-track-links=\"\" data-mrf-recirculation=\"Article links\">A identidade dela n\u00e3o tinha sido confirmada at\u00e9 a mais recente atualiza\u00e7\u00e3o desta reportagem. Como&nbsp;<strong>o corpo estava em estado de decomposi\u00e7\u00e3o<\/strong>, \u00e9 necess\u00e1ria an\u00e1lise do IGP, que&nbsp;<span class=\"highlight highlighted\">estimou que o corpo deveria estar dentro do tonel h\u00e1 cerca de uma semana<\/span>.<\/p>\n<p class=\"content-text__container\" style=\"text-align: justify;\" data-track-category=\"Link no Texto\" data-track-links=\"\" data-mrf-recirculation=\"Article links\"><em>Fonte: g1 RS<\/em><\/p>\n<p class=\"content-text__container\" style=\"text-align: justify;\" data-track-category=\"Link no Texto\" data-track-links=\"\" data-mrf-recirculation=\"Article links\"><em>Foto: Brigada Militar\/Divulga\u00e7\u00e3o<\/em><a href=\"https:\/\/www2.comunitaria.com.br\/en\/mulher-e-encontrada-morta-dentro-de-tonel-em-nao-me-toque-corpo-estava-nu-e-tinha-ferimento-na-nuca-diz-policia\/g1-2-2\/\" rel=\"attachment wp-att-65223\"><img loading=\"lazy\" decoding=\"async\" class=\"aligncenter size-full wp-image-65223\" src=\"http:\/\/www2.comunitaria.com.br\/wp-content\/uploads\/2024\/09\/g1-2.avif\" alt=\"\" width=\"640\" height=\"360\"><\/a><\/p>\n<\/div>\n<\/div>","protected":false},"excerpt":{"rendered":"<p>Moradores da localidade de Col\u00f4nia de Saudades, no interior de&nbsp;N\u00e3o-Me-Toque, cidade da Regi\u00e3o Norte do Rio Grande do Sul, localizaram&nbsp;um corpo de uma mulher dentro de um tonel&nbsp;no domingo (29)&#8230;.<\/p>","protected":false},"author":2,"featured_media":65223,"comment_status":"closed","ping_status":"closed","sticky":false,"template":"","format":"standard","meta":{"ngg_post_thumbnail":0,"footnotes":""},"categories":[28,33,43],"tags":[6802],"class_list":["post-65222","post","type-post","status-publish","format-standard","has-post-thumbnail","hentry","category-destaque","category-noticias","category-regiao","tag-nao-me-toque"],"amp_enabled":true,"_links":{"self":[{"href":"https:\/\/www2.comunitaria.com.br\/en\/wp-json\/wp\/v2\/posts\/65222","targetHints":{"allow":["GET"]}}],"collection":[{"href":"https:\/\/www2.comunitaria.com.br\/en\/wp-json\/wp\/v2\/posts"}],"about":[{"href":"https:\/\/www2.comunitaria.com.br\/en\/wp-json\/wp\/v2\/types\/post"}],"author":[{"embeddable":true,"href":"https:\/\/www2.comunitaria.com.br\/en\/wp-json\/wp\/v2\/users\/2"}],"replies":[{"embeddable":true,"href":"https:\/\/www2.comunitaria.com.br\/en\/wp-json\/wp\/v2\/comments?post=65222"}],"version-history":[{"count":0,"href":"https:\/\/www2.comunitaria.com.br\/en\/wp-json\/wp\/v2\/posts\/65222\/revisions"}],"wp:featuredmedia":[{"embeddable":true,"href":"https:\/\/www2.comunitaria.com.br\/en\/wp-json\/wp\/v2\/media\/65223"}],"wp:attachment":[{"href":"https:\/\/www2.comunitaria.com.br\/en\/wp-json\/wp\/v2\/media?parent=65222"}],"wp:term":[{"taxonomy":"category","embeddable":true,"href":"https:\/\/www2.comunitaria.com.br\/en\/wp-json\/wp\/v2\/categories?post=65222"},{"taxonomy":"post_tag","embeddable":true,"href":"https:\/\/www2.comunitaria.com.br\/en\/wp-json\/wp\/v2\/tags?post=65222"}],"curies":[{"name":"wp","href":"https:\/\/api.w.org\/{rel}","templated":true}]}}