{"id":65138,"date":"2024-09-27T09:37:19","date_gmt":"2024-09-27T11:37:19","guid":{"rendered":"https:\/\/www2.comunitaria.com.br\/?p=65138"},"modified":"2024-09-27T09:37:19","modified_gmt":"2024-09-27T11:37:19","slug":"rs-defesa-civil-estadual-ja-emitiu-57-alertas-sobre-situacao-das-chuvas-no-rio-grande-do-sul","status":"publish","type":"post","link":"https:\/\/www2.comunitaria.com.br\/en\/rs-defesa-civil-estadual-ja-emitiu-57-alertas-sobre-situacao-das-chuvas-no-rio-grande-do-sul\/","title":{"rendered":"RS: Defesa Civil estadual j\u00e1 emitiu 57 alertas sobre situa\u00e7\u00e3o das chuvas no Rio Grande do Sul"},"content":{"rendered":"<p style=\"text-align: justify;\">Como a&nbsp;Defesa Civil estadual&nbsp;compila dados informados pelos munic\u00edpios e na medida em que revis\u00f5es nos n\u00fameros s\u00e3o realizadas pelas coordena\u00e7\u00f5es municipais de Defesa Civil, os dados informados, inevitavelmente, sofrem altera\u00e7\u00f5es.<\/p>\n<p style=\"text-align: justify;\">Desde s\u00e1bado (21\/9), um sistema meteorol\u00f3gico tem atuado sobre o Rio Grande do Sul, causando instabilidades como fortes chuvas e tempestades em diversas regi\u00f5es do Estado. Com o objetivo de manter a popula\u00e7\u00e3o segura e avisada, a Defesa Civil estadual come\u00e7ou a enviar alertas por SMS, redes sociais e site oficial horas antes dos eventos meteorol\u00f3gicos. Foram emitidos 57 alertas at\u00e9 o final da manh\u00e3 desta quinta-feira (26\/9).<\/p>\n<p style=\"text-align: justify;\">Para receber os alertas da Defesa Civil por meio de SMS no celular, basta que a pessoa cadastre o CEP da resid\u00eancia enviando uma mensagem gratuita para o n\u00famero 40199. Nesse caso, s\u00e3o recebidos todos os alertas emitidos para a regi\u00e3o na qual est\u00e1 inserido o CEP cadastrado. Al\u00e9m disso, os alertas enviados para todas as regi\u00f5es do Rio Grande do Sul podem ser acessados no site oficial e na p\u00e1gina da Defesa Civil no Instagram.<\/p>\n<p style=\"text-align: justify;\">Nos \u00faltimos dias, a frente fria que vinha atuando sobre o sul do Estado se deslocou e gera chuvas mais concentradas na parte central do Rio Grande do Sul, desde a Regi\u00e3o Metropolitana de Porto Alegre, passando pelo centro e indo at\u00e9 o oeste e noroeste. Ao longo desta quinta-feira (26\/9), ainda h\u00e1 previs\u00e3o de mais chuvas e novos temporais.<\/p>\n<p style=\"text-align: justify;\">Com o avan\u00e7o da frente fria, as \u00e1reas ao sul ter\u00e3o diminui\u00e7\u00e3o no volume de chuvas, com precipita\u00e7\u00f5es pontualmente moderadas, mas que devem diminuir ao longo do dia. J\u00e1 na metade norte, al\u00e9m das chuvas concentradas na regi\u00e3o, h\u00e1 ainda previs\u00e3o de rajadas de vento e queda de granizo.<\/p>\n<p style=\"text-align: justify;\">Na sexta-feira (27\/9), a frente fria j\u00e1 deve se encontrar sobre Santa Catarina, por\u00e9m ainda com possibilidade de chuvas leves sobre o norte do Rio Grande do Sul e alguma umidade sobre a parte leste \u2013 que compreende Regi\u00e3o Metropolitana de Porto Alegre, Litoral e Serra \u2013, devido \u00e0 umidade trazida do mar.<\/p>\n<p style=\"text-align: justify;\">Com as chuvas, 48 munic\u00edpios ga\u00fachos j\u00e1 relataram danos relacionados. Al\u00e9m disso, at\u00e9 o momento foram contabilizadas 111 pessoas desabrigadas e 149 desalojadas, com um total de 16.166 afetados.<\/p>\n<p style=\"text-align: justify;\"><strong>Cidades afetadas pelas chuvas:<\/strong><\/p>\n<ol>\n<li style=\"text-align: justify;\">Amaral Ferrador<\/li>\n<li style=\"text-align: justify;\">Arambar\u00e9<\/li>\n<li style=\"text-align: justify;\">Arroio do Meio<\/li>\n<li style=\"text-align: justify;\">Augusto Pestana<\/li>\n<li style=\"text-align: justify;\">Bag\u00e9<\/li>\n<li style=\"text-align: justify;\">Bar\u00e3o do Triunfo<\/li>\n<li style=\"text-align: justify;\">Ca\u00e7apava do Sul<\/li>\n<li style=\"text-align: justify;\">Cacequi<\/li>\n<li style=\"text-align: justify;\">Camaqu\u00e3<\/li>\n<li style=\"text-align: justify;\">C\u00e2ndido God\u00f3i<\/li>\n<li style=\"text-align: justify;\">Candiota<\/li>\n<li style=\"text-align: justify;\">Cangu\u00e7u<\/li>\n<li style=\"text-align: justify;\">Cerrito<\/li>\n<li style=\"text-align: justify;\">Colinas<\/li>\n<li style=\"text-align: justify;\">Cristal<\/li>\n<li style=\"text-align: justify;\">Dom Feliciano<\/li>\n<li style=\"text-align: justify;\">Dom Pedrito<\/li>\n<li style=\"text-align: justify;\">Dona Francisca<\/li>\n<li style=\"text-align: justify;\">Encruzilhada do Sul<\/li>\n<li style=\"text-align: justify;\">Espumoso<\/li>\n<li style=\"text-align: justify;\">Faxinal do Soturno<\/li>\n<li style=\"text-align: justify;\">Hulha Negra<\/li>\n<li style=\"text-align: justify;\">Ivor\u00e1<\/li>\n<li style=\"text-align: justify;\">Jaguar\u00e3o<\/li>\n<li style=\"text-align: justify;\">Lavras do Sul<\/li>\n<li style=\"text-align: justify;\">Montenegro<\/li>\n<li style=\"text-align: justify;\">Morro Redondo<\/li>\n<li style=\"text-align: justify;\">Nova Palma<\/li>\n<li style=\"text-align: justify;\">Palmeira Das Miss\u00f5es<\/li>\n<li style=\"text-align: justify;\">Panambi<\/li>\n<li style=\"text-align: justify;\">Pedro Os\u00f3rio<\/li>\n<li style=\"text-align: justify;\">Pelotas<\/li>\n<li style=\"text-align: justify;\">Pinheiro Machado<\/li>\n<li style=\"text-align: justify;\">Piratini<\/li>\n<li style=\"text-align: justify;\">Quara\u00ed<\/li>\n<li style=\"text-align: justify;\">Quinze de Novembro<\/li>\n<li style=\"text-align: justify;\">Restinga Seca<\/li>\n<li style=\"text-align: justify;\">Rio Grande<\/li>\n<li style=\"text-align: justify;\">Salto do Jacu\u00ed<\/li>\n<li style=\"text-align: justify;\">Santana da Boa Vista<\/li>\n<li style=\"text-align: justify;\">Santo \u00c2ngelo<\/li>\n<li style=\"text-align: justify;\">S\u00e3o Jo\u00e3o do Pol\u00easine<\/li>\n<li style=\"text-align: justify;\">S\u00e3o Jos\u00e9 do Norte<\/li>\n<li style=\"text-align: justify;\">S\u00e3o Louren\u00e7o do Sul<\/li>\n<li style=\"text-align: justify;\">Senador Salgado Filho<\/li>\n<li style=\"text-align: justify;\">Sete de Setembro<\/li>\n<li style=\"text-align: justify;\">Tramanda\u00ed<\/li>\n<li style=\"text-align: justify;\">Turu\u00e7u<\/li>\n<\/ol>\n<p><em>Fonte: Not\u00edcias Agr\u00edcolas<a href=\"https:\/\/www2.comunitaria.com.br\/en\/quase-mil-pessoas-estao-fora-de-casa-apos-temporais-atingirem-cidades-do-rs\/camaqua-1\/\" rel=\"attachment wp-att-65111\"><img loading=\"lazy\" decoding=\"async\" class=\"aligncenter size-full wp-image-65111\" src=\"http:\/\/www2.comunitaria.com.br\/wp-content\/uploads\/2024\/09\/camaqua-1-.avif\" alt=\"\" width=\"640\" height=\"360\"><\/a><\/em><\/p>","protected":false},"excerpt":{"rendered":"<p>Como a&nbsp;Defesa Civil estadual&nbsp;compila dados informados pelos munic\u00edpios e na medida em que revis\u00f5es nos n\u00fameros s\u00e3o realizadas pelas coordena\u00e7\u00f5es municipais de Defesa Civil, os dados informados, inevitavelmente, sofrem altera\u00e7\u00f5es&#8230;.<\/p>","protected":false},"author":2,"featured_media":65111,"comment_status":"closed","ping_status":"closed","sticky":false,"template":"","format":"standard","meta":{"ngg_post_thumbnail":0,"footnotes":""},"categories":[46,42,28,33,43],"tags":[424,154],"class_list":["post-65138","post","type-post","status-publish","format-standard","has-post-thumbnail","hentry","category-estado","category-fred-west","category-destaque","category-noticias","category-regiao","tag-alerta","tag-defesa-civil"],"amp_enabled":true,"_links":{"self":[{"href":"https:\/\/www2.comunitaria.com.br\/en\/wp-json\/wp\/v2\/posts\/65138","targetHints":{"allow":["GET"]}}],"collection":[{"href":"https:\/\/www2.comunitaria.com.br\/en\/wp-json\/wp\/v2\/posts"}],"about":[{"href":"https:\/\/www2.comunitaria.com.br\/en\/wp-json\/wp\/v2\/types\/post"}],"author":[{"embeddable":true,"href":"https:\/\/www2.comunitaria.com.br\/en\/wp-json\/wp\/v2\/users\/2"}],"replies":[{"embeddable":true,"href":"https:\/\/www2.comunitaria.com.br\/en\/wp-json\/wp\/v2\/comments?post=65138"}],"version-history":[{"count":0,"href":"https:\/\/www2.comunitaria.com.br\/en\/wp-json\/wp\/v2\/posts\/65138\/revisions"}],"wp:featuredmedia":[{"embeddable":true,"href":"https:\/\/www2.comunitaria.com.br\/en\/wp-json\/wp\/v2\/media\/65111"}],"wp:attachment":[{"href":"https:\/\/www2.comunitaria.com.br\/en\/wp-json\/wp\/v2\/media?parent=65138"}],"wp:term":[{"taxonomy":"category","embeddable":true,"href":"https:\/\/www2.comunitaria.com.br\/en\/wp-json\/wp\/v2\/categories?post=65138"},{"taxonomy":"post_tag","embeddable":true,"href":"https:\/\/www2.comunitaria.com.br\/en\/wp-json\/wp\/v2\/tags?post=65138"}],"curies":[{"name":"wp","href":"https:\/\/api.w.org\/{rel}","templated":true}]}}