{"id":65121,"date":"2024-09-26T17:00:59","date_gmt":"2024-09-26T19:00:59","guid":{"rendered":"https:\/\/www2.comunitaria.com.br\/?p=65121"},"modified":"2024-09-26T17:01:00","modified_gmt":"2024-09-26T19:01:00","slug":"enem-dos-concursos-cargo-mais-disputado-do-cnu-tem-141-mil-candidatos-por-vaga","status":"publish","type":"post","link":"https:\/\/www2.comunitaria.com.br\/en\/enem-dos-concursos-cargo-mais-disputado-do-cnu-tem-141-mil-candidatos-por-vaga\/","title":{"rendered":"&#8216;Enem dos concursos&#8217;: cargo mais disputado do CNU tem 14,1 mil candidatos por vaga"},"content":{"rendered":"<div id=\"chunk-630ok\">\n<div class=\"mc-column content-text active-extra-styles\" data-block-type=\"unstyled\" data-block-weight=\"32\" data-block-id=\"3\">\n<p class=\"content-text__container\" style=\"text-align: justify;\" data-track-category=\"Link no Texto\" data-track-links=\"\" data-mrf-recirculation=\"Article links\">O cargo de&nbsp;<strong>analista de planejamento, gest\u00e3o e infraestrutura em informa\u00e7\u00f5es geogr\u00e1ficas e estat\u00edsticas<\/strong>, com especialidade em engenharia civil, foi o mais disputado no&nbsp;Concurso Nacional Unificado (CNU), o &#8220;Enem dos concursos&#8221;.<\/p>\n<\/div>\n<\/div>\n<div class=\"wall protected-content\">\n<div id=\"chunk-ammre\">\n<div class=\"mc-column content-text active-extra-styles\" data-block-type=\"unstyled\" data-block-weight=\"27\" data-block-id=\"4\">\n<p class=\"content-text__container\" style=\"text-align: justify;\" data-track-category=\"Link no Texto\" data-track-links=\"\" data-mrf-recirculation=\"Article links\">\u25b6\ufe0f Ao todo, 28.534 pessoas se inscreveram para&nbsp;<strong><span class=\"highlight highlighted\">uma \u00fanica vaga<\/span><\/strong>&nbsp;na ampla concorr\u00eancia.&nbsp;<strong><span class=\"highlight highlighted\">Desse total, 14.191 mil candidatos compareceram \u00e0s&nbsp;<\/span><\/strong><strong><span class=\"highlight highlighted\">provas no dia 18 de agosto<\/span><\/strong><strong><span class=\"highlight highlighted\">.<\/span><\/strong><\/p>\n<div id=\"chunk-3ib0d\" style=\"text-align: justify;\">\n<div class=\"mc-column content-text active-extra-styles\" data-block-type=\"unstyled\" data-block-weight=\"21\" data-block-id=\"6\">\n<p class=\"content-text__container\" data-track-category=\"Link no Texto\" data-track-links=\"\" data-mrf-recirculation=\"Article links\">\ud83d\udcc8 O cargo \u00e9 destinado a atividades administrativas, log\u00edsticas, institucionais e legais dentro do Instituto Brasileiro de Geografia e Estat\u00edstica (IBGE).<\/p>\n<\/div>\n<\/div>\n<div id=\"chunk-3e48i\">\n<div class=\"mc-column content-text active-extra-styles\" data-block-type=\"unstyled\" data-block-weight=\"31\" data-block-id=\"7\">\n<p class=\"content-text__container\" style=\"text-align: justify;\" data-track-category=\"Link no Texto\" data-track-links=\"\" data-mrf-recirculation=\"Article links\">\ud83d\udcb2&nbsp;O sal\u00e1rio inicial informado foi de R$ 8.453,00. O valor pode ser maior, no entanto, conforme a titula\u00e7\u00e3o do concorrente: especializa\u00e7\u00e3o (R$ 8.927,43), mestrado (R$ 9.401,86) e doutorado (R$ 10.547,18).<\/p>\n<div id=\"chunk-9e2t0\" style=\"text-align: justify;\">\n<div class=\"mc-column content-text active-extra-styles\" data-block-type=\"unstyled\" data-block-weight=\"42\" data-block-id=\"9\">\n<p class=\"content-text__container\" data-track-category=\"Link no Texto\" data-track-links=\"\" data-mrf-recirculation=\"Article links\">\ud83d\udcdd Entre as atividades previstas est\u00e3o: desenvolver projetos de engenharia; planejar, coordenar a opera\u00e7\u00e3o e a manuten\u00e7\u00e3o, or\u00e7ar, emitir laudo t\u00e9cnico, vistoriar, fiscalizar execu\u00e7\u00e3o de contratos de obras; controlar a qualidade dos suprimentos e servi\u00e7os comprados e executados; elaborar normas e documentos.<\/p>\n<\/div>\n<\/div>\n<div id=\"chunk-7cd3e\" style=\"text-align: justify;\">\n<div class=\"mc-column content-text active-extra-styles\" data-block-type=\"unstyled\" data-block-weight=\"27\" data-block-id=\"10\">\n<p class=\"content-text__container\" data-track-category=\"Link no Texto\" data-track-links=\"\" data-mrf-recirculation=\"Article links\">\u2611\ufe0f O cargo faz parte do Bloco 1 do concurso p\u00fablico, que englobou os postos de Infraestrutura, Exatas e Engenharias, al\u00e9m de exigir forma\u00e7\u00f5es mais espec\u00edficas.<\/p>\n<\/div>\n<\/div>\n<div id=\"chunk-anv32\" style=\"text-align: justify;\">\n<div class=\"mc-column content-text active-extra-styles\" data-block-type=\"unstyled\" data-block-weight=\"26\" data-block-id=\"11\">\n<p class=\"content-text__container\" data-track-category=\"Link no Texto\" data-track-links=\"\" data-mrf-recirculation=\"Article links\">\ud83e\uddee Al\u00e9m da especialidade de&nbsp;<strong>engenharia civil<\/strong>, que foi a mais disputada, a vaga foi oferecida a formados em&nbsp;<strong>arquitetura, engenharia el\u00e9trica, engenharia mec\u00e2nica e geoprocessamento.<\/strong><\/p>\n<\/div>\n<\/div>\n<div id=\"chunk-8q9l0\">\n<div class=\"mc-column content-text active-extra-styles\" data-block-type=\"unstyled\" data-block-weight=\"28\" data-block-id=\"12\">\n<p class=\"content-text__container\" style=\"text-align: justify;\" data-track-category=\"Link no Texto\" data-track-links=\"\" data-mrf-recirculation=\"Article links\">\ud83d\uddd3\ufe0f O governo federal divulgou a&nbsp;<strong>rela\u00e7\u00e3o candidato\/vaga por cargo ap\u00f3s calcular absten\u00e7\u00f5es<\/strong> de todos os cargos do concurso.<\/p>\n<div id=\"chunk-8rupk\" style=\"text-align: justify;\">\n<div class=\"mc-column content-text active-extra-styles\" data-block-type=\"raw\" data-block-weight=\"3\" data-block-id=\"15\">\n<div class=\"content-intertitle\">\n<h4>O &#8216;top 3&#8217;<\/h4>\n<\/div>\n<\/div>\n<\/div>\n<div id=\"chunk-dcrn4\" style=\"text-align: justify;\">\n<div class=\"mc-column content-text active-extra-styles\" data-block-type=\"unstyled\" data-block-weight=\"15\" data-block-id=\"16\">\n<p class=\"content-text__container\" data-track-category=\"Link no Texto\" data-track-links=\"\" data-mrf-recirculation=\"Article links\">O governo federal divulgou&nbsp;uma nova rela\u00e7\u00e3o candidato\/vaga dos cargos&nbsp;do CNU nesta quarta-feira (25).<\/p>\n<\/div>\n<\/div>\n<div id=\"chunk-7b935\">\n<div class=\"mc-column content-text active-extra-styles\" data-block-type=\"unstyled\" data-block-weight=\"33\" data-block-id=\"17\">\n<p class=\"content-text__container\" style=\"text-align: justify;\" data-track-category=\"Link no Texto\" data-track-links=\"\" data-mrf-recirculation=\"Article links\">\u27a1\ufe0f O&nbsp;<strong>segundo cargo mais concorrido&nbsp;<\/strong>tem&nbsp;<strong><span class=\"highlight highlighted\">13,9 mil candidatos por vaga<\/span><\/strong>. Est\u00e3o sendo ofertadas&nbsp;<strong><span class=\"highlight highlighted\">9 oportunidades<\/span><\/strong>, e os aprovados v\u00e3o atuar na Superintend\u00eancia Nacional de Previd\u00eancia Complementar (PREVIC), como Analista Administrativo.<\/p>\n<div id=\"chunk-9pqeq\" style=\"text-align: justify;\">\n<div class=\"mc-column content-text active-extra-styles\" data-block-type=\"unstyled\" data-block-weight=\"28\" data-block-id=\"19\">\n<p class=\"content-text__container\" data-track-category=\"Link no Texto\" data-track-links=\"\" data-mrf-recirculation=\"Article links\">\ud83d\udcdd Para essa fun\u00e7\u00e3o, s\u00e3o aceitos diplomas de&nbsp;<strong>n\u00edvel superior em qualquer \u00e1rea de conhecimento<\/strong>. Ao todo, 226.483 pessoas se inscreveram.&nbsp;<strong><span class=\"highlight highlighted\">Desse total, 125.926 candidatos fizeram as provas.<\/span><\/strong><\/p>\n<\/div>\n<\/div>\n<div id=\"chunk-63pva\" style=\"text-align: justify;\">\n<div class=\"mc-column content-text active-extra-styles\" data-block-type=\"unstyled\" data-block-weight=\"27\" data-block-id=\"20\">\n<p class=\"content-text__container\" data-track-category=\"Link no Texto\" data-track-links=\"\" data-mrf-recirculation=\"Article links\">\ud83d\udcca J\u00e1 o&nbsp;<strong>terceiro cargo mais concorrido<\/strong>&nbsp;tem&nbsp;<strong><span class=\"highlight highlighted\">10,8 mil candidatos por vaga<\/span><\/strong><span class=\"highlight highlighted\">.<\/span>&nbsp;Est\u00e3o sendo ofertadas&nbsp;<strong><span class=\"highlight highlighted\">duas vagas<\/span><\/strong>, para atuar como Tecnologista no Minist\u00e9rio da Sa\u00fade.<\/p>\n<\/div>\n<\/div>\n<div id=\"chunk-8vr3o\">\n<div class=\"mc-column content-text active-extra-styles\" data-block-type=\"unstyled\" data-block-weight=\"28\" data-block-id=\"21\">\n<p class=\"content-text__container\" style=\"text-align: justify;\" data-track-category=\"Link no Texto\" data-track-links=\"\" data-mrf-recirculation=\"Article links\">\ud83d\udc77\ud83c\udffd\u200d\u2640\ufe0f Os candidatos precisam ser formados em Engenharia Civil ou Arquitetura. Neste cargo, 41.933 candidatos se inscreveram.&nbsp;<strong><span class=\"highlight highlighted\">Desse total, 21.652 mil pessoas fizeram \u00e0s provas em agosto.<\/span><\/strong><\/p>\n<div id=\"chunk-a7fnp\" style=\"text-align: justify;\">\n<div class=\"mc-column content-text active-extra-styles\" data-block-type=\"raw\" data-block-weight=\"3\" data-block-id=\"22\">\n<div class=\"content-intertitle\">\n<h4><strong>Sobre o CNU<\/strong><\/h4>\n<\/div>\n<\/div>\n<\/div>\n<div id=\"chunk-ar29v\">\n<div class=\"mc-column content-text active-extra-styles\" data-block-type=\"unstyled\" data-block-weight=\"28\" data-block-id=\"23\">\n<p class=\"content-text__container\" style=\"text-align: justify;\" data-track-category=\"Link no Texto\" data-track-links=\"\" data-mrf-recirculation=\"Article links\">Conhecido como&nbsp;<strong>&#8220;Enem dos concursos&#8221;<\/strong>, o Concurso Nacional Unificado centraliza em uma \u00fanica prova os concursos autorizados para contrata\u00e7\u00e3o de servidores p\u00fablicos em diferentes \u00f3rg\u00e3os do governo federal.<\/p>\n<div id=\"chunk-cb60a\" style=\"text-align: justify;\">\n<div class=\"mc-column content-text active-extra-styles\" data-block-type=\"unstyled\" data-block-weight=\"28\" data-block-id=\"25\">\n<p class=\"content-text__container\" data-track-category=\"Link no Texto\" data-track-links=\"\" data-mrf-recirculation=\"Article links\">\u00c9 a primeira vez que isso acontece. Nesta estreia,&nbsp;<strong><span class=\"highlight highlighted\">est\u00e3o em jogo 6.640 vagas em 21 \u00f3rg\u00e3os p\u00fablicos.<\/span><\/strong>&nbsp;Os exames de 18 de agosto&nbsp;<strong>reuniram 970 mil candidatos<\/strong>.<\/p>\n<\/div>\n<\/div>\n<div id=\"chunk-b0g70\" style=\"text-align: justify;\">\n<div class=\"mc-column content-text active-extra-styles\" data-block-type=\"unstyled\" data-block-weight=\"27\" data-block-id=\"26\">\n<p class=\"content-text__container\" data-track-category=\"Link no Texto\" data-track-links=\"\" data-mrf-recirculation=\"Article links\">As provas tiveram 36 vers\u00f5es, ao todo, como parte do esquema antifraude. Elas estavam distribu\u00eddas entre os 8 blocos, que correspondem \u00e0s \u00e1reas com vagas em jogo.<\/p>\n<\/div>\n<\/div>\n<div id=\"chunk-92a82\" style=\"text-align: justify;\">\n<div class=\"mc-column content-text active-extra-styles\" data-block-type=\"raw\" data-block-weight=\"35\" data-block-id=\"27\">\n<ol class=\"content-ordered-list theme-ordered-list-color-primary\">\n<li>Infraestrutura, Exatas e Engenharias<\/li>\n<li>Tecnologia, Dados e Informa\u00e7\u00e3o<\/li>\n<li>Ambiental, Agr\u00e1rio e Biol\u00f3gicas<\/li>\n<li>Trabalho e Sa\u00fade do Servidor<\/li>\n<li>Educa\u00e7\u00e3o, Sa\u00fade, Desenvolvimento Social e Direitos Humanos<\/li>\n<li>Setores Econ\u00f4micos e Regula\u00e7\u00e3o<\/li>\n<li>Gest\u00e3o Governamental e Administra\u00e7\u00e3o P\u00fablica<\/li>\n<li>N\u00edvel Intermedi\u00e1rio<\/li>\n<\/ol>\n<\/div>\n<\/div>\n<div id=\"chunk-2apt5\" style=\"text-align: justify;\">\n<div class=\"mc-column content-text active-extra-styles\" data-block-type=\"raw\" data-block-weight=\"2\" data-block-id=\"28\">\n<div class=\"content-intertitle\">\n<h4><strong>\ud83d\udcc6 Cronograma<\/strong><\/h4>\n<\/div>\n<\/div>\n<\/div>\n<div id=\"chunk-430vq\">\n<div class=\"mc-column content-text active-extra-styles\" data-block-type=\"raw\" data-block-weight=\"32\" data-block-id=\"29\">\n<ul class=\"content-unordered-list\" data-mrf-recirculation=\"Recomendado\">\n<li style=\"text-align: justify;\"><strong>Divulga\u00e7\u00e3o das notas finais:&nbsp;<\/strong>8 de outubro<\/li>\n<li style=\"text-align: justify;\"><strong>Envio dos t\u00edtulos:&nbsp;<\/strong>9 e 10 de outubro<\/li>\n<li style=\"text-align: justify;\"><strong>Previs\u00e3o de divulga\u00e7\u00e3o dos resultados finais:<\/strong>&nbsp;21 de novembro<\/li>\n<li style=\"text-align: justify;\"><strong>In\u00edcio da convoca\u00e7\u00e3o para posse:<\/strong>&nbsp;janeiro de 2025<\/li>\n<\/ul>\n<p><em>Fonte: g1<\/em><\/p>\n<p><em>Foto: Felipe Rau<a href=\"https:\/\/www2.comunitaria.com.br\/en\/enem-dos-concursos-cargo-mais-disputado-do-cnu-tem-141-mil-candidatos-por-vaga\/age20240818049\/\" rel=\"attachment wp-att-65122\"><img loading=\"lazy\" decoding=\"async\" class=\"aligncenter size-full wp-image-65122\" src=\"http:\/\/www2.comunitaria.com.br\/wp-content\/uploads\/2024\/09\/age20240818049.avif\" alt=\"\" width=\"640\" height=\"427\"><\/a><\/em><\/p>\n<\/div>\n<\/div>\n<\/div>\n<\/div>\n<\/div>\n<\/div>\n<\/div>\n<\/div>\n<\/div>\n<\/div>\n<\/div>\n<\/div>\n<\/div>\n<\/div>\n<\/div>","protected":false},"excerpt":{"rendered":"<p>O cargo de&nbsp;analista de planejamento, gest\u00e3o e infraestrutura em informa\u00e7\u00f5es geogr\u00e1ficas e estat\u00edsticas, com especialidade em engenharia civil, foi o mais disputado no&nbsp;Concurso Nacional Unificado (CNU), o &#8220;Enem dos concursos&#8221;&#8230;.<\/p>","protected":false},"author":2,"featured_media":65122,"comment_status":"closed","ping_status":"closed","sticky":false,"template":"","format":"standard","meta":{"ngg_post_thumbnail":0,"footnotes":""},"categories":[47,44,46,42,28,33,43],"tags":[6475],"class_list":["post-65121","post","type-post","status-publish","format-standard","has-post-thumbnail","hentry","category-brasil","category-educacao","category-estado","category-fred-west","category-destaque","category-noticias","category-regiao","tag-concurso-nacional-unificado"],"amp_enabled":true,"_links":{"self":[{"href":"https:\/\/www2.comunitaria.com.br\/en\/wp-json\/wp\/v2\/posts\/65121","targetHints":{"allow":["GET"]}}],"collection":[{"href":"https:\/\/www2.comunitaria.com.br\/en\/wp-json\/wp\/v2\/posts"}],"about":[{"href":"https:\/\/www2.comunitaria.com.br\/en\/wp-json\/wp\/v2\/types\/post"}],"author":[{"embeddable":true,"href":"https:\/\/www2.comunitaria.com.br\/en\/wp-json\/wp\/v2\/users\/2"}],"replies":[{"embeddable":true,"href":"https:\/\/www2.comunitaria.com.br\/en\/wp-json\/wp\/v2\/comments?post=65121"}],"version-history":[{"count":0,"href":"https:\/\/www2.comunitaria.com.br\/en\/wp-json\/wp\/v2\/posts\/65121\/revisions"}],"wp:featuredmedia":[{"embeddable":true,"href":"https:\/\/www2.comunitaria.com.br\/en\/wp-json\/wp\/v2\/media\/65122"}],"wp:attachment":[{"href":"https:\/\/www2.comunitaria.com.br\/en\/wp-json\/wp\/v2\/media?parent=65121"}],"wp:term":[{"taxonomy":"category","embeddable":true,"href":"https:\/\/www2.comunitaria.com.br\/en\/wp-json\/wp\/v2\/categories?post=65121"},{"taxonomy":"post_tag","embeddable":true,"href":"https:\/\/www2.comunitaria.com.br\/en\/wp-json\/wp\/v2\/tags?post=65121"}],"curies":[{"name":"wp","href":"https:\/\/api.w.org\/{rel}","templated":true}]}}