{"id":65100,"date":"2024-09-26T14:50:53","date_gmt":"2024-09-26T16:50:53","guid":{"rendered":"https:\/\/www2.comunitaria.com.br\/?p=65100"},"modified":"2024-09-26T14:51:28","modified_gmt":"2024-09-26T16:51:28","slug":"nucleo-da-mulher-empreendedora-e-aefw-realizam-evento-alusivo-ao-outubro-rosa","status":"publish","type":"post","link":"https:\/\/www2.comunitaria.com.br\/en\/nucleo-da-mulher-empreendedora-e-aefw-realizam-evento-alusivo-ao-outubro-rosa\/","title":{"rendered":"N\u00facleo da Mulher Empreendedora e AEFW realizam evento alusivo ao Outubro Rosa"},"content":{"rendered":"<p style=\"text-align: justify;\">O N\u00facleo da Mulher Empreendedora da Associa\u00e7\u00e3o Empresarial ACI\/CDL de Frederico Westphalen promover\u00e1, no dia 16 de outubro, o evento \u201cNo Tom da Conversa\u201d alusivo ao Outubro Rosa. A programa\u00e7\u00e3o ser\u00e1 iniciada \u00e0s 19h, no Sal\u00e3o Nobre da AEFW, com a palestra \u201cEstrat\u00e9gias femininas para a autogest\u00e3o: uma vis\u00e3o integral\u201d.<\/p>\n<p style=\"text-align: justify;\">O conte\u00fado foi pensado para mulheres l\u00edderes e empres\u00e1rias que desejam aprimorar suas<br \/>\nhabilidades de gest\u00e3o. A palestrante da vez \u00e9 Gabriela Rockenbach, especialista em psicologia social pela Universidade Estatal de S\u00e3o Petersburgo, na R\u00fassia.<\/p>\n<p style=\"text-align: justify;\">Os ingressos j\u00e1 est\u00e3o sendo vendidos pelo site aefw.com.br. As vagas s\u00e3o limitadas. Aproveite essa oportunidade de muita troca, networking e crescimento. Mais informa\u00e7\u00f5es podem ser obtidas junto \u00e0 AEFW, pelo n\u00famero (55) 93618-2623, ou pelo email comercial@aefw.com.br.<\/p>\n<p style=\"text-align: justify;\"><em>Texto: Assessoria de Imprensa da AEFW<a href=\"https:\/\/www2.comunitaria.com.br\/en\/nucleo-da-mulher-empreendedora-e-aefw-realizam-evento-alusivo-ao-outubro-rosa\/divulgacao-no-tom-da-conversa-rosa\/\" rel=\"attachment wp-att-65101\"><img loading=\"lazy\" decoding=\"async\" class=\"aligncenter size-full wp-image-65101\" src=\"http:\/\/www2.comunitaria.com.br\/wp-content\/uploads\/2024\/09\/Divulgacao-No-Tom-da-Conversa-Rosa.jpeg\" alt=\"\" width=\"1026\" height=\"548\" srcset=\"https:\/\/www2.comunitaria.com.br\/wp-content\/uploads\/2024\/09\/Divulgacao-No-Tom-da-Conversa-Rosa.jpeg 1026w, https:\/\/www2.comunitaria.com.br\/wp-content\/uploads\/2024\/09\/Divulgacao-No-Tom-da-Conversa-Rosa-300x160.jpeg 300w, https:\/\/www2.comunitaria.com.br\/wp-content\/uploads\/2024\/09\/Divulgacao-No-Tom-da-Conversa-Rosa-1024x547.jpeg 1024w, https:\/\/www2.comunitaria.com.br\/wp-content\/uploads\/2024\/09\/Divulgacao-No-Tom-da-Conversa-Rosa-768x410.jpeg 768w\" sizes=\"auto, (max-width: 1026px) 100vw, 1026px\" \/><\/a><\/em><\/p>","protected":false},"excerpt":{"rendered":"<p>O N\u00facleo da Mulher Empreendedora da Associa\u00e7\u00e3o Empresarial ACI\/CDL de Frederico Westphalen promover\u00e1, no dia 16 de outubro, o evento \u201cNo Tom da Conversa\u201d alusivo ao Outubro Rosa. A programa\u00e7\u00e3o&#8230;<\/p>","protected":false},"author":2,"featured_media":65101,"comment_status":"closed","ping_status":"closed","sticky":false,"template":"","format":"standard","meta":{"ngg_post_thumbnail":0,"footnotes":""},"categories":[42,28,33,43],"tags":[5530,4542,6771,1672],"class_list":["post-65100","post","type-post","status-publish","format-standard","has-post-thumbnail","hentry","category-fred-west","category-destaque","category-noticias","category-regiao","tag-associacao-empresarial-de-frederico-westphalen","tag-no-tom-da-conversa","tag-nucleo-da-mulher-empreendedora","tag-outubro-rosa"],"amp_enabled":true,"_links":{"self":[{"href":"https:\/\/www2.comunitaria.com.br\/en\/wp-json\/wp\/v2\/posts\/65100","targetHints":{"allow":["GET"]}}],"collection":[{"href":"https:\/\/www2.comunitaria.com.br\/en\/wp-json\/wp\/v2\/posts"}],"about":[{"href":"https:\/\/www2.comunitaria.com.br\/en\/wp-json\/wp\/v2\/types\/post"}],"author":[{"embeddable":true,"href":"https:\/\/www2.comunitaria.com.br\/en\/wp-json\/wp\/v2\/users\/2"}],"replies":[{"embeddable":true,"href":"https:\/\/www2.comunitaria.com.br\/en\/wp-json\/wp\/v2\/comments?post=65100"}],"version-history":[{"count":0,"href":"https:\/\/www2.comunitaria.com.br\/en\/wp-json\/wp\/v2\/posts\/65100\/revisions"}],"wp:featuredmedia":[{"embeddable":true,"href":"https:\/\/www2.comunitaria.com.br\/en\/wp-json\/wp\/v2\/media\/65101"}],"wp:attachment":[{"href":"https:\/\/www2.comunitaria.com.br\/en\/wp-json\/wp\/v2\/media?parent=65100"}],"wp:term":[{"taxonomy":"category","embeddable":true,"href":"https:\/\/www2.comunitaria.com.br\/en\/wp-json\/wp\/v2\/categories?post=65100"},{"taxonomy":"post_tag","embeddable":true,"href":"https:\/\/www2.comunitaria.com.br\/en\/wp-json\/wp\/v2\/tags?post=65100"}],"curies":[{"name":"wp","href":"https:\/\/api.w.org\/{rel}","templated":true}]}}