{"id":65091,"date":"2024-09-26T14:22:51","date_gmt":"2024-09-26T16:22:51","guid":{"rendered":"https:\/\/www2.comunitaria.com.br\/?p=65091"},"modified":"2024-09-26T15:22:48","modified_gmt":"2024-09-26T17:22:48","slug":"movimento-aletheiafact-org-e-ufsm-fw-reunem-estudantes-gauchos-de-jornalismo-para-o-combate-a-desinformacao","status":"publish","type":"post","link":"https:\/\/www2.comunitaria.com.br\/en\/movimento-aletheiafact-org-e-ufsm-fw-reunem-estudantes-gauchos-de-jornalismo-para-o-combate-a-desinformacao\/","title":{"rendered":"Movimento AletheiaFact.org e UFSM-FW re\u00fanem estudantes ga\u00fachos de Jornalismo para o combate \u00e0 Desinforma\u00e7\u00e3o"},"content":{"rendered":"<p style=\"text-align: justify;\">Nos dias 2, 9, 23 e 30 de outubro, sempre \u00e0s 18h30min, o Movimento AletheiaFact.org em parceria com a disciplina Jornalismo no Combate \u00e0 Desinforma\u00e7\u00e3o da Universidade Federal de Santa Maria, campus em Frederico Westphalen, reunir\u00e1 estudantes da UFSM (FW e Santa Maria), UFRGS, Unipampa e PUCRS em uma capacita\u00e7\u00e3o para checagem e combate \u00e0 Desinforma\u00e7\u00e3o. A iniciativa tem colabora\u00e7\u00e3o dos projetos de extens\u00e3o Observat\u00f3rio de Comunica\u00e7\u00e3o P\u00fablica da UFRGS e da UFSM-FW.<\/p>\n<p style=\"text-align: justify;\">A capacita\u00e7\u00e3o visa desenvolver habilidades pr\u00e1ticas em fact-checking e compreender o impacto da verifica\u00e7\u00e3o de fatos no jornalismo contempor\u00e2neo, com foco em temas pol\u00edticos, sociais e eleitorais. AletheiaFact.org \u00e9 uma plataforma tecnol\u00f3gica desenvolvida para o combate \u00e0 desinforma\u00e7\u00e3o e um movimento para a democratiza\u00e7\u00e3o da checagem de fatos no Brasil. O maior objetivo do projeto \u00e9 capacitar cidad\u00e3os e cidad\u00e3s comuns para checar e monitorar informa\u00e7\u00f5es, a fim de evitar a dispers\u00e3o nociva de fake news, al\u00e9m de criar uma comunidade digital engajada no ensino, aprendizagem e compartilhamento de conhecimento sobre a tem\u00e1tica.<\/p>\n<p style=\"text-align: justify;\">Ap\u00f3s o curso os estudantes estar\u00e3o aptos a identificar, investigar e combater a dissemina\u00e7\u00e3o de informa\u00e7\u00f5es, dados e not\u00edcias falsas. A capacita\u00e7\u00e3o visa o desenvolvimento de habilidades pr\u00e1ticas em fact-checking, preparando os estudantes para enfrentar os desafios da desinforma\u00e7\u00e3o no mercado de trabalho.<\/p>\n<p style=\"text-align: justify;\">Al\u00e9m disso, o objetivo \u00e9 apresentar o Movimento AletheiaFact.org, com a inten\u00e7\u00e3o de atrair estudantes interessados em realizar o est\u00e1gio obrigat\u00f3rio na institui\u00e7\u00e3o ou despertar o interesse de poss\u00edveis colaboradores volunt\u00e1rios para realiza\u00e7\u00e3o de checagens para os projetos e parcerias da Aletheia, como o projeto Verifica RS.<\/p>\n<p style=\"text-align: justify;\">A capacita\u00e7\u00e3o, apesar de ser voltada aos estudantes de jornalismo, pode ser feita por qualquer pessoa interessada no tema.<\/p>\n<p style=\"text-align: justify;\">Para participar \u00e9 necess\u00e1rio fazer inscri\u00e7\u00e3o!!<br \/>\nO curso \u00e9 GRATUITO!<\/p>\n<p style=\"text-align: justify;\">MAIS INFORMA\u00c7\u00d5ES<br \/>\nDATAS: 2, 9, 23 e 30 de outubro<br \/>\nHOR\u00c1RIO: 18h30min \u00e0s 20h30min<br \/>\nFORMATO: remoto (s\u00edncrono e atividades ass\u00edncronas)<br \/>\nCONTATOS: jgomes@ufsm.br \/ tvolcean@aletheiafact.org<br \/>\nINSCRI\u00c7\u00d5ES:<a href=\"https:\/\/forms.gle\/m5LNf8ppBs84sroX9\"> https:\/\/forms.gle\/m5LNf8ppBs84sroX9<\/a><\/p>\n<p style=\"text-align: justify;\">PROGRAMA\u00c7\u00c3O<\/p>\n<p style=\"text-align: justify;\"><strong>ENCONTRO 1<\/strong><br \/>\nTema: Introdu\u00e7\u00e3o ao fact-checking e \u00e0s ferramentas de combate \u00e0 desinforma\u00e7\u00e3o<br \/>\nDura\u00e7\u00e3o: 2h s\u00edncronas<br \/>\nData: 2 de outubro<br \/>\nHor\u00e1rio: 18h30min \u00e0s 20h30min<\/p>\n<p style=\"text-align: justify;\">Conte\u00fado:<br \/>\na) Os conceitos do fact-checking e apresenta\u00e7\u00e3o de estudos de caso sobre o impacto do fact-checking na sociedade e na democracia, sobretudo em contextos eleitorais;<br \/>\nb) Explorando as etapas do percurso metodol\u00f3gico proposto pelo<br \/>\nManual de Checagem AletheiaFact.org:<br \/>\n\u25cf Monitoramento e par\u00e2metros de sele\u00e7\u00e3o de pautas;<br \/>\n\u25cf Apresenta\u00e7\u00e3o e debate sobre as etiquetas de classifica\u00e7\u00e3o;<br \/>\n\u25cf Constru\u00e7\u00e3o do Review Log &#8211; Relat\u00f3rio de Verifica\u00e7\u00e3o e primeiro contato com os itens a serem preenchidos no documento;<br \/>\n\u25cf A import\u00e2ncia do Cross-Checking e orienta\u00e7\u00f5es para a publica\u00e7\u00e3o do Review Log na plataforma aletheiafact.org.<br \/>\nAtividade ass\u00edncrona: Cada participante escolher\u00e1 uma pauta a ser checada a partir dos par\u00e2metros de monitoramento e sele\u00e7\u00e3o, a qual ser\u00e1 utilizada para execu\u00e7\u00e3o das atividades<br \/>\npropostas no segundo encontro, chamado \u201cMaratona de Checagens\u201d.<\/p>\n<p style=\"text-align: justify;\"><strong>ENCONTRO 2<\/strong><br \/>\nTema: Explorando as ferramentas e pr\u00e1ticasdo fact-checking na plataforma AletheiaFact.org<br \/>\nDura\u00e7\u00e3o: 2h<br \/>\nData: 9 de outubro<br \/>\nHor\u00e1rio: 18h30min \u00e0s 20h30min<br \/>\nConte\u00fado:<br \/>\na) Como usar a plataforma AletheiaFact.org para registrar claims, atribuir verificadores e<br \/>\npublicar relat\u00f3rios, utilizando o Tutorial guiado das funcionalidades para contextualiza\u00e7\u00e3o dos<br \/>\nparticipantes;<br \/>\nb) An\u00e1lise de exemplos reais de desinforma\u00e7\u00e3o e como o fact-checking pode desmistificar informa\u00e7\u00f5es incorretas;<br \/>\nc) O papel da Intelig\u00eancia Artificial no fact-checking: como as ferramentas est\u00e3o impactando o cen\u00e1rio brasileiro.<br \/>\nAtividade ass\u00edncrona: Elabora\u00e7\u00e3o do roteiro inicial para a checagem da pauta escolhida na<br \/>\nsemana, incluindo as fontes investigativas. O participante deve apresentar quais as perguntas o Review Log dever\u00e1 responder e quais caminhos metodol\u00f3gicos investigativos pretende seguir.<\/p>\n<p><strong>ENCONTRO 3<\/strong><br \/>\nTema: \u00c9tica e responsabilidade no fact-checking<br \/>\nDura\u00e7\u00e3o: 2h<br \/>\nData: 23 de outubro<br \/>\nHor\u00e1rio: 18h30min \u00e0s 20h30min<br \/>\nConte\u00fado:<br \/>\na) Debater a responsabilidade social no jornalismo, a partir do enfoque na import\u00e2ncia da<br \/>\nprecis\u00e3o e \u00e9tica na verifica\u00e7\u00e3o de informa\u00e7\u00f5es;<br \/>\nb) Discuss\u00e3o sobre as limita\u00e7\u00f5es e os cuidados no uso de Intelig\u00eancia Artificial para verifica\u00e7\u00e3o de fatos;<br \/>\nc) Apresenta\u00e7\u00e3o do conceito de cross-checking e revis\u00e3o coletiva, com enfoque na import\u00e2ncia da revis\u00e3o por pares e t\u00e9cnicas para garantir a precis\u00e3o nas checagens.<\/p>\n<p style=\"text-align: justify;\">Observa\u00e7\u00e3o: Ao t\u00e9rmino da exposi\u00e7\u00e3o te\u00f3rica, os participantes ser\u00e3o divididos em duplas para aplicar os conhecimentos adquiridos na pr\u00e1tica de cross-checking durante a atividade ass\u00edncrona detalhada a seguir.<br \/>\nAtividade pr\u00e1tica: Realiza\u00e7\u00e3o do processo investigativo com base no roteiro previamente<br \/>\nformulado, seguido do preenchimento inicial do Review Log, com \u00eanfase na organiza\u00e7\u00e3o l\u00f3gica das evid\u00eancias coletadas. Ao final do preenchimento do Review Log, as duplas v\u00e3o trocar os relat\u00f3rios entre si para a realiza\u00e7\u00e3o do cross-checking. Caso haja diverg\u00eancia de etiquetas, a dupla deve realizar ajustes no Review Log.<\/p>\n<p style=\"text-align: justify;\"><strong>ENCONTRO 4<\/strong><br \/>\nTema: [ATIVIDADE PR\u00c1TICA] Aplica\u00e7\u00e3o e publica\u00e7\u00e3o de resultados<br \/>\nDura\u00e7\u00e3o: 2h<br \/>\nData: Data sugerida: 30 de outubro<br \/>\nHor\u00e1rio: 18h30min \u00e0s 20h30min<br \/>\nObjetivo da atividade:<br \/>\nDesenvolver e aplicar, de forma pr\u00e1tica e completa, o processo de fact-checking conforme o Manual de Checagem da AletheiaFact.org, culminando na publica\u00e7\u00e3o de um Review Log na plataforma.<br \/>\nConte\u00fado:<br \/>\na) Publica\u00e7\u00e3o oficial do Review Log estruturado na atividade ass\u00edncrona na plataforma Aletheia;<br \/>\nb) Ap\u00f3s publica\u00e7\u00e3o na plataforma, discuss\u00e3o sobre como as habilidades adquiridas podem ser aplicadas em diferentes cen\u00e1rios jornal\u00edsticos.<br \/>\nAtividade ass\u00edncrona optativa: Prepara\u00e7\u00e3o da pauta para divulga\u00e7\u00e3o em canais da UFSM e<br \/>\noutros, incluindo ve\u00edculos de imprensa, sempre citando a AletheiaFact.org como fonte do<br \/>\nReview Log.<\/p>\n<p><em>Realiza\u00e7\u00e3o: Universidade Federal de Santa Maria e OBCOMP<\/em><\/p>\n<p><a href=\"https:\/\/www2.comunitaria.com.br\/movimento-aletheiafact-org-e-ufsm-fw-reunem-estudantes-gauchos-de-jornalismo-para-o-combate-a-desinformacao\/fake-news-3\/\" rel=\"attachment wp-att-65109\"><img loading=\"lazy\" decoding=\"async\" class=\"aligncenter size-full wp-image-65109\" src=\"http:\/\/www2.comunitaria.com.br\/wp-content\/uploads\/2024\/09\/Fake-News.jpg\" alt=\"\" width=\"751\" height=\"377\" srcset=\"https:\/\/www2.comunitaria.com.br\/wp-content\/uploads\/2024\/09\/Fake-News.jpg 751w, https:\/\/www2.comunitaria.com.br\/wp-content\/uploads\/2024\/09\/Fake-News-300x151.jpg 300w\" sizes=\"auto, (max-width: 751px) 100vw, 751px\" \/><\/a><\/p>\n","protected":false},"excerpt":{"rendered":"<p>Nos dias 2, 9, 23 e 30 de outubro, sempre \u00e0s 18h30min, o Movimento AletheiaFact.org em parceria com a disciplina Jornalismo no Combate \u00e0 Desinforma\u00e7\u00e3o da Universidade Federal de Santa&#8230;<\/p>","protected":false},"author":2,"featured_media":65109,"comment_status":"closed","ping_status":"closed","sticky":false,"template":"","format":"standard","meta":{"ngg_post_thumbnail":0,"footnotes":""},"categories":[44,42,28,33,43],"tags":[2496,6768,1527,5240,6769],"class_list":["post-65091","post","type-post","status-publish","format-standard","has-post-thumbnail","hentry","category-educacao","category-fred-west","category-destaque","category-noticias","category-regiao","tag-curso-gratuito","tag-curso-online","tag-estagio","tag-inscricoes-abertas","tag-voluntariado"],"amp_enabled":true,"_links":{"self":[{"href":"https:\/\/www2.comunitaria.com.br\/en\/wp-json\/wp\/v2\/posts\/65091","targetHints":{"allow":["GET"]}}],"collection":[{"href":"https:\/\/www2.comunitaria.com.br\/en\/wp-json\/wp\/v2\/posts"}],"about":[{"href":"https:\/\/www2.comunitaria.com.br\/en\/wp-json\/wp\/v2\/types\/post"}],"author":[{"embeddable":true,"href":"https:\/\/www2.comunitaria.com.br\/en\/wp-json\/wp\/v2\/users\/2"}],"replies":[{"embeddable":true,"href":"https:\/\/www2.comunitaria.com.br\/en\/wp-json\/wp\/v2\/comments?post=65091"}],"version-history":[{"count":0,"href":"https:\/\/www2.comunitaria.com.br\/en\/wp-json\/wp\/v2\/posts\/65091\/revisions"}],"wp:featuredmedia":[{"embeddable":true,"href":"https:\/\/www2.comunitaria.com.br\/en\/wp-json\/wp\/v2\/media\/65109"}],"wp:attachment":[{"href":"https:\/\/www2.comunitaria.com.br\/en\/wp-json\/wp\/v2\/media?parent=65091"}],"wp:term":[{"taxonomy":"category","embeddable":true,"href":"https:\/\/www2.comunitaria.com.br\/en\/wp-json\/wp\/v2\/categories?post=65091"},{"taxonomy":"post_tag","embeddable":true,"href":"https:\/\/www2.comunitaria.com.br\/en\/wp-json\/wp\/v2\/tags?post=65091"}],"curies":[{"name":"wp","href":"https:\/\/api.w.org\/{rel}","templated":true}]}}