{"id":65012,"date":"2024-09-23T10:37:03","date_gmt":"2024-09-23T12:37:03","guid":{"rendered":"https:\/\/www2.comunitaria.com.br\/?p=65012"},"modified":"2024-09-23T10:37:04","modified_gmt":"2024-09-23T12:37:04","slug":"com-investimento-do-estado-taca-das-favelas-rs-2024-consagra-times-de-alvorada-e-porto-alegre-como-grandes-campeoes","status":"publish","type":"post","link":"https:\/\/www2.comunitaria.com.br\/en\/com-investimento-do-estado-taca-das-favelas-rs-2024-consagra-times-de-alvorada-e-porto-alegre-como-grandes-campeoes\/","title":{"rendered":"Com investimento do Estado, Ta\u00e7a das Favelas RS 2024 consagra times de Alvorada e Porto Alegre como grandes campe\u00f5es"},"content":{"rendered":"<p style=\"text-align: justify;\">Os times campe\u00f5es da segunda edi\u00e7\u00e3o da Ta\u00e7a das Favelas RS foram conhecidos neste s\u00e1bado (21\/9), em Porto Alegre. Na disputa feminina, venceu o Piratini, de Alvorada, e, no masculino, ganhou o Bom Jesus, de Porto Alegre. As finais aconteceram no est\u00e1dio Passo D&#8217;Areia.&nbsp;<\/p>\n<p style=\"text-align: justify;\">A final entre as mulheres terminou em 2 a 1 para o Piratini, que disputou com o Florescente, de Viam\u00e3o. Gabriela Lapinski, a atacante do time de Alvorada, marcou os dois gols da vit\u00f3ria: um de p\u00eanalti, na primeira etapa; e o segundo com a bola rolando, no segundo tempo. No masculino, o jogo entre o Bom Jesus e o Municipal, de Montenegro, terminou em 1 a 0 para o time de Porto Alegre, com o gol de falta marcado pelo jogador \u00cdndio no segundo tempo.<\/p>\n<p style=\"text-align: justify;\">Nesta segunda edi\u00e7\u00e3o, o evento contou novamente com o financiamento do governo do Rio Grande do Sul por meio do programa Pr\u00f3-Esporte RS da Secretaria do Esporte e Lazer, do Programa de Incentivo ao Aparelhamento da Seguran\u00e7a P\u00fablica (Piseg), da Secretaria da Seguran\u00e7a P\u00fablica, e apoio do Programa RS Seguro.<\/p>\n<p style=\"text-align: justify;\">O secret\u00e1rio do Esporte e Lazer, Danrlei de Deus, destacou a import\u00e2ncia de uma nova edi\u00e7\u00e3o da Ta\u00e7a das Favelas. \u201cVer o sucesso da primeira edi\u00e7\u00e3o e agora o sucesso da segunda mostra que, ao lado do RS Seguro e da&nbsp;Central \u00danica das Favelas, a Cufa RS, estamos fazendo um campeonato que vem para realmente trazer a inclus\u00e3o e ressaltar a import\u00e2ncia das favelas junto \u00e0 sociedade.\u201d<\/p>\n<p style=\"text-align: justify;\">Foram 724 times e 10 mil jovens inscritos de 37 munic\u00edpios que sediaram jogos da Ta\u00e7a das Favelas, sendo 23 priorizados pelo Programa RS Seguro. Cada um contou com uma etapa municipal, cujos campe\u00f5es representaram suas cidades nas fases seguintes. S\u00e3o elas: Alvorada, Bag\u00e9, Bento Gon\u00e7alves, Cachoeirinha, Camaqu\u00e3, Candiota, Cangu\u00e7u, Canoas, Cap\u00e3o da Canoa, Caxias do Sul, Charqueadas, Cruz Alta, Esteio, Eldorado do Sul, Farroupilha, Frederico Westphalen, Gravata\u00ed, Gua\u00edba, Iju\u00ed, Imb\u00e9, Lajeado, Montenegro, Novo Hamburgo, Os\u00f3rio, Passo Fundo, Pelotas, Porto Alegre, Rio Grande, Santa Maria, Santa Vit\u00f3ria do Palmar, S\u00e3o Jer\u00f4nimo, S\u00e3o Leopoldo, S\u00e3o Louren\u00e7o do Sul, Sapucaia do Sul, Torres, Tramanda\u00ed e Viam\u00e3o.<\/p>\n<p style=\"text-align: justify;\">O projeto se encaixa no eixo 2 &#8211; Pol\u00edticas Sociais, Preventivas e Transversais do Programa RS Seguro. \u201c\u00c9 muito gratificante ver a segunda edi\u00e7\u00e3o do Ta\u00e7a acontecer no RS. Um projeto que&nbsp;promove transforma\u00e7\u00e3o social e mudan\u00e7a da realidade de muitos jovens atrav\u00e9s do esporte. \u00c9 de extrema import\u00e2ncia esse tipo de a\u00e7\u00e3o concreta do Estado, em parceria com a Cufa, para mobilizar as comunidades desses munic\u00edpios a incentivarem cada vez mais esses adolescentes a serem multiplicadores de a\u00e7\u00f5es que promovem mudan\u00e7as sociais, que eles fazem parte e atingem positivamente o entorno deles tamb\u00e9m\u201d, ressaltou o secret\u00e1rio-executivo do RS Seguro, Ant\u00f4nio Padilha.<\/p>\n<p style=\"text-align: justify;\">O governo do Estado investe R$ 800 mil na competi\u00e7\u00e3o pelo segundo ano consecutivo. Do total do montante, R$ 400 mil s\u00e3o oriundos do Programa de Incentivo ao Aparelhamento da Seguran\u00e7a P\u00fablica (Piseg), da Secretaria da Seguran\u00e7a P\u00fablica (SSP), e R$ 400 mil do Programa de Incentivo ao Esporte (Pr\u00f3-Esporte RS) e da Lei de Incentivo ao Esporte da Secretaria do Esporte e Lazer (SEL), com apoio do Programa RS Seguro, vinculado ao gabinete do governador.<\/p>\n<p style=\"text-align: justify;\">O campeonato \u00e9 exclusivo para moradores de favelas e periferias. Puderam se inscrever todas as comunidades situadas nessas 37 cidades, desde que localizadas em \u00e1reas de favelas, periferias ou sub\u00farbios, com comprova\u00e7\u00e3o de endere\u00e7o. As equipes foram compostas por integrantes com idades entre 14 e 17 anos na categoria masculino, e acima de 15 anos no feminino.<\/p>\n<p style=\"text-align: justify;\">As finais marcam o encerramento de uma competi\u00e7\u00e3o iniciada em junho, e os campe\u00f5es da Ta\u00e7a das Favelas Rio Grande do Sul se classificam para a etapa nacional, prevista para acontecer em dezembro, com os ganhadores de outros Estados. As competi\u00e7\u00f5es s\u00e3o organizadas pela Cufa em todo o Brasil.<em><sub><a href=\"https:\/\/www2.comunitaria.com.br\/en\/com-investimento-do-estado-taca-das-favelas-rs-2024-consagra-times-de-alvorada-e-porto-alegre-como-grandes-campeoes\/22093420_2152293_gd\/\" rel=\"attachment wp-att-65014\"><img loading=\"lazy\" decoding=\"async\" class=\"aligncenter size-full wp-image-65014\" src=\"http:\/\/www2.comunitaria.com.br\/wp-content\/uploads\/2024\/09\/22093420_2152293_GD.jpg\" alt=\"\" width=\"945\" height=\"532\" srcset=\"https:\/\/www2.comunitaria.com.br\/wp-content\/uploads\/2024\/09\/22093420_2152293_GD.jpg 945w, https:\/\/www2.comunitaria.com.br\/wp-content\/uploads\/2024\/09\/22093420_2152293_GD-300x169.jpg 300w, https:\/\/www2.comunitaria.com.br\/wp-content\/uploads\/2024\/09\/22093420_2152293_GD-768x432.jpg 768w, https:\/\/www2.comunitaria.com.br\/wp-content\/uploads\/2024\/09\/22093420_2152293_GD-260x145.jpg 260w\" sizes=\"auto, (max-width: 945px) 100vw, 945px\" \/><\/a><a href=\"https:\/\/www2.comunitaria.com.br\/en\/com-investimento-do-estado-taca-das-favelas-rs-2024-consagra-times-de-alvorada-e-porto-alegre-como-grandes-campeoes\/22093424_2152304_gdo\/\" rel=\"attachment wp-att-65013\"><img loading=\"lazy\" decoding=\"async\" class=\"aligncenter size-full wp-image-65013\" src=\"http:\/\/www2.comunitaria.com.br\/wp-content\/uploads\/2024\/09\/22093424_2152304_GDO.jpg\" alt=\"\" width=\"945\" height=\"708\" srcset=\"https:\/\/www2.comunitaria.com.br\/wp-content\/uploads\/2024\/09\/22093424_2152304_GDO.jpg 945w, https:\/\/www2.comunitaria.com.br\/wp-content\/uploads\/2024\/09\/22093424_2152304_GDO-300x225.jpg 300w, https:\/\/www2.comunitaria.com.br\/wp-content\/uploads\/2024\/09\/22093424_2152304_GDO-768x575.jpg 768w\" sizes=\"auto, (max-width: 945px) 100vw, 945px\" \/><\/a><\/sub><\/em><\/p>","protected":false},"excerpt":{"rendered":"<p>Os times campe\u00f5es da segunda edi\u00e7\u00e3o da Ta\u00e7a das Favelas RS foram conhecidos neste s\u00e1bado (21\/9), em Porto Alegre. Na disputa feminina, venceu o Piratini, de Alvorada, e, no masculino, ganhou o Bom Jesus, de Porto Alegre. As finais aconteceram no est\u00e1dio Passo D&#8217;Areia.&nbsp; A final entre as mulheres terminou em 2 a 1 para<\/p>\n<div class=\"read-more-wrapper\"><a class=\"read-more\" href=\"https:\/\/www2.comunitaria.com.br\/en\/com-investimento-do-estado-taca-das-favelas-rs-2024-consagra-times-de-alvorada-e-porto-alegre-como-grandes-campeoes\/\" title=\"Read More\"> <span class=\"button\">Read More<\/span><\/a><\/div>","protected":false},"author":2,"featured_media":65014,"comment_status":"closed","ping_status":"closed","sticky":false,"template":"","format":"standard","meta":{"ngg_post_thumbnail":0,"footnotes":""},"categories":[47,44,46,33,43],"tags":[6747,6746,230,1359,6745],"class_list":["post-65012","post","type-post","status-publish","format-standard","has-post-thumbnail","hentry","category-brasil","category-educacao","category-estado","category-noticias","category-regiao","tag-alvorada","tag-estado-do-rs","tag-futebol","tag-porto-alegre","tag-taca-das-favelas"],"amp_enabled":true,"_links":{"self":[{"href":"https:\/\/www2.comunitaria.com.br\/en\/wp-json\/wp\/v2\/posts\/65012","targetHints":{"allow":["GET"]}}],"collection":[{"href":"https:\/\/www2.comunitaria.com.br\/en\/wp-json\/wp\/v2\/posts"}],"about":[{"href":"https:\/\/www2.comunitaria.com.br\/en\/wp-json\/wp\/v2\/types\/post"}],"author":[{"embeddable":true,"href":"https:\/\/www2.comunitaria.com.br\/en\/wp-json\/wp\/v2\/users\/2"}],"replies":[{"embeddable":true,"href":"https:\/\/www2.comunitaria.com.br\/en\/wp-json\/wp\/v2\/comments?post=65012"}],"version-history":[{"count":0,"href":"https:\/\/www2.comunitaria.com.br\/en\/wp-json\/wp\/v2\/posts\/65012\/revisions"}],"wp:featuredmedia":[{"embeddable":true,"href":"https:\/\/www2.comunitaria.com.br\/en\/wp-json\/wp\/v2\/media\/65014"}],"wp:attachment":[{"href":"https:\/\/www2.comunitaria.com.br\/en\/wp-json\/wp\/v2\/media?parent=65012"}],"wp:term":[{"taxonomy":"category","embeddable":true,"href":"https:\/\/www2.comunitaria.com.br\/en\/wp-json\/wp\/v2\/categories?post=65012"},{"taxonomy":"post_tag","embeddable":true,"href":"https:\/\/www2.comunitaria.com.br\/en\/wp-json\/wp\/v2\/tags?post=65012"}],"curies":[{"name":"wp","href":"https:\/\/api.w.org\/{rel}","templated":true}]}}