{"id":64960,"date":"2024-09-19T11:42:50","date_gmt":"2024-09-19T13:42:50","guid":{"rendered":"https:\/\/www2.comunitaria.com.br\/?p=64960"},"modified":"2024-09-19T11:42:51","modified_gmt":"2024-09-19T13:42:51","slug":"rs-tem-alerta-de-temporal-nesta-quinta-ventos-podem-superar-100-km-h","status":"publish","type":"post","link":"https:\/\/www2.comunitaria.com.br\/en\/rs-tem-alerta-de-temporal-nesta-quinta-ventos-podem-superar-100-km-h\/","title":{"rendered":"RS tem alerta de temporal nesta quinta; ventos podem superar 100 km\/h"},"content":{"rendered":"<p style=\"text-align: justify;\">A Defesa Civil do RS divulgou um alerta de temporal para o estado, v\u00e1lido entre quinta (19) e sexta-feira (20).<\/p>\n<p style=\"text-align: justify;\"><strong>O que aconteceu<\/strong><\/p>\n<p style=\"text-align: justify;\">O comunicado fala em tempestades intensas na fronteira com o Uruguai e no oeste ga\u00facho nesta quinta. Tamb\u00e9m s\u00e3o esperadas descargas el\u00e9tricas, granizo e ventos fortes de 70 a 90 km\/h, podendo ultrapassar 100 km\/h isoladamente.<\/p>\n<p style=\"text-align: justify;\">Temporais e chuvas fortes tamb\u00e9m devem afetar a regi\u00e3o Noroeste, Miss\u00f5es, Centro, Campanha, Sul, Costa Doce, Vales e regi\u00e3o metropolitana de Porto Alegre. Isso acontece, segundo a Defesa Civil, devido ao aumento da umidade do Norte e a uma frente fria associada a um sistema de baixa press\u00e3o no Paraguai.<\/p>\n<p style=\"text-align: justify;\">\u00c0 noite, as tempestades se espalham pela Campanha, Sul, Miss\u00f5es, Centro e Costa Doce. O \u00f3rg\u00e3o estadual estima acumulados de 40 a 70 mm\/dia de chuva no Centro-Oeste, Campanha, Miss\u00f5es e Noroeste ga\u00facho, e de 10 a 25 mm\/dia nas outras \u00e1reas.<\/p>\n<p style=\"text-align: justify;\">Na madrugada e manh\u00e3 de sexta, a frente fria avan\u00e7a. S\u00e3o esperadas chuvas moderadas a fortes e temporais para a metade Norte, Centro e regi\u00e3o metropolitana de Porto Alegre. \u00c0 tarde, as chuvas moderadas persistem no Noroeste, Norte e Nordeste, com acumulados de at\u00e9 35 mm\/dia no Norte e 20 mm\/dia nas demais \u00e1reas. Ventos fortes de 40 a 60 km\/h permanecem na maioria do RS.<\/p>\n<p style=\"text-align: justify;\">No s\u00e1bado (21), a frente fria deve se afastar. Isso pode trazer tempo firme para a maioria do Rio Grande do Sul, com possibilidade de chuviscos no Norte e Noroeste \u00e0 tarde. Ventos na metade Sul devem ser mais fortes, entre 40 e 50 km\/h.<\/p>\n<p style=\"text-align: justify;\"><strong>Bacias em alerta<\/strong><\/p>\n<p style=\"text-align: justify;\">Todas as bacias hidrogr\u00e1ficas do RS est\u00e3o em alerta por causa das chuvas entre quinta e sexta. Esse aviso indica o risco de eleva\u00e7\u00e3o dos n\u00edveis em arroios e rios menores, que podem transbordar, al\u00e9m de poss\u00edveis alagamentos em \u00e1reas urbanas.<\/p>\n<p style=\"text-align: justify;\">A Defesa Civil do RS trabalha com quatro n\u00edveis para as bacias hidrogr\u00e1ficas: normal (verde), alerta (amarelo), inunda\u00e7\u00e3o (laranja) e inunda\u00e7\u00e3o severa (vermelho).<\/p>\n<p style=\"text-align: justify;\">&#8220;N\u00e3o \u00e9 o caso de alerta de inunda\u00e7\u00f5es, enchentes, mas temporal que, pelo vento forte, granizo, pode trazer muitos riscos \u00e0 popula\u00e7\u00e3o&#8221;, disse o governador Eduardo Leite. &#8220;Por isso, estejam todos conscientes de evitar se expor a risco durante a quinta-feira&#8221;, acrescentou.<\/p>\n<p style=\"text-align: justify;\">O Inmet (Instituto Nacional de Meteorologia) divulgou um alerta de &#8220;perigo&#8221; para o RS. O comunicado, v\u00e1lido tamb\u00e9m para quinta e sexta-feira, prev\u00ea corte de energia el\u00e9trica, estragos em planta\u00e7\u00f5es, queda de \u00e1rvores e alagamentos.<\/p>\n<p style=\"text-align: justify;\"><strong>Enchentes no RS<\/strong><\/p>\n<p style=\"text-align: justify;\">As chuvas fortes que atingiram o RS h\u00e1 alguns meses deixaram pelo menos 183 mortos, segundo o \u00faltimo boletim divulgado pela Defesa Civil, em 20 de agosto. Foram 478 munic\u00edpios afetados e 2.398.255 pessoas atingidas.<\/p>\n<p style=\"text-align: justify;\">O \u00f3rg\u00e3o estadual ainda registrou 806 feridos e 27 desaparecidos.<\/p>\n<p style=\"text-align: justify;\">Pelo menos 773 fam\u00edlias afetadas pelas enchentes j\u00e1 est\u00e3o em busca de im\u00f3veis de at\u00e9 R$ 200 mil, em um programa do governo federal. A estimativa divulgada no in\u00edcio desta semana \u00e9 de que outras 594 fam\u00edlias sejam convocadas nos pr\u00f3ximos dias para escolher onde desejam morar.<\/p>\n<p style=\"text-align: justify;\"><em>Fonte: Uol<a href=\"https:\/\/www2.comunitaria.com.br\/en\/rs-tem-alerta-de-temporal-nesta-quinta-ventos-podem-superar-100-km-h\/chuva-768x509-jpg\/\" rel=\"attachment wp-att-64961\"><img loading=\"lazy\" decoding=\"async\" class=\"aligncenter size-full wp-image-64961\" src=\"http:\/\/www2.comunitaria.com.br\/wp-content\/uploads\/2024\/09\/chuva-768x509.jpg.webp\" alt=\"\" width=\"768\" height=\"509\" srcset=\"https:\/\/www2.comunitaria.com.br\/wp-content\/uploads\/2024\/09\/chuva-768x509.jpg.webp 768w, https:\/\/www2.comunitaria.com.br\/wp-content\/uploads\/2024\/09\/chuva-768x509.jpg-300x199.webp 300w\" sizes=\"auto, (max-width: 768px) 100vw, 768px\" \/><\/a><\/em><\/p>","protected":false},"excerpt":{"rendered":"<p>A Defesa Civil do RS divulgou um alerta de temporal para o estado, v\u00e1lido entre quinta (19) e sexta-feira (20). O que aconteceu O comunicado fala em tempestades intensas na fronteira com o Uruguai e no oeste ga\u00facho nesta quinta. Tamb\u00e9m s\u00e3o esperadas descargas el\u00e9tricas, granizo e ventos fortes de 70 a 90 km\/h, podendo<\/p>\n<div class=\"read-more-wrapper\"><a class=\"read-more\" href=\"https:\/\/www2.comunitaria.com.br\/en\/rs-tem-alerta-de-temporal-nesta-quinta-ventos-podem-superar-100-km-h\/\" title=\"Read More\"> <span class=\"button\">Read More<\/span><\/a><\/div>","protected":false},"author":2,"featured_media":64961,"comment_status":"closed","ping_status":"closed","sticky":false,"template":"","format":"standard","meta":{"ngg_post_thumbnail":0,"footnotes":""},"categories":[46,42,28,33,43],"tags":[179,1192],"class_list":["post-64960","post","type-post","status-publish","format-standard","has-post-thumbnail","hentry","category-estado","category-fred-west","category-destaque","category-noticias","category-regiao","tag-previsao-do-tempo-2","tag-rio-grande-do-sul"],"amp_enabled":true,"_links":{"self":[{"href":"https:\/\/www2.comunitaria.com.br\/en\/wp-json\/wp\/v2\/posts\/64960","targetHints":{"allow":["GET"]}}],"collection":[{"href":"https:\/\/www2.comunitaria.com.br\/en\/wp-json\/wp\/v2\/posts"}],"about":[{"href":"https:\/\/www2.comunitaria.com.br\/en\/wp-json\/wp\/v2\/types\/post"}],"author":[{"embeddable":true,"href":"https:\/\/www2.comunitaria.com.br\/en\/wp-json\/wp\/v2\/users\/2"}],"replies":[{"embeddable":true,"href":"https:\/\/www2.comunitaria.com.br\/en\/wp-json\/wp\/v2\/comments?post=64960"}],"version-history":[{"count":0,"href":"https:\/\/www2.comunitaria.com.br\/en\/wp-json\/wp\/v2\/posts\/64960\/revisions"}],"wp:featuredmedia":[{"embeddable":true,"href":"https:\/\/www2.comunitaria.com.br\/en\/wp-json\/wp\/v2\/media\/64961"}],"wp:attachment":[{"href":"https:\/\/www2.comunitaria.com.br\/en\/wp-json\/wp\/v2\/media?parent=64960"}],"wp:term":[{"taxonomy":"category","embeddable":true,"href":"https:\/\/www2.comunitaria.com.br\/en\/wp-json\/wp\/v2\/categories?post=64960"},{"taxonomy":"post_tag","embeddable":true,"href":"https:\/\/www2.comunitaria.com.br\/en\/wp-json\/wp\/v2\/tags?post=64960"}],"curies":[{"name":"wp","href":"https:\/\/api.w.org\/{rel}","templated":true}]}}