{"id":64936,"date":"2024-09-19T09:48:18","date_gmt":"2024-09-19T11:48:18","guid":{"rendered":"https:\/\/www2.comunitaria.com.br\/?p=64936"},"modified":"2024-09-19T09:50:56","modified_gmt":"2024-09-19T11:50:56","slug":"pepe-cai-na-hierarquia-no-gremio-e-recebe-interesse-de-clubes-da-serie-a-para-2025","status":"publish","type":"post","link":"https:\/\/www2.comunitaria.com.br\/en\/pepe-cai-na-hierarquia-no-gremio-e-recebe-interesse-de-clubes-da-serie-a-para-2025\/","title":{"rendered":"Pep\u00ea cai na hierarquia no Gr\u00eamio e recebe interesse de clubes da S\u00e9rie A para 2025"},"content":{"rendered":"<p>Antes um dos titulares do meio-campo, o volante Pep\u00ea perdeu espa\u00e7o e caiu na hierarquia do&nbsp;Gr\u00eamio. A situa\u00e7\u00e3o deixa o futuro do meio-campista indefinido, j\u00e1 que o contrato se encerra no fim de 2025 e n\u00e3o houve contato para renova\u00e7\u00e3o por enquanto. Duas equipes da S\u00e9rie A procuraram o estafe do jogador recentemente.<\/p>\n<p>Como n\u00e3o houve um movimento para manifestar a inten\u00e7\u00e3o da perman\u00eancia, o entendimento \u00e9 que a tend\u00eancia \u00e9 por uma sa\u00edda no final da atual temporada. At\u00e9 porque no meio de 2025, Pep\u00ea poderia assinar um pr\u00e9-contrato e sair livre ao final do v\u00ednculo.<\/p>\n<p>Nas \u00faltimas semanas, dois clubes da S\u00e9rie A fizeram sondagens pelo volante, justamente por conta deste contexto. A pr\u00f3xima janela de transfer\u00eancias, no in\u00edcio de 2025, seria a \u00faltima para o Gr\u00eamio recuperar o investimento feito. O Tricolor pagou cerca de R$ 8 milh\u00f5es pelo jogador.<\/p>\n<p>Pep\u00ea perdeu a vaga como titular para Dodi em julho. Logo depois, o Gr\u00eamio engatou uma boa sequ\u00eancia de resultados, com oito jogos sem perder e cinco vit\u00f3rias no per\u00edodo. O volante foi titular nas vit\u00f3rias sobre Athletico e Cuiab\u00e1, quando os reservas entraram em campo no Brasileiro.<\/p>\n<div id=\"chunk-fhti\">\n<div class=\"mc-column content-text active-extra-styles\" data-block-type=\"unstyled\" data-block-weight=\"43\" data-block-id=\"13\">\n<p class=\"content-text__container\" data-track-category=\"Link no Texto\" data-track-links=\"\">O \u00faltimo jogo como titular foi a derrota para o Bahia, dia 17 de agosto. No empate com o Bragantino, no fim de semana, Pep\u00ea entrou na reta final da partida. Desde o in\u00edcio de agosto, s\u00e3o s\u00f3 quatro partidas disputadas.<\/p>\n<\/div>\n<\/div>\n<div id=\"chunk-e30l0\">\n<div class=\"mc-column content-text active-extra-styles\" data-block-type=\"unstyled\" data-block-weight=\"36\" data-block-id=\"14\">\n<p class=\"content-text__container\" data-track-category=\"Link no Texto\" data-track-links=\"\">Desde o ano passado at\u00e9 o primeiro semestre de 2024, o volante era pe\u00e7a de confian\u00e7a do t\u00e9cnico Renato Portaluppi e titular ao lado de Villasati.&nbsp;Foi o jogador com mais desarmes no Gauch\u00e3o, por&nbsp; exemplo.<\/p>\n<div id=\"chunk-ca6d1\">\n<div class=\"mc-column content-text active-extra-styles\" data-block-type=\"unstyled\" data-block-weight=\"56\" data-block-id=\"17\">\n<p class=\"content-text__container\" data-track-category=\"Link no Texto\" data-track-links=\"\">No ano, s\u00e3o 29 partidas como titular, com 17 vit\u00f3rias, seis empates e seis derrotas, aproveitamento de 65,5%. Pep\u00ea entrou em outros sete jogos, com tr\u00eas vit\u00f3rias, dois empates e duas derrotas, aproveitamento de 52,3%. E n\u00e3o atuou em 17 compromissos do Gr\u00eamio, com quatro vit\u00f3rias, tr\u00eas empates e 10 derrotas, aproveitamento de 29,4%.<\/p>\n<\/div>\n<\/div>\n<div id=\"chunk-d9vgo\">\n<div class=\"mc-column content-text active-extra-styles\" data-block-type=\"unstyled\" data-block-weight=\"33\" data-block-id=\"18\">\n<p class=\"content-text__container\" data-track-category=\"Link no Texto\" data-track-links=\"\">Pep\u00ea tem 68 jogos com a camisa do Gr\u00eamio, com dois gols e tr\u00eas assist\u00eancias. O volante foi campe\u00e3o do Gauch\u00e3o em 2024 e 2023, al\u00e9m da Recopa Ga\u00facha do ano passado.<\/p>\n<\/div>\n<\/div>\n<\/div>\n<\/div>\n<div id=\"chunk-bflh3\">\n<div class=\"bs-video-block mc-column content-media content-video\" data-block-type=\"backstage-video\" data-block-id=\"15\">\n<div class=\"content-media__container\">\n<div class=\"content-video__bigger-player-description-fixer\">\n<article class=\"content-video\">\n<section class=\"content-video__video-container\">\n<div class=\"content-video__video\">\n<div id=\"wp3-player-2\" class=\"clappr-player\" tabindex=\"9999\" data-player=\"\">\n<div class=\"media-control media-control-hide h720 w640\">\n<div class=\"media-control-panel\">\n<div class=\"media-control-panel__front-layer\">\n<div class=\"media-control-position__right\"><em>Fonte: ge RS<\/em><\/div>\n<div><em>Foto: Lucas Uebel\/Gr\u00eamio<\/em><\/div>\n<\/div>\n<div class=\"media-control-panel__modal\"><a href=\"https:\/\/www2.comunitaria.com.br\/en\/pepe-cai-na-hierarquia-no-gremio-e-recebe-interesse-de-clubes-da-serie-a-para-2025\/53988150640-c5dd5164c0-k\/\" rel=\"attachment wp-att-64937\"><img loading=\"lazy\" decoding=\"async\" class=\"aligncenter size-full wp-image-64937\" src=\"http:\/\/www2.comunitaria.com.br\/wp-content\/uploads\/2024\/09\/53988150640-c5dd5164c0-k.avif\" alt=\"\" width=\"640\" height=\"427\"><\/a><\/div>\n<\/div>\n<\/div>\n<\/div>\n<\/div>\n<\/section>\n<\/article>\n<\/div>\n<\/div>\n<\/div>\n<\/div>","protected":false},"excerpt":{"rendered":"<p>Antes um dos titulares do meio-campo, o volante Pep\u00ea perdeu espa\u00e7o e caiu na hierarquia do&nbsp;Gr\u00eamio. A situa\u00e7\u00e3o deixa o futuro do meio-campista indefinido, j\u00e1 que o contrato se encerra&#8230;<\/p>","protected":false},"author":2,"featured_media":64937,"comment_status":"closed","ping_status":"closed","sticky":false,"template":"","format":"standard","meta":{"ngg_post_thumbnail":0,"footnotes":""},"categories":[46,33],"tags":[230,294,6527],"class_list":["post-64936","post","type-post","status-publish","format-standard","has-post-thumbnail","hentry","category-estado","category-noticias","tag-futebol","tag-gremio","tag-serie-a"],"amp_enabled":true,"_links":{"self":[{"href":"https:\/\/www2.comunitaria.com.br\/en\/wp-json\/wp\/v2\/posts\/64936","targetHints":{"allow":["GET"]}}],"collection":[{"href":"https:\/\/www2.comunitaria.com.br\/en\/wp-json\/wp\/v2\/posts"}],"about":[{"href":"https:\/\/www2.comunitaria.com.br\/en\/wp-json\/wp\/v2\/types\/post"}],"author":[{"embeddable":true,"href":"https:\/\/www2.comunitaria.com.br\/en\/wp-json\/wp\/v2\/users\/2"}],"replies":[{"embeddable":true,"href":"https:\/\/www2.comunitaria.com.br\/en\/wp-json\/wp\/v2\/comments?post=64936"}],"version-history":[{"count":0,"href":"https:\/\/www2.comunitaria.com.br\/en\/wp-json\/wp\/v2\/posts\/64936\/revisions"}],"wp:featuredmedia":[{"embeddable":true,"href":"https:\/\/www2.comunitaria.com.br\/en\/wp-json\/wp\/v2\/media\/64937"}],"wp:attachment":[{"href":"https:\/\/www2.comunitaria.com.br\/en\/wp-json\/wp\/v2\/media?parent=64936"}],"wp:term":[{"taxonomy":"category","embeddable":true,"href":"https:\/\/www2.comunitaria.com.br\/en\/wp-json\/wp\/v2\/categories?post=64936"},{"taxonomy":"post_tag","embeddable":true,"href":"https:\/\/www2.comunitaria.com.br\/en\/wp-json\/wp\/v2\/tags?post=64936"}],"curies":[{"name":"wp","href":"https:\/\/api.w.org\/{rel}","templated":true}]}}