{"id":64914,"date":"2024-09-18T15:07:34","date_gmt":"2024-09-18T17:07:34","guid":{"rendered":"https:\/\/www2.comunitaria.com.br\/?p=64914"},"modified":"2024-09-18T15:07:44","modified_gmt":"2024-09-18T17:07:44","slug":"dois-homens-sao-presos-por-trafico-de-drogas-em-menos-de-24-horas-em-frederico-westphalen","status":"publish","type":"post","link":"https:\/\/www2.comunitaria.com.br\/en\/dois-homens-sao-presos-por-trafico-de-drogas-em-menos-de-24-horas-em-frederico-westphalen\/","title":{"rendered":"Dois homens s\u00e3o presos por tr\u00e1fico de drogas em menos de 24 horas em Frederico Westphalen"},"content":{"rendered":"<p>Em um intervalo inferior a 24 horas, dois homens foram presos em flagrante por tr\u00e1fico de drogas no munic\u00edpio de Frederico Westphalen, em opera\u00e7\u00f5es realizadas pela Brigada Militar, por meio do 37\u00ba Batalh\u00e3o de Pol\u00edcia Militar (37\u00ba BPM). A primeira pris\u00e3o ocorreu na noite de ter\u00e7a-feira, 17, quando um jovem de 22 anos foi detido durante uma abordagem em um local conhecido por movimenta\u00e7\u00f5es de tr\u00e1fico. Com ele, os policiais encontraram 27 buchas de coca\u00edna, 17 gramas de maconha, R$ 222,00 em esp\u00e9cie e dois aparelhos celulares. Ap\u00f3s a constata\u00e7\u00e3o dos fatos, o indiv\u00edduo foi conduzido \u00e0 Delegacia de Pol\u00edcia Civil, onde a ocorr\u00eancia foi registrada.<\/p>\n<p>Mais cedo, no mesmo dia, uma outra pris\u00e3o foi efetuada, tamb\u00e9m em Frederico Westphalen. Desta vez, um homem de 18 anos foi preso ap\u00f3s a abordagem de tr\u00eas suspeitos que apresentavam atitudes incomuns. Durante a a\u00e7\u00e3o, os agentes apreenderam 14 buchas de coca\u00edna, tr\u00eas por\u00e7\u00f5es de maconha, R$ 550,00 em esp\u00e9cie e um aparelho de telefone celular. O suspeito e os itens recolhidos foram encaminhados \u00e0 Delegacia de Pol\u00edcia Civil para formaliza\u00e7\u00e3o do flagrante.<\/p>","protected":false},"excerpt":{"rendered":"<p>Em um intervalo inferior a 24 horas, dois homens foram presos em flagrante por tr\u00e1fico de drogas no munic\u00edpio de Frederico Westphalen, em opera\u00e7\u00f5es realizadas pela Brigada Militar, por meio&#8230;<\/p>","protected":false},"author":2,"featured_media":64915,"comment_status":"closed","ping_status":"closed","sticky":false,"template":"","format":"standard","meta":{"ngg_post_thumbnail":0,"footnotes":""},"categories":[28,33],"tags":[],"class_list":["post-64914","post","type-post","status-publish","format-standard","has-post-thumbnail","hentry","category-destaque","category-noticias"],"amp_enabled":true,"_links":{"self":[{"href":"https:\/\/www2.comunitaria.com.br\/en\/wp-json\/wp\/v2\/posts\/64914","targetHints":{"allow":["GET"]}}],"collection":[{"href":"https:\/\/www2.comunitaria.com.br\/en\/wp-json\/wp\/v2\/posts"}],"about":[{"href":"https:\/\/www2.comunitaria.com.br\/en\/wp-json\/wp\/v2\/types\/post"}],"author":[{"embeddable":true,"href":"https:\/\/www2.comunitaria.com.br\/en\/wp-json\/wp\/v2\/users\/2"}],"replies":[{"embeddable":true,"href":"https:\/\/www2.comunitaria.com.br\/en\/wp-json\/wp\/v2\/comments?post=64914"}],"version-history":[{"count":0,"href":"https:\/\/www2.comunitaria.com.br\/en\/wp-json\/wp\/v2\/posts\/64914\/revisions"}],"wp:featuredmedia":[{"embeddable":true,"href":"https:\/\/www2.comunitaria.com.br\/en\/wp-json\/wp\/v2\/media\/64915"}],"wp:attachment":[{"href":"https:\/\/www2.comunitaria.com.br\/en\/wp-json\/wp\/v2\/media?parent=64914"}],"wp:term":[{"taxonomy":"category","embeddable":true,"href":"https:\/\/www2.comunitaria.com.br\/en\/wp-json\/wp\/v2\/categories?post=64914"},{"taxonomy":"post_tag","embeddable":true,"href":"https:\/\/www2.comunitaria.com.br\/en\/wp-json\/wp\/v2\/tags?post=64914"}],"curies":[{"name":"wp","href":"https:\/\/api.w.org\/{rel}","templated":true}]}}