{"id":64903,"date":"2024-09-18T12:48:53","date_gmt":"2024-09-18T14:48:53","guid":{"rendered":"https:\/\/www2.comunitaria.com.br\/?p=64903"},"modified":"2024-09-18T12:48:54","modified_gmt":"2024-09-18T14:48:54","slug":"uso-de-plantas-para-recuperacao-de-solos-atingidos-e-tema-de-nova-nota-tecnica-da-secretaria-da-agricultura-ufrgs-e-emater","status":"publish","type":"post","link":"https:\/\/www2.comunitaria.com.br\/en\/uso-de-plantas-para-recuperacao-de-solos-atingidos-e-tema-de-nova-nota-tecnica-da-secretaria-da-agricultura-ufrgs-e-emater\/","title":{"rendered":"Uso de plantas para recupera\u00e7\u00e3o de solos atingidos \u00e9 tema de nova nota t\u00e9cnica da Secretaria da Agricultura, UFRGS e Emater"},"content":{"rendered":"<p style=\"text-align: justify;\">A Nota T\u00e9cnica 4 sobre solos, uma parceria do Departamento de Solos da Faculdade de Agronomia da Universidade Federal do Rio Grande do Sul (UFRGS), da Secretaria da Agricultura, Pecu\u00e1ria, Produ\u00e7\u00e3o Sustent\u00e1vel e Irriga\u00e7\u00e3o (Seapi) e da Emater-RS\/Ascar, aborda o uso de plantas para a recupera\u00e7\u00e3o de solos atingidos pelas enchentes no Rio Grande do Sul.<\/p>\n<p style=\"text-align: justify;\">Com as enchentes que atingiram o Estado, d\u00e9cadas de uso de pr\u00e1ticas de manejo do solo visando \u00e0 melhoria da qualidade foram perdidas. Agora \u00e9 necess\u00e1rio retomar e intensificar esse esfor\u00e7o, tendo em vista as mudan\u00e7as clim\u00e1ticas.<\/p>\n<p style=\"text-align: justify;\">\u201cA recupera\u00e7\u00e3o dos solos \u00e9 de natureza biol\u00f3gica. Essas a\u00e7\u00f5es biol\u00f3gicas ocorrem a partir do cultivo de plantas, ou seja, se n\u00e3o ocorrer cultivo no solo, os processos ecol\u00f3gicos n\u00e3o v\u00e3o se realizar\u201d, destacou a professora do Departamento de Solos da Faculdade de Agronomia da UFRGS, Fabiane Machado Vezzani.<\/p>\n<p style=\"text-align: justify;\">A professora recomendou que os agricultores utilizem as sementes dispon\u00edveis para fazer este cultivo. Tamb\u00e9m ressaltou que, quanto maior a diversidade de esp\u00e9cies de plantas cultivadas, mais os processos ser\u00e3o potencializados. \u201cVai aumentar a a\u00e7\u00e3o, o funcionamento destes processos no solo\u201d, afirmou.&nbsp;<\/p>\n<p style=\"text-align: justify;\">A nota destaca, ainda, que o cultivo de plantas de cobertura do solo ou de esp\u00e9cies forrageiras, em rota\u00e7\u00e3o com culturas comerciais, \u00e9 a \u00fanica estrat\u00e9gia realmente capaz de recuperar as propriedades biol\u00f3gicas, f\u00edsicas e qu\u00edmicas dos solos degradados. Esta a\u00e7\u00e3o pode ser combinada com pr\u00e1ticas mec\u00e2nicas e com o uso de insumos, dependendo do caso.<\/p>\n<p style=\"text-align: justify;\">O diretor do Departamento de Defesa Vegetal da Seapi, Ricardo Felicetti, disse que essas informa\u00e7\u00f5es s\u00e3o importantes para a condu\u00e7\u00e3o de trabalho e manejo de solo p\u00f3s-enchentes, visando uma reconstru\u00e7\u00e3o s\u00f3lida e est\u00e1vel do solo agr\u00edcola. \u201cAs plantas de cobertura s\u00e3o indispens\u00e1veis para manuten\u00e7\u00e3o das produtividades do solo em condi\u00e7\u00f5es normais, sendo ainda mais necess\u00e1rias na situa\u00e7\u00e3o de reconstru\u00e7\u00e3o e resili\u00eancia, agindo em benef\u00edcio da f\u00edsica do solo, fertilidade e biota, qualidades priorit\u00e1rias em um solo produtivo e est\u00e1vel\u201d, afirmou.<\/p>\n<p style=\"text-align: justify;\">O texto conclui afirmando que o uso de plantas para a recupera\u00e7\u00e3o de solos \u00e9 uma abordagem eficaz e sustent\u00e1vel, aumentando a resili\u00eancia do ecossistema e a produtividade agr\u00edcola, garantindo a viabilidade em longo prazo das atividades agr\u00edcolas na regi\u00e3o.<\/p>\n<p style=\"text-align: justify;\">Os tipos de plantas, a import\u00e2ncia da diversidade das esp\u00e9cies e o aumento da produtividade s\u00e3o detalhados na publica\u00e7\u00e3o.<\/p>\n<p style=\"text-align: justify;\"><em>Fonte: Governo do RS<\/em><\/p>\n<p style=\"text-align: justify;\"><a href=\"https:\/\/www2.comunitaria.com.br\/en\/uso-de-plantas-para-recuperacao-de-solos-atingidos-e-tema-de-nova-nota-tecnica-da-secretaria-da-agricultura-ufrgs-e-emater\/15085322_172998_gdo\/\" rel=\"attachment wp-att-64904\"><img loading=\"lazy\" decoding=\"async\" class=\"aligncenter size-full wp-image-64904\" src=\"http:\/\/www2.comunitaria.com.br\/wp-content\/uploads\/2024\/09\/15085322_172998_GDO.jpg\" alt=\"\" width=\"800\" height=\"450\" srcset=\"https:\/\/www2.comunitaria.com.br\/wp-content\/uploads\/2024\/09\/15085322_172998_GDO.jpg 800w, https:\/\/www2.comunitaria.com.br\/wp-content\/uploads\/2024\/09\/15085322_172998_GDO-300x169.jpg 300w, https:\/\/www2.comunitaria.com.br\/wp-content\/uploads\/2024\/09\/15085322_172998_GDO-768x432.jpg 768w, https:\/\/www2.comunitaria.com.br\/wp-content\/uploads\/2024\/09\/15085322_172998_GDO-260x145.jpg 260w\" sizes=\"auto, (max-width: 800px) 100vw, 800px\" \/><\/a><\/p>","protected":false},"excerpt":{"rendered":"<p>A Nota T\u00e9cnica 4 sobre solos, uma parceria do Departamento de Solos da Faculdade de Agronomia da Universidade Federal do Rio Grande do Sul (UFRGS), da Secretaria da Agricultura, Pecu\u00e1ria,&#8230;<\/p>","protected":false},"author":2,"featured_media":64904,"comment_status":"closed","ping_status":"closed","sticky":false,"template":"","format":"standard","meta":{"ngg_post_thumbnail":0,"footnotes":""},"categories":[46,33],"tags":[591],"class_list":["post-64903","post","type-post","status-publish","format-standard","has-post-thumbnail","hentry","category-estado","category-noticias","tag-agricultura"],"amp_enabled":true,"_links":{"self":[{"href":"https:\/\/www2.comunitaria.com.br\/en\/wp-json\/wp\/v2\/posts\/64903","targetHints":{"allow":["GET"]}}],"collection":[{"href":"https:\/\/www2.comunitaria.com.br\/en\/wp-json\/wp\/v2\/posts"}],"about":[{"href":"https:\/\/www2.comunitaria.com.br\/en\/wp-json\/wp\/v2\/types\/post"}],"author":[{"embeddable":true,"href":"https:\/\/www2.comunitaria.com.br\/en\/wp-json\/wp\/v2\/users\/2"}],"replies":[{"embeddable":true,"href":"https:\/\/www2.comunitaria.com.br\/en\/wp-json\/wp\/v2\/comments?post=64903"}],"version-history":[{"count":0,"href":"https:\/\/www2.comunitaria.com.br\/en\/wp-json\/wp\/v2\/posts\/64903\/revisions"}],"wp:featuredmedia":[{"embeddable":true,"href":"https:\/\/www2.comunitaria.com.br\/en\/wp-json\/wp\/v2\/media\/64904"}],"wp:attachment":[{"href":"https:\/\/www2.comunitaria.com.br\/en\/wp-json\/wp\/v2\/media?parent=64903"}],"wp:term":[{"taxonomy":"category","embeddable":true,"href":"https:\/\/www2.comunitaria.com.br\/en\/wp-json\/wp\/v2\/categories?post=64903"},{"taxonomy":"post_tag","embeddable":true,"href":"https:\/\/www2.comunitaria.com.br\/en\/wp-json\/wp\/v2\/tags?post=64903"}],"curies":[{"name":"wp","href":"https:\/\/api.w.org\/{rel}","templated":true}]}}