{"id":64864,"date":"2024-09-18T10:45:11","date_gmt":"2024-09-18T12:45:11","guid":{"rendered":"https:\/\/www2.comunitaria.com.br\/?p=64864"},"modified":"2024-09-18T10:45:12","modified_gmt":"2024-09-18T12:45:12","slug":"secretaria-da-saude-orienta-atencao-primaria-sobre-prevencao-e-mitigacao-de-efeitos-de-queimadas-na-qualidade-do-ar","status":"publish","type":"post","link":"https:\/\/www2.comunitaria.com.br\/en\/secretaria-da-saude-orienta-atencao-primaria-sobre-prevencao-e-mitigacao-de-efeitos-de-queimadas-na-qualidade-do-ar\/","title":{"rendered":"Secretaria da Sa\u00fade orienta aten\u00e7\u00e3o prim\u00e1ria sobre preven\u00e7\u00e3o e mitiga\u00e7\u00e3o de efeitos de queimadas na qualidade do ar"},"content":{"rendered":"<p style=\"text-align: justify;\">O Departamento de Aten\u00e7\u00e3o Prim\u00e1ria e Pol\u00edticas de Sa\u00fade e o Centro Estadual de Vigil\u00e2ncia em Sa\u00fade (Cevs) da Secretaria da Sa\u00fade (SES) divulgaram nota t\u00e9cnica nesta ter\u00e7a-feira (17\/9) com orienta\u00e7\u00f5es aos gestores e aos profissionais de sa\u00fade dos munic\u00edpios para o enfrentamento \u00e0 piora na qualidade do ar devido \u00e0 fuma\u00e7a de queimadas vindas da Regi\u00e3o Norte do pa\u00eds que chegou ao Rio Grande Sul no in\u00edcio do m\u00eas.&nbsp;<\/p>\n<p style=\"text-align: justify;\">Entre as medidas recomendadas est\u00e3o:&nbsp;monitoramento da qualidade e da umidade do ar; prorroga\u00e7\u00e3o do hor\u00e1rio de funcionamento e a abertura nos finais de semana das unidades b\u00e1sicas de sa\u00fade (UBSs), de acordo com o perfil epidemiol\u00f3gico local; disponibiliza\u00e7\u00e3o de insumos, como vacinas e medicamentos, estrutura e profissionais para suprir o aumento do n\u00famero de pessoas com problemas respirat\u00f3rios; e disponibiliza\u00e7\u00e3o orienta\u00e7\u00f5es para a popula\u00e7\u00e3o sobre preven\u00e7\u00e3o e promo\u00e7\u00e3o da sa\u00fade&nbsp;nos estabelecimentos de sa\u00fade.<\/p>\n<p style=\"text-align: justify;\">Tamb\u00e9m foi recomendada a organiza\u00e7\u00e3o da estrutura dos servi\u00e7os, com disponibiliza\u00e7\u00e3o de \u00e1gua pot\u00e1vel para profissionais e usu\u00e1rios das UBSs, oferecimento de m\u00e1scara cir\u00fargicas a pessoas com sintomas respirat\u00f3rios e imunocomprometidas, al\u00e9m da disponibiliza\u00e7\u00e3o de \u00e1lcool em gel 70% nos ambientes e&nbsp;realiza\u00e7\u00e3o de exames laboratoriais e de imagem conforme necessidade.<\/p>\n<p style=\"text-align: justify;\">Os munic\u00edpios poder\u00e3o ter acesso a recursos do Programa Estadual de Incentivos para Aten\u00e7\u00e3o Prim\u00e1ria \u00e0 Sa\u00fade (Piaps) com o objetivo de estruturar servi\u00e7os e realizar a\u00e7\u00f5es como contrata\u00e7\u00e3o de profissionais, pagamento de horas extras, aluguel de equipamentos e compra de insumos.&nbsp;<\/p>\n<p style=\"text-align: justify;\">Os gestores e profissionais devem recomendar \u00e0 popula\u00e7\u00e3o medidas como: aumentar a ingest\u00e3o de \u00e1gua, para manter as vias respirat\u00f3rias \u00famidas; evitar atividades ao ar livre; manter portas e janelas fechadas nos dias de pior qualidade do ar; e evitar proximidade com focos de queimadas. No caso de idosos, \u00e9 preciso monitorar os sinais de desidrata\u00e7\u00e3o, al\u00e9m de avaliar a necessidade do uso de m\u00e1scaras.<\/p>\n<p style=\"text-align: justify;\"><sub><em>Fonte: Governo do RS<\/em><\/sub><\/p>\n<p style=\"text-align: justify;\"><sub><em>Foto: Marcelo Camargo\/Ag\u00eancia Brasil<a href=\"https:\/\/www2.comunitaria.com.br\/en\/secretaria-da-saude-orienta-atencao-primaria-sobre-prevencao-e-mitigacao-de-efeitos-de-queimadas-na-qualidade-do-ar\/queimada-1200x800\/\" rel=\"attachment wp-att-64865\"><br \/>\n<img loading=\"lazy\" decoding=\"async\" class=\"aligncenter size-full wp-image-64865\" src=\"http:\/\/www2.comunitaria.com.br\/wp-content\/uploads\/2024\/09\/queimada-1200x800-1.jpg\" alt=\"\" width=\"1200\" height=\"800\" srcset=\"https:\/\/www2.comunitaria.com.br\/wp-content\/uploads\/2024\/09\/queimada-1200x800-1.jpg 1200w, https:\/\/www2.comunitaria.com.br\/wp-content\/uploads\/2024\/09\/queimada-1200x800-1-300x200.jpg 300w, https:\/\/www2.comunitaria.com.br\/wp-content\/uploads\/2024\/09\/queimada-1200x800-1-1024x683.jpg 1024w, https:\/\/www2.comunitaria.com.br\/wp-content\/uploads\/2024\/09\/queimada-1200x800-1-768x512.jpg 768w\" sizes=\"auto, (max-width: 1200px) 100vw, 1200px\" \/><\/a><\/em><\/sub><\/p>","protected":false},"excerpt":{"rendered":"<p>O Departamento de Aten\u00e7\u00e3o Prim\u00e1ria e Pol\u00edticas de Sa\u00fade e o Centro Estadual de Vigil\u00e2ncia em Sa\u00fade (Cevs) da Secretaria da Sa\u00fade (SES) divulgaram nota t\u00e9cnica nesta ter\u00e7a-feira (17\/9) com orienta\u00e7\u00f5es aos gestores e aos profissionais de sa\u00fade dos munic\u00edpios para o enfrentamento \u00e0 piora na qualidade do ar devido \u00e0 fuma\u00e7a de queimadas vindas<\/p>\n<div class=\"read-more-wrapper\"><a class=\"read-more\" href=\"https:\/\/www2.comunitaria.com.br\/en\/secretaria-da-saude-orienta-atencao-primaria-sobre-prevencao-e-mitigacao-de-efeitos-de-queimadas-na-qualidade-do-ar\/\" title=\"Read More\"> <span class=\"button\">Read More<\/span><\/a><\/div>","protected":false},"author":2,"featured_media":64865,"comment_status":"closed","ping_status":"closed","sticky":false,"template":"","format":"standard","meta":{"ngg_post_thumbnail":0,"footnotes":""},"categories":[47,46,42,28,33,43],"tags":[2069,6716,5165,1192,818],"class_list":["post-64864","post","type-post","status-publish","format-standard","has-post-thumbnail","hentry","category-brasil","category-estado","category-fred-west","category-destaque","category-noticias","category-regiao","tag-cuidados","tag-qualidade-do-ar","tag-queimadas","tag-rio-grande-do-sul","tag-secretaria-de-saude"],"amp_enabled":true,"_links":{"self":[{"href":"https:\/\/www2.comunitaria.com.br\/en\/wp-json\/wp\/v2\/posts\/64864","targetHints":{"allow":["GET"]}}],"collection":[{"href":"https:\/\/www2.comunitaria.com.br\/en\/wp-json\/wp\/v2\/posts"}],"about":[{"href":"https:\/\/www2.comunitaria.com.br\/en\/wp-json\/wp\/v2\/types\/post"}],"author":[{"embeddable":true,"href":"https:\/\/www2.comunitaria.com.br\/en\/wp-json\/wp\/v2\/users\/2"}],"replies":[{"embeddable":true,"href":"https:\/\/www2.comunitaria.com.br\/en\/wp-json\/wp\/v2\/comments?post=64864"}],"version-history":[{"count":0,"href":"https:\/\/www2.comunitaria.com.br\/en\/wp-json\/wp\/v2\/posts\/64864\/revisions"}],"wp:featuredmedia":[{"embeddable":true,"href":"https:\/\/www2.comunitaria.com.br\/en\/wp-json\/wp\/v2\/media\/64865"}],"wp:attachment":[{"href":"https:\/\/www2.comunitaria.com.br\/en\/wp-json\/wp\/v2\/media?parent=64864"}],"wp:term":[{"taxonomy":"category","embeddable":true,"href":"https:\/\/www2.comunitaria.com.br\/en\/wp-json\/wp\/v2\/categories?post=64864"},{"taxonomy":"post_tag","embeddable":true,"href":"https:\/\/www2.comunitaria.com.br\/en\/wp-json\/wp\/v2\/tags?post=64864"}],"curies":[{"name":"wp","href":"https:\/\/api.w.org\/{rel}","templated":true}]}}