{"id":64802,"date":"2024-09-16T10:06:49","date_gmt":"2024-09-16T12:06:49","guid":{"rendered":"https:\/\/www2.comunitaria.com.br\/?p=64802"},"modified":"2024-09-16T10:06:50","modified_gmt":"2024-09-16T12:06:50","slug":"a-tres-semanas-das-eleicoes-tse-ja-recebeu-quase-40-mil-denuncias-de-propaganda-irregular","status":"publish","type":"post","link":"https:\/\/www2.comunitaria.com.br\/en\/a-tres-semanas-das-eleicoes-tse-ja-recebeu-quase-40-mil-denuncias-de-propaganda-irregular\/","title":{"rendered":"A tr\u00eas semanas das elei\u00e7\u00f5es, TSE j\u00e1 recebeu quase 40 mil den\u00fancias de propaganda irregular"},"content":{"rendered":"<p style=\"text-align: justify;\">At\u00e9 a tarde deste domingo (15), a Justi\u00e7a Eleitoral j\u00e1 havia recebido mais de 38,9 mil den\u00fancias relativas \u00e0 propaganda pol\u00edtica para as elei\u00e7\u00f5es municipais de 2024. Considerando que mais de mil notifica\u00e7\u00f5es s\u00e3o registradas diariamente, o n\u00famero deve ultrapassar a marca de 40 mil ainda no in\u00edcio desta semana.&nbsp;<\/p>\n<p style=\"text-align: justify;\">As den\u00fancias t\u00eam como alvo principal concorrentes ao cargo de vereador e vereadora, somando mais de 20 mil pedidos de apura\u00e7\u00e3o de irregularidades at\u00e9 agora. J\u00e1 as campanhas para prefeito acumulam mais de 10 mil relatos de irregularidades.&nbsp;<\/p>\n<p style=\"text-align: justify;\">Primeiro da lista, o estado de S\u00e3o Paulo tem mais de 7,5 mil casos. Na sequ\u00eancia est\u00e1 Minas Gerais com quase 5 mil ocorr\u00eancias. Na outra ponta aparecem Roraima e Amap\u00e1 com 26 e 49 notifica\u00e7\u00f5es respectivamente. &nbsp;<\/p>\n<p style=\"text-align: justify;\">De acordo com os dados do TSE, 11% das irregularidades se referem \u00e0 campanha digital, realizada em ambientes online, como redes sociais. O restante aparece classificado como \u201coutros\u201d nas estat\u00edsticas do Tribunal.&nbsp;<\/p>\n<p style=\"text-align: justify;\">As den\u00fancias foram recebidas por meio do aplicativo Pardal, desenvolvido exclusivamente para o relato de irregularidades na propaganda eleitoral. A ferramenta est\u00e1 dispon\u00edvel gratuitamente para celulares. No site do TSE e na pr\u00f3pria plataforma \u00e9 poss\u00edvel acessar a lista de proibi\u00e7\u00f5es de maneira r\u00e1pida e simples.&nbsp;<\/p>\n<p style=\"text-align: justify;\">Notifica\u00e7\u00f5es sobre fake news devem ser feitas pelo Sistema de Alerta de Desinforma\u00e7\u00e3o Eleitoral (Siade) ou pelo SOS Voto, por meio do n\u00famero 1491. Se o caso for relacionado a crimes eleitorais, o canal de den\u00fancia \u00e9 o Minist\u00e9rio P\u00fablico Eleitoral.<\/p>\n<p style=\"text-align: justify;\">O primeiro turno das elei\u00e7\u00f5es para prefeituras e c\u00e2maras municipais est\u00e1 marcado para o dia 6 de outubro. As cidades que tiverem segundo turno voltam \u00e0s urnas em 27 de outubro. &nbsp;<\/p>\n<p style=\"text-align: justify;\"><em>Fonte: Brasil de Fato<\/em><\/p>\n<p style=\"text-align: justify;\"><em>Foto: Lindomar Cruz\/Arquivo Senado<a href=\"https:\/\/www2.comunitaria.com.br\/en\/a-tres-semanas-das-eleicoes-tse-ja-recebeu-quase-40-mil-denuncias-de-propaganda-irregular\/image_processing20240830-340869-qg8cd\/\" rel=\"attachment wp-att-64803\"><img loading=\"lazy\" decoding=\"async\" class=\"aligncenter size-full wp-image-64803\" src=\"http:\/\/www2.comunitaria.com.br\/wp-content\/uploads\/2024\/09\/image_processing20240830-340869-qg8cd.webp\" alt=\"\" width=\"800\" height=\"533\" srcset=\"https:\/\/www2.comunitaria.com.br\/wp-content\/uploads\/2024\/09\/image_processing20240830-340869-qg8cd.webp 800w, https:\/\/www2.comunitaria.com.br\/wp-content\/uploads\/2024\/09\/image_processing20240830-340869-qg8cd-300x200.webp 300w, https:\/\/www2.comunitaria.com.br\/wp-content\/uploads\/2024\/09\/image_processing20240830-340869-qg8cd-768x512.webp 768w\" sizes=\"auto, (max-width: 800px) 100vw, 800px\" \/><\/a><\/em><\/p>\n<p>&nbsp;<\/p>","protected":false},"excerpt":{"rendered":"<p>At\u00e9 a tarde deste domingo (15), a Justi\u00e7a Eleitoral j\u00e1 havia recebido mais de 38,9 mil den\u00fancias relativas \u00e0 propaganda pol\u00edtica para as elei\u00e7\u00f5es municipais de 2024. Considerando que mais&#8230;<\/p>","protected":false},"author":2,"featured_media":64803,"comment_status":"closed","ping_status":"closed","sticky":false,"template":"","format":"standard","meta":{"ngg_post_thumbnail":0,"footnotes":""},"categories":[47,33],"tags":[6311,2053,2052],"class_list":["post-64802","post","type-post","status-publish","format-standard","has-post-thumbnail","hentry","category-brasil","category-noticias","tag-eleicoes-2024","tag-eleicoes-municipais","tag-tse"],"amp_enabled":true,"_links":{"self":[{"href":"https:\/\/www2.comunitaria.com.br\/en\/wp-json\/wp\/v2\/posts\/64802","targetHints":{"allow":["GET"]}}],"collection":[{"href":"https:\/\/www2.comunitaria.com.br\/en\/wp-json\/wp\/v2\/posts"}],"about":[{"href":"https:\/\/www2.comunitaria.com.br\/en\/wp-json\/wp\/v2\/types\/post"}],"author":[{"embeddable":true,"href":"https:\/\/www2.comunitaria.com.br\/en\/wp-json\/wp\/v2\/users\/2"}],"replies":[{"embeddable":true,"href":"https:\/\/www2.comunitaria.com.br\/en\/wp-json\/wp\/v2\/comments?post=64802"}],"version-history":[{"count":0,"href":"https:\/\/www2.comunitaria.com.br\/en\/wp-json\/wp\/v2\/posts\/64802\/revisions"}],"wp:featuredmedia":[{"embeddable":true,"href":"https:\/\/www2.comunitaria.com.br\/en\/wp-json\/wp\/v2\/media\/64803"}],"wp:attachment":[{"href":"https:\/\/www2.comunitaria.com.br\/en\/wp-json\/wp\/v2\/media?parent=64802"}],"wp:term":[{"taxonomy":"category","embeddable":true,"href":"https:\/\/www2.comunitaria.com.br\/en\/wp-json\/wp\/v2\/categories?post=64802"},{"taxonomy":"post_tag","embeddable":true,"href":"https:\/\/www2.comunitaria.com.br\/en\/wp-json\/wp\/v2\/tags?post=64802"}],"curies":[{"name":"wp","href":"https:\/\/api.w.org\/{rel}","templated":true}]}}