{"id":64713,"date":"2024-09-13T09:28:52","date_gmt":"2024-09-13T11:28:52","guid":{"rendered":"https:\/\/www2.comunitaria.com.br\/?p=64713"},"modified":"2024-09-13T09:28:53","modified_gmt":"2024-09-13T11:28:53","slug":"chuva-preta-no-rs-concentracao-de-particulas-solidas-na-agua-e-sete-vezes-maior-que-o-normal-indica-analise-preliminar-da-ufrgs","status":"publish","type":"post","link":"https:\/\/www2.comunitaria.com.br\/en\/chuva-preta-no-rs-concentracao-de-particulas-solidas-na-agua-e-sete-vezes-maior-que-o-normal-indica-analise-preliminar-da-ufrgs\/","title":{"rendered":"&#8216;Chuva preta&#8217; no RS: concentra\u00e7\u00e3o de part\u00edculas s\u00f3lidas na \u00e1gua \u00e9 sete vezes maior que o normal, indica an\u00e1lise preliminar da UFRGS"},"content":{"rendered":"<div id=\"chunk-6a43c\">\n<div class=\"mc-column content-text active-extra-styles \" data-block-type=\"unstyled\" data-block-weight=\"45\" data-block-id=\"3\">\n<p class=\" content-text__container \" style=\"text-align: justify;\" data-track-category=\"Link no Texto\" data-track-links=\"\" data-mrf-recirculation=\"Article links\">O Instituto de Pesquisas Hidr\u00e1ulicas (IPH) da Universidade Federal do Rio Grande do Sul (UFRGS) analisou amostras da&nbsp;&#8220;chuva preta&#8221;&nbsp;em&nbsp;Porto Alegre&nbsp;nesta quinta-feira (12). Na \u00e1gua coletada durante a manh\u00e3,&nbsp;<span class=\"highlight highlighted\">a concentra\u00e7\u00e3o de part\u00edculas s\u00f3lidas foi sete vezes maior do que o normal<\/span>.<\/p>\n<\/div>\n<\/div>\n<div class=\"wall protected-content\">\n<div id=\"chunk-2k5jk\" style=\"text-align: justify;\">\n<div class=\"mc-column content-text active-extra-styles \" data-block-type=\"unstyled\" data-block-weight=\"36\" data-block-id=\"5\">\n<p class=\" content-text__container \" data-track-category=\"Link no Texto\" data-track-links=\"\" data-mrf-recirculation=\"Article links\">A &#8220;chuva preta&#8221; \u00e9 provocada pela fuma\u00e7a dos inc\u00eandios, principalmente na Amaz\u00f4nia, que est\u00e1 suspensa no ar. O corredor de fuligem percorreu milhares de quil\u00f4metros at\u00e9 chegar ao Sul do Brasil, onde encontrou nuvens de chuva.<\/p>\n<\/div>\n<\/div>\n<div id=\"chunk-4mgha\">\n<div class=\"mc-column content-text active-extra-styles\" data-block-type=\"raw\" data-block-weight=\"45\" data-block-id=\"6\">\n<blockquote class=\"content-blockquote theme-border-color-primary-before\"><p>&#8220;A amostra da manh\u00e3, ela tem uma colora\u00e7\u00e3o bem intensa, presen\u00e7a de s\u00f3lidos a olho nu, que j\u00e1 \u00e9 um valor indicativo que tem bastante s\u00f3lidos. J\u00e1 a amostra da tarde, a gente n\u00e3o conseguiu detectar isso&#8221;, diz Louidi Albornoz, t\u00e9cnico de laborat\u00f3rio do IPH.<\/p><\/blockquote>\n<div id=\"chunk-26dt1\" style=\"text-align: justify;\">\n<div class=\"mc-column content-text active-extra-styles \" data-block-type=\"unstyled\" data-block-weight=\"34\" data-block-id=\"8\">\n<p class=\" content-text__container \" data-track-category=\"Link no Texto\" data-track-links=\"\" data-mrf-recirculation=\"Article links\"><span class=\"highlight highlighted\">A an\u00e1lise do IPH ainda \u00e9 preliminar<\/span>, e os resultados completos devem sair na pr\u00f3xima semana. Na amostra coletada durante a tarde, a \u00e1gua j\u00e1 estava bem menos turva, indicando uma atmosfera mais limpa.<\/p>\n<\/div>\n<\/div>\n<div id=\"chunk-a406k\" style=\"text-align: justify;\">\n<div class=\"mc-column content-text active-extra-styles\" data-block-type=\"raw\" data-block-weight=\"33\" data-block-id=\"9\">\n<blockquote class=\"content-blockquote theme-border-color-primary-before\"><p>&#8220;Se esse fluxo [de fuma\u00e7a] for interrompido ou diminuir, a nossa qualidade vai melhorar. Se continuar vindo e a chuva parar, a expectativa \u00e9 que a polui\u00e7\u00e3o do ar continue ruim&#8221;, explica Albornoz.<\/p><\/blockquote>\n<\/div>\n<\/div>\n<div id=\"chunk-cffeb\">\n<div class=\"mc-column content-text active-extra-styles \" data-block-type=\"unstyled\" data-block-weight=\"54\" data-block-id=\"10\">\n<p class=\" content-text__container \" style=\"text-align: justify;\" data-track-category=\"Link no Texto\" data-track-links=\"\" data-mrf-recirculation=\"Article links\">O Rio Grande do Sul segue com previs\u00e3o de instabilidade nesta sexta (13) \u2013 ainda com possibilidade de &#8220;chuva preta&#8221;. Na Fronteira Oeste e na metade Sul,&nbsp;onde houve o registro do fen\u00f4meno, chove pouco. Nas demais \u00e1reas do estado, a intensidade varia ao longo do dia, com rajadas de vento e descargas el\u00e9tricas.<\/p>\n<div id=\"chunk-ejail\" style=\"text-align: justify;\">\n<div class=\"mc-column content-text active-extra-styles\" data-block-type=\"raw\" data-block-weight=\"3\" data-block-id=\"14\">\n<div class=\"content-intertitle\">\n<h4>Teste do filtro<\/h4>\n<\/div>\n<\/div>\n<\/div>\n<div id=\"chunk-3acp9\" style=\"text-align: justify;\">\n<div class=\"mc-column content-text active-extra-styles \" data-block-type=\"unstyled\" data-block-weight=\"51\" data-block-id=\"15\">\n<p class=\" content-text__container \" data-track-category=\"Link no Texto\" data-track-links=\"\" data-mrf-recirculation=\"Article links\">Em&nbsp;Santa Rosa, no Noroeste do RS, o rep\u00f3rter da&nbsp;<strong>RBS TV<\/strong>&nbsp;Everson Dornelles fez um experimento. O jornalista captou a \u00e1gua da chuva com um recipiente. Em seguida,&nbsp;<span class=\"highlight highlighted\">utilizou um filtro de caf\u00e9 para reter as impurezas<\/span>. O resultado foi um&nbsp;<span class=\"highlight highlighted\">ac\u00famulo de part\u00edculas no papel.<\/span><\/p>\n<\/div>\n<\/div>\n<div id=\"chunk-1njuj\" style=\"text-align: justify;\">\n<div class=\"mc-column content-text active-extra-styles \" data-block-type=\"unstyled\" data-block-weight=\"46\" data-block-id=\"16\">\n<p class=\" content-text__container \" data-track-category=\"Link no Texto\" data-track-links=\"\" data-mrf-recirculation=\"Article links\">O meteorologista do Centro de Pesquisas e Previs\u00f5es Meteorol\u00f3gicas da Universidade Federal de&nbsp;Pelotas&nbsp;(UFPel) Henrique Repinaldo afirma que&nbsp;a \u00e1gua desse tipo de chuva \u00e9 produto de contamina\u00e7\u00e3o oriunda da queima de biomassa. Dessa forma,&nbsp;<span class=\"highlight highlighted\">n\u00e3o \u00e9 pr\u00f3pria para consumo nem para o uso dom\u00e9stico<\/span>.<\/p>\n<\/div>\n<\/div>\n<div id=\"chunk-13nf8\">\n<div class=\"mc-column content-text active-extra-styles \" data-block-type=\"unstyled\" data-block-weight=\"46\" data-block-id=\"17\">\n<p class=\" content-text__container \" style=\"text-align: justify;\" data-track-category=\"Link no Texto\" data-track-links=\"\" data-mrf-recirculation=\"Article links\">&#8220;A gente n\u00e3o vai ver uma gota preta caindo do c\u00e9u. O que acontece \u00e9 que essa gota vem com part\u00edculas de fuligem e, ao se acumular em um balde ou uma piscina, essa fuligem acaba decantando, e \u00e9 poss\u00edvel ver aquela mancha mais escurecida&#8221;, explica.<\/p>\n<p style=\"text-align: justify;\" data-track-category=\"Link no Texto\" data-track-links=\"\" data-mrf-recirculation=\"Article links\"><em>Fonte: g1 RS<\/em><\/p>\n<p style=\"text-align: justify;\" data-track-category=\"Link no Texto\" data-track-links=\"\" data-mrf-recirculation=\"Article links\"><em>Foto: Reprodu\u00e7\u00e3o\/RBS TV<a href=\"https:\/\/www2.comunitaria.com.br\/chuva-preta-no-rs-concentracao-de-particulas-solidas-na-agua-e-sete-vezes-maior-que-o-normal-indica-analise-preliminar-da-ufrgs\/chuva-preta-1209\/\" rel=\"attachment wp-att-64714\"><img loading=\"lazy\" decoding=\"async\" class=\"aligncenter size-full wp-image-64714\" src=\"http:\/\/www2.comunitaria.com.br\/wp-content\/uploads\/2024\/09\/chuva-preta-1209.avif\" alt=\"\" width=\"640\" height=\"360\"><\/a><\/em><\/p>\n<\/div>\n<\/div>\n<\/div>\n<\/div>\n<\/div>\n<\/div>\n<\/div>\n","protected":false},"excerpt":{"rendered":"<p>O Instituto de Pesquisas Hidr\u00e1ulicas (IPH) da Universidade Federal do Rio Grande do Sul (UFRGS) analisou amostras da&nbsp;&#8220;chuva preta&#8221;&nbsp;em&nbsp;Porto Alegre&nbsp;nesta quinta-feira (12). Na \u00e1gua coletada durante a manh\u00e3,&nbsp;a concentra\u00e7\u00e3o de&#8230;<\/p>","protected":false},"author":2,"featured_media":64714,"comment_status":"closed","ping_status":"closed","sticky":false,"template":"","format":"standard","meta":{"ngg_post_thumbnail":0,"footnotes":""},"categories":[47,46,42,33],"tags":[6659,6675,1026,5165],"class_list":["post-64713","post","type-post","status-publish","format-standard","has-post-thumbnail","hentry","category-brasil","category-estado","category-fred-west","category-noticias","tag-chuva-preta","tag-fenomeno","tag-meio-ambiente","tag-queimadas"],"amp_enabled":true,"_links":{"self":[{"href":"https:\/\/www2.comunitaria.com.br\/en\/wp-json\/wp\/v2\/posts\/64713","targetHints":{"allow":["GET"]}}],"collection":[{"href":"https:\/\/www2.comunitaria.com.br\/en\/wp-json\/wp\/v2\/posts"}],"about":[{"href":"https:\/\/www2.comunitaria.com.br\/en\/wp-json\/wp\/v2\/types\/post"}],"author":[{"embeddable":true,"href":"https:\/\/www2.comunitaria.com.br\/en\/wp-json\/wp\/v2\/users\/2"}],"replies":[{"embeddable":true,"href":"https:\/\/www2.comunitaria.com.br\/en\/wp-json\/wp\/v2\/comments?post=64713"}],"version-history":[{"count":0,"href":"https:\/\/www2.comunitaria.com.br\/en\/wp-json\/wp\/v2\/posts\/64713\/revisions"}],"wp:featuredmedia":[{"embeddable":true,"href":"https:\/\/www2.comunitaria.com.br\/en\/wp-json\/wp\/v2\/media\/64714"}],"wp:attachment":[{"href":"https:\/\/www2.comunitaria.com.br\/en\/wp-json\/wp\/v2\/media?parent=64713"}],"wp:term":[{"taxonomy":"category","embeddable":true,"href":"https:\/\/www2.comunitaria.com.br\/en\/wp-json\/wp\/v2\/categories?post=64713"},{"taxonomy":"post_tag","embeddable":true,"href":"https:\/\/www2.comunitaria.com.br\/en\/wp-json\/wp\/v2\/tags?post=64713"}],"curies":[{"name":"wp","href":"https:\/\/api.w.org\/{rel}","templated":true}]}}