{"id":6468,"date":"2015-08-14T07:40:13","date_gmt":"2015-08-14T09:40:13","guid":{"rendered":"http:\/\/www2.comunitaria.com.br\/?p=6468"},"modified":"2015-08-14T07:46:00","modified_gmt":"2015-08-14T09:46:00","slug":"atacante-adriel-reforca-o-uniao-frederiquense-para-o-campeonato-valmir-louruz","status":"publish","type":"post","link":"https:\/\/www2.comunitaria.com.br\/en\/atacante-adriel-reforca-o-uniao-frederiquense-para-o-campeonato-valmir-louruz\/","title":{"rendered":"Atacante Adriel refor\u00e7a o Uni\u00e3o Frederiquense para o Campeonato Valmir Louruz"},"content":{"rendered":"<p>Al\u00e9m do lateral esquerdo Tatto, o Uni\u00e3o Frederiquense tamb\u00e9m anunciou na tarde desta quinta-feira a contrata\u00e7\u00e3o do atacante Adriel.<\/p>\n<p>Aos 20 anos, o jogador tem passagens recentes pelo Cruzeiro e S\u00e3o Jos\u00e9, ambos de Porto Alegre, e no primeiro semestre defendeu o An\u00e1polis na segunda divis\u00e3o de Goi\u00e1s, quando conquistou o acesso \u00e0 elite daquele estado. Pelo S\u00e3o Jos\u00e9, Adriel conquistou a Copa Sub-19 da FGF no ano passado.<\/p>\n<p>Adriel j\u00e1 iniciou os trabalhos com o restante do grupo na tarde de hoje e ser\u00e1 oficialmente apresentado nesta sexta-feira. Confira abaixo a ficha t\u00e9cnica do novo atacante do Uni\u00e3o Frederiquense:<\/p>\n<p>Nome: Adriel de Jesus Santos<\/p>\n<p>Posi\u00e7\u00e3o: Atacante<\/p>\n<p>Naturalidade: Ilh\u00e9us-BA<\/p>\n<p>Data de nascimento: 17\/04\/1995<\/p>\n<p>Altura: 1,90m<\/p>\n<p>Peso: 89kg<\/p>\n<p>Clubes recentes: Cruzeiro-RS, S\u00e3o Jos\u00e9-RS e An\u00e1polis-GO.<\/p>\n<p><em>A.I\/Uni\u00e3o<\/em><\/p>","protected":false},"excerpt":{"rendered":"<p>Al\u00e9m do lateral esquerdo Tatto, o Uni\u00e3o Frederiquense tamb\u00e9m anunciou na tarde desta quinta-feira a contrata\u00e7\u00e3o do atacante Adriel. Aos 20 anos, o jogador tem passagens recentes pelo Cruzeiro e&#8230;<\/p>","protected":false},"author":2,"featured_media":6474,"comment_status":"open","ping_status":"closed","sticky":false,"template":"","format":"standard","meta":{"ngg_post_thumbnail":0,"footnotes":""},"categories":[34,33,48],"tags":[419,453,688],"class_list":["post-6468","post","type-post","status-publish","format-standard","has-post-thumbnail","hentry","category-esportes","category-noticias","category-uniao-frederiquense","tag-novo-jogador","tag-reforco","tag-uniao-frederiquense"],"amp_enabled":true,"_links":{"self":[{"href":"https:\/\/www2.comunitaria.com.br\/en\/wp-json\/wp\/v2\/posts\/6468","targetHints":{"allow":["GET"]}}],"collection":[{"href":"https:\/\/www2.comunitaria.com.br\/en\/wp-json\/wp\/v2\/posts"}],"about":[{"href":"https:\/\/www2.comunitaria.com.br\/en\/wp-json\/wp\/v2\/types\/post"}],"author":[{"embeddable":true,"href":"https:\/\/www2.comunitaria.com.br\/en\/wp-json\/wp\/v2\/users\/2"}],"replies":[{"embeddable":true,"href":"https:\/\/www2.comunitaria.com.br\/en\/wp-json\/wp\/v2\/comments?post=6468"}],"version-history":[{"count":0,"href":"https:\/\/www2.comunitaria.com.br\/en\/wp-json\/wp\/v2\/posts\/6468\/revisions"}],"wp:featuredmedia":[{"embeddable":true,"href":"https:\/\/www2.comunitaria.com.br\/en\/wp-json\/wp\/v2\/media\/6474"}],"wp:attachment":[{"href":"https:\/\/www2.comunitaria.com.br\/en\/wp-json\/wp\/v2\/media?parent=6468"}],"wp:term":[{"taxonomy":"category","embeddable":true,"href":"https:\/\/www2.comunitaria.com.br\/en\/wp-json\/wp\/v2\/categories?post=6468"},{"taxonomy":"post_tag","embeddable":true,"href":"https:\/\/www2.comunitaria.com.br\/en\/wp-json\/wp\/v2\/tags?post=6468"}],"curies":[{"name":"wp","href":"https:\/\/api.w.org\/{rel}","templated":true}]}}