{"id":64606,"date":"2024-09-09T10:13:57","date_gmt":"2024-09-09T12:13:57","guid":{"rendered":"https:\/\/www2.comunitaria.com.br\/?p=64606"},"modified":"2024-09-09T10:13:58","modified_gmt":"2024-09-09T12:13:58","slug":"fumaca-de-incendios-na-amazonia-cobre-o-ceu-do-brasil-e-pode-chegar-a-argentina-e-ao-uruguai","status":"publish","type":"post","link":"https:\/\/www2.comunitaria.com.br\/en\/fumaca-de-incendios-na-amazonia-cobre-o-ceu-do-brasil-e-pode-chegar-a-argentina-e-ao-uruguai\/","title":{"rendered":"Fuma\u00e7a de inc\u00eandios na Amaz\u00f4nia cobre o c\u00e9u do Brasil e pode chegar \u00e0 Argentina e ao Uruguai"},"content":{"rendered":"<p style=\"text-align: justify;\"><strong>O pa\u00eds est\u00e1 coberto por fuma\u00e7a. <\/strong>Na maior parte do Brasil, n\u00e3o se v\u00ea o c\u00e9u azulado, pelo menos, desde o fim de semana. Isso \u00e9 resultado de um \u00edndice de queimadas recorde, principalmente, na Amaz\u00f4nia. Segundo os meteorologistas,&nbsp;<span class=\"highlight highlighted\">at\u00e9 o fim da semana a fuligem deve encobrir at\u00e9 mesmo as capitais da Argentina e do Uruguai.<\/span><\/p>\n<div class=\"wall protected-content\">\n<div id=\"chunk-970ta\" style=\"text-align: justify;\">\n<div class=\"mc-column content-text active-extra-styles\" data-block-type=\"unstyled\" data-block-weight=\"48\" data-block-id=\"4\">\n<p class=\"content-text__container\" data-track-category=\"Link no Texto\" data-track-links=\"\" data-mrf-recirculation=\"Article links\">\ud83d\udd25 Os especialistas apontam que a fuma\u00e7a est\u00e1 vindo, principalmente, da regi\u00e3o sul da Amaz\u00f4nia, que inclui&nbsp;<strong>os estados do Amazonas, Par\u00e1 e Mato Grosso<\/strong>. Tamb\u00e9m h\u00e1 inc\u00eandios na parte boliviana da floresta.&nbsp;<span class=\"highlight highlighted\">A Amaz\u00f4nia Legal registra o maior n\u00famero de focos de fogo em 19 anos.<\/span><\/p>\n<\/div>\n<\/div>\n<div id=\"chunk-9gqmm\" style=\"text-align: justify;\">\n<div class=\"mc-column content-text active-extra-styles\" data-block-type=\"unstyled\" data-block-weight=\"20\" data-block-id=\"6\">\n<p class=\"content-text__container\" data-track-category=\"Link no Texto\" data-track-links=\"\" data-mrf-recirculation=\"Article links\">No entanto, al\u00e9m disso h\u00e1 fogo tamb\u00e9m no interior de S\u00e3o Paulo, Goi\u00e1s, Mato Grosso e Mato Grosso do Sul.<\/p>\n<\/div>\n<\/div>\n<div id=\"chunk-al19\">\n<div class=\"mc-column content-text active-extra-styles\" data-block-type=\"unstyled\" data-block-weight=\"47\" data-block-id=\"7\">\n<p class=\"content-text__container\" style=\"text-align: justify;\" data-track-category=\"Link no Texto\" data-track-links=\"\" data-mrf-recirculation=\"Article links\">\u27a1\ufe0f Segundo a especialista em em qualidade do ar e pesquisadora do Instituto Nacional de Pesquisas Espaciais (Inpe), Karla Longo, com tanto fogo, a fuma\u00e7a chega a uma extens\u00e3o de quase 5 milh\u00f5es de quil\u00f4metros quadrados.<strong>&nbsp;Isso \u00e9 quase 60% de todo o territ\u00f3rio nacional.<\/strong><\/p>\n<div id=\"chunk-bil42\" style=\"text-align: justify;\">\n<div class=\"mc-column content-text active-extra-styles\" data-block-type=\"raw\" data-block-weight=\"8\" data-block-id=\"9\">\n<div class=\"content-intertitle\">\n<h4>E o que deve acontecer nos pr\u00f3ximos dias?<\/h4>\n<\/div>\n<\/div>\n<\/div>\n<div id=\"chunk-9hsd1\" style=\"text-align: justify;\">\n<div class=\"mc-column content-text active-extra-styles\" data-block-type=\"unstyled\" data-block-weight=\"38\" data-block-id=\"10\">\n<p class=\"content-text__container\" data-track-category=\"Link no Texto\" data-track-links=\"\" data-mrf-recirculation=\"Article links\">A fuligem come\u00e7ou a se espalhar em agosto e, desde ent\u00e3o, permanece na atmosfera, sendo arrastada pelos ventos. Desde o fim de semana, a quantidade de fuma\u00e7a se intensificou e nesta segunda-feira (9) o c\u00e9u permanece acinzentado.<\/p>\n<\/div>\n<\/div>\n<div id=\"chunk-a9qr1\" style=\"text-align: justify;\">\n<div class=\"mc-column content-text active-extra-styles\" data-block-type=\"unstyled\" data-block-weight=\"41\" data-block-id=\"12\">\n<p class=\"content-text__container\" data-track-category=\"Link no Texto\" data-track-links=\"\" data-mrf-recirculation=\"Article links\">Enquanto houver fogo, a fuma\u00e7a vai continuar sobre o pa\u00eds. No entanto, com a onda de calor e sem a expectativa de novas frentes frias que possam arrastar a fuligem, ela deve continuar a encobrir o pa\u00eds, sem expectativa de desaparecer.<\/p>\n<\/div>\n<\/div>\n<div id=\"chunk-deovo\" style=\"text-align: justify;\">\n<div class=\"mc-column content-text active-extra-styles\" data-block-type=\"raw\" data-block-weight=\"19\" data-block-id=\"13\">\n<blockquote class=\"content-blockquote theme-border-color-primary-before\"><p><strong>O pior cen\u00e1rio deve ser no Sul do pa\u00eds, entre o Rio Grande do Sul, Santa Catarina e Paran\u00e1.<\/strong><\/p><\/blockquote>\n<\/div>\n<\/div>\n<div id=\"chunk-dl6tn\">\n<div class=\"mc-column content-text active-extra-styles\" data-block-type=\"unstyled\" data-block-weight=\"40\" data-block-id=\"14\">\n<p class=\"content-text__container\" style=\"text-align: justify;\" data-track-category=\"Link no Texto\" data-track-links=\"\" data-mrf-recirculation=\"Article links\">Segundo os meteorologistas, a densa camada acinzentada ainda deve afetar n\u00e3o s\u00f3 o Brasil, mas os pa\u00edses vizinhos. At\u00e9 o fim de semana, com as correntes de vento, a fuma\u00e7a deve impactar as capitais do Uruguai e da Argentina.<\/p>\n<div id=\"chunk-c9f4q\" style=\"text-align: justify;\">\n<div class=\"mc-column content-text active-extra-styles\" data-block-type=\"raw\" data-block-weight=\"7\" data-block-id=\"17\">\n<div class=\"content-intertitle\">\n<h4>E como essa fuma\u00e7a viaja tantos quil\u00f4metros?<\/h4>\n<\/div>\n<\/div>\n<\/div>\n<div id=\"chunk-4cgj3\" style=\"text-align: justify;\">\n<div class=\"mc-column content-text active-extra-styles\" data-block-type=\"unstyled\" data-block-weight=\"58\" data-block-id=\"18\">\n<p class=\"content-text__container\" data-track-category=\"Link no Texto\" data-track-links=\"\" data-mrf-recirculation=\"Article links\">\u27a1\ufe0f O primeiro ponto para entender o motivo disso estar acontecendo \u00e9 compreender que a atmosfera, que \u00e9 a camada de gases que envolve a Terra, \u00e9 uma s\u00f3. Ou seja, mesmo que um evento seja isolado, como o fogo na Amaz\u00f4nia, quando a fuma\u00e7a sobe para a camada da atmosfera, ela pode ser transportada para qualquer lugar.<\/p>\n<\/div>\n<\/div>\n<div id=\"chunk-b7aob\" style=\"text-align: justify;\">\n<div class=\"mc-column content-text active-extra-styles\" data-block-type=\"unstyled\" data-block-weight=\"37\" data-block-id=\"19\">\n<p class=\"content-text__container\" data-track-category=\"Link no Texto\" data-track-links=\"\" data-mrf-recirculation=\"Article links\">\u27a1\ufe0f O segundo ponto s\u00e3o as correntes de vento. H\u00e1 um fluxo natural que vem do oceano, entra no territ\u00f3rio brasileiro pelo nordeste, passa pela Amaz\u00f4nia ganhando umidade e segue para o sul do Brasil.&nbsp;<\/p>\n<\/div>\n<\/div>\n<div id=\"chunk-8q3s5\" style=\"text-align: justify;\">\n<div class=\"mc-column content-text active-extra-styles\" data-block-type=\"unstyled\" data-block-weight=\"28\" data-block-id=\"20\">\n<p class=\"content-text__container\" data-track-category=\"Link no Texto\" data-track-links=\"\" data-mrf-recirculation=\"Article links\">No entanto, dessa vez, ao passar pela Amaz\u00f4nia, a corrente encontrou a fuma\u00e7a e continuou seu ciclo, empurrando-a para o Sul do pa\u00eds, formando um \u201ccorredor de fuma\u00e7a\u201d.<\/p>\n<\/div>\n<\/div>\n<div id=\"chunk-c1n1q\">\n<div class=\"mc-column content-text active-extra-styles\" data-block-type=\"unstyled\" data-block-weight=\"22\" data-block-id=\"21\">\n<p class=\"content-text__container\" style=\"text-align: justify;\" data-track-category=\"Link no Texto\" data-track-links=\"\" data-mrf-recirculation=\"Article links\">Esses ventos continuam em fluxo para o restante do pa\u00eds, o que fez espalhar a fuma\u00e7a, atingindo pelo menos dez estados brasileiros.<\/p>\n<p style=\"text-align: justify;\" data-track-category=\"Link no Texto\" data-track-links=\"\" data-mrf-recirculation=\"Article links\"><em>Fonte: g1<\/em><\/p>\n<p style=\"text-align: justify;\" data-track-category=\"Link no Texto\" data-track-links=\"\" data-mrf-recirculation=\"Article links\"><em>Foto: Reprodu\u00e7\u00e3o\/Inpe<a href=\"https:\/\/www2.comunitaria.com.br\/en\/fumaca-de-incendios-na-amazonia-cobre-o-ceu-do-brasil-e-pode-chegar-a-argentina-e-ao-uruguai\/ef46832a-74c5-4c3b-8c60-ccf06cc55bfb\/\" rel=\"attachment wp-att-64607\"><img loading=\"lazy\" decoding=\"async\" class=\"aligncenter size-full wp-image-64607\" src=\"http:\/\/www2.comunitaria.com.br\/wp-content\/uploads\/2024\/09\/ef46832a-74c5-4c3b-8c60-ccf06cc55bfb.avif\" alt=\"\" width=\"640\" height=\"334\"><\/a><\/em><\/p>\n<\/div>\n<\/div>\n<\/div>\n<\/div>\n<\/div>\n<\/div>\n<\/div>","protected":false},"excerpt":{"rendered":"<p>O pa\u00eds est\u00e1 coberto por fuma\u00e7a. Na maior parte do Brasil, n\u00e3o se v\u00ea o c\u00e9u azulado, pelo menos, desde o fim de semana. Isso \u00e9 resultado de um \u00edndice&#8230;<\/p>","protected":false},"author":2,"featured_media":64607,"comment_status":"closed","ping_status":"closed","sticky":false,"template":"","format":"standard","meta":{"ngg_post_thumbnail":0,"footnotes":""},"categories":[47,46,42,33,43],"tags":[4473,1026],"class_list":["post-64606","post","type-post","status-publish","format-standard","has-post-thumbnail","hentry","category-brasil","category-estado","category-fred-west","category-noticias","category-regiao","tag-amazonia","tag-meio-ambiente"],"amp_enabled":true,"_links":{"self":[{"href":"https:\/\/www2.comunitaria.com.br\/en\/wp-json\/wp\/v2\/posts\/64606","targetHints":{"allow":["GET"]}}],"collection":[{"href":"https:\/\/www2.comunitaria.com.br\/en\/wp-json\/wp\/v2\/posts"}],"about":[{"href":"https:\/\/www2.comunitaria.com.br\/en\/wp-json\/wp\/v2\/types\/post"}],"author":[{"embeddable":true,"href":"https:\/\/www2.comunitaria.com.br\/en\/wp-json\/wp\/v2\/users\/2"}],"replies":[{"embeddable":true,"href":"https:\/\/www2.comunitaria.com.br\/en\/wp-json\/wp\/v2\/comments?post=64606"}],"version-history":[{"count":0,"href":"https:\/\/www2.comunitaria.com.br\/en\/wp-json\/wp\/v2\/posts\/64606\/revisions"}],"wp:featuredmedia":[{"embeddable":true,"href":"https:\/\/www2.comunitaria.com.br\/en\/wp-json\/wp\/v2\/media\/64607"}],"wp:attachment":[{"href":"https:\/\/www2.comunitaria.com.br\/en\/wp-json\/wp\/v2\/media?parent=64606"}],"wp:term":[{"taxonomy":"category","embeddable":true,"href":"https:\/\/www2.comunitaria.com.br\/en\/wp-json\/wp\/v2\/categories?post=64606"},{"taxonomy":"post_tag","embeddable":true,"href":"https:\/\/www2.comunitaria.com.br\/en\/wp-json\/wp\/v2\/tags?post=64606"}],"curies":[{"name":"wp","href":"https:\/\/api.w.org\/{rel}","templated":true}]}}