{"id":64588,"date":"2024-09-06T18:03:34","date_gmt":"2024-09-06T20:03:34","guid":{"rendered":"https:\/\/www2.comunitaria.com.br\/?p=64588"},"modified":"2024-09-06T18:03:34","modified_gmt":"2024-09-06T20:03:34","slug":"homem-e-resgatado-apos-ficar-preso-em-chamine-por-mais-de-5-horas-no-rs-dizem-bombeiros","status":"publish","type":"post","link":"https:\/\/www2.comunitaria.com.br\/en\/homem-e-resgatado-apos-ficar-preso-em-chamine-por-mais-de-5-horas-no-rs-dizem-bombeiros\/","title":{"rendered":"Homem \u00e9 resgatado ap\u00f3s ficar preso em chamin\u00e9 por mais de 5 horas no RS, dizem Bombeiros"},"content":{"rendered":"<p style=\"text-align: justify;\">Um homem, que n\u00e3o teve a identidade divulgada, foi resgatado pelo Corpo de Bombeiros ap\u00f3s ficar<strong>&nbsp;<\/strong><strong><span class=\"highlight highlighted\">preso em uma chamin\u00e9 por mais de 5 horas<\/span><\/strong>, na manh\u00e3 desta sexta-feira (6). O caso ocorreu em&nbsp;Passo Fundo, no Norte do Rio Grande do Sul.<\/p>\n<div id=\"chunk-atped\" style=\"text-align: justify;\">\n<div class=\"mc-column content-text active-extra-styles\" data-block-type=\"unstyled\" data-block-weight=\"48\" data-block-id=\"5\">\n<p class=\"content-text__container\" data-track-category=\"Link no Texto\" data-track-links=\"\" data-mrf-recirculation=\"Article links\">A a\u00e7\u00e3o se deu em um local que presta atendimento a pessoas em situa\u00e7\u00e3o de vulnerabilidade social. Os funcion\u00e1rios do espa\u00e7o relataram que&nbsp;<span class=\"highlight highlighted\">ouviram batidas na parede e pedidos de socorro por volta das 10h20<\/span>. Na sequ\u00eancia, eles identificaram que um dos acolhidos estava preso na chamin\u00e9.<\/p>\n<\/div>\n<\/div>\n<div id=\"chunk-5v6fi\" style=\"text-align: justify;\">\n<div class=\"mc-column content-text active-extra-styles\" data-block-type=\"unstyled\" data-block-weight=\"33\" data-block-id=\"7\">\n<p class=\"content-text__container\" data-track-category=\"Link no Texto\" data-track-links=\"\" data-mrf-recirculation=\"Article links\">Aos bombeiros, o homem relatou que estava no local desde as 6h. A equipe tentou o acesso pela parte superior, mas foi invi\u00e1vel. Foi necess\u00e1rio quebrar a parede para realizar o resgatar.<\/p>\n<\/div>\n<\/div>\n<div id=\"chunk-6ujf3\" style=\"text-align: justify;\">\n<div class=\"mc-column content-text active-extra-styles\" data-block-type=\"unstyled\" data-block-weight=\"22\" data-block-id=\"8\">\n<p class=\"content-text__container\" data-track-category=\"Link no Texto\" data-track-links=\"\" data-mrf-recirculation=\"Article links\">Os bombeiros precisaram usar uma furadeira. A guarni\u00e7\u00e3o informava ao homem onde ele devia se posicionar para n\u00e3o ser atingido pelos equipamentos.<\/p>\n<\/div>\n<\/div>\n<div id=\"chunk-ec75o\">\n<div class=\"mc-column content-text active-extra-styles\" data-block-type=\"unstyled\" data-block-weight=\"33\" data-block-id=\"9\">\n<p class=\"content-text__container\" style=\"text-align: justify;\" data-track-category=\"Link no Texto\" data-track-links=\"\" data-mrf-recirculation=\"Article links\">Ele recebeu atendimento m\u00e9dico e foi conduzido pela Brigada Militar (BM) a uma delegacia para registro da ocorr\u00eancia.&nbsp;<span class=\"highlight highlighted\">O motivo para o homem entrar na chamin\u00e9 n\u00e3o foi esclarecido at\u00e9 o momento.<\/span><\/p>\n<p style=\"text-align: justify;\" data-track-category=\"Link no Texto\" data-track-links=\"\" data-mrf-recirculation=\"Article links\"><em>Fonte: g1 RS<\/em><\/p>\n<p style=\"text-align: justify;\" data-track-category=\"Link no Texto\" data-track-links=\"\" data-mrf-recirculation=\"Article links\"><em>Foto\/v\u00eddeo: Reprodu\u00e7\u00e3o\/RBS TV<\/em><\/p>\n<\/div>\n<\/div>\n<p><a href=\"https:\/\/www2.comunitaria.com.br\/en\/homem-e-resgatado-apos-ficar-preso-em-chamine-por-mais-de-5-horas-no-rs-dizem-bombeiros\/videoframe_779\/\" rel=\"attachment wp-att-64589\"><img loading=\"lazy\" decoding=\"async\" class=\"aligncenter size-full wp-image-64589\" src=\"http:\/\/www2.comunitaria.com.br\/wp-content\/uploads\/2024\/09\/videoframe_779.png\" alt=\"\" width=\"496\" height=\"278\" srcset=\"https:\/\/www2.comunitaria.com.br\/wp-content\/uploads\/2024\/09\/videoframe_779.png 496w, https:\/\/www2.comunitaria.com.br\/wp-content\/uploads\/2024\/09\/videoframe_779-300x168.png 300w, https:\/\/www2.comunitaria.com.br\/wp-content\/uploads\/2024\/09\/videoframe_779-260x145.png 260w\" sizes=\"auto, (max-width: 496px) 100vw, 496px\" \/><\/a><\/p>","protected":false},"excerpt":{"rendered":"<p>Um homem, que n\u00e3o teve a identidade divulgada, foi resgatado pelo Corpo de Bombeiros ap\u00f3s ficar&nbsp;preso em uma chamin\u00e9 por mais de 5 horas, na manh\u00e3 desta sexta-feira (6). O&#8230;<\/p>","protected":false},"author":2,"featured_media":64589,"comment_status":"closed","ping_status":"closed","sticky":false,"template":"","format":"standard","meta":{"ngg_post_thumbnail":0,"footnotes":""},"categories":[47,33,43],"tags":[469],"class_list":["post-64588","post","type-post","status-publish","format-standard","has-post-thumbnail","hentry","category-brasil","category-noticias","category-regiao","tag-passo-fundo"],"amp_enabled":true,"_links":{"self":[{"href":"https:\/\/www2.comunitaria.com.br\/en\/wp-json\/wp\/v2\/posts\/64588","targetHints":{"allow":["GET"]}}],"collection":[{"href":"https:\/\/www2.comunitaria.com.br\/en\/wp-json\/wp\/v2\/posts"}],"about":[{"href":"https:\/\/www2.comunitaria.com.br\/en\/wp-json\/wp\/v2\/types\/post"}],"author":[{"embeddable":true,"href":"https:\/\/www2.comunitaria.com.br\/en\/wp-json\/wp\/v2\/users\/2"}],"replies":[{"embeddable":true,"href":"https:\/\/www2.comunitaria.com.br\/en\/wp-json\/wp\/v2\/comments?post=64588"}],"version-history":[{"count":0,"href":"https:\/\/www2.comunitaria.com.br\/en\/wp-json\/wp\/v2\/posts\/64588\/revisions"}],"wp:featuredmedia":[{"embeddable":true,"href":"https:\/\/www2.comunitaria.com.br\/en\/wp-json\/wp\/v2\/media\/64589"}],"wp:attachment":[{"href":"https:\/\/www2.comunitaria.com.br\/en\/wp-json\/wp\/v2\/media?parent=64588"}],"wp:term":[{"taxonomy":"category","embeddable":true,"href":"https:\/\/www2.comunitaria.com.br\/en\/wp-json\/wp\/v2\/categories?post=64588"},{"taxonomy":"post_tag","embeddable":true,"href":"https:\/\/www2.comunitaria.com.br\/en\/wp-json\/wp\/v2\/tags?post=64588"}],"curies":[{"name":"wp","href":"https:\/\/api.w.org\/{rel}","templated":true}]}}