{"id":64550,"date":"2024-09-05T12:57:24","date_gmt":"2024-09-05T14:57:24","guid":{"rendered":"https:\/\/www2.comunitaria.com.br\/?p=64550"},"modified":"2024-09-05T12:57:25","modified_gmt":"2024-09-05T14:57:25","slug":"abertura-do-acampamento-farroupilha-tera-cavalo-caramelo-e-vitima-da-enchente-conduzindo-chama-crioula","status":"publish","type":"post","link":"https:\/\/www2.comunitaria.com.br\/en\/abertura-do-acampamento-farroupilha-tera-cavalo-caramelo-e-vitima-da-enchente-conduzindo-chama-crioula\/","title":{"rendered":"Abertura do Acampamento Farroupilha ter\u00e1 cavalo Caramelo e v\u00edtima da enchente conduzindo Chama Crioula"},"content":{"rendered":"<p style=\"text-align: justify;\">A abertura do&nbsp;<strong>Acampamento Farroupilha<\/strong>&nbsp;de&nbsp;Porto Alegre, neste s\u00e1bado (7), ser\u00e1&nbsp;<strong>duplamente simbolizada pela supera\u00e7\u00e3o<\/strong>. Depois de brilhar no&nbsp;desfile dos campe\u00f5es da Expointer, o&nbsp;<span class=\"highlight highlighted\">cavalo Caramelo vai participar da cerim\u00f4nia<\/span>.<\/p>\n<p style=\"text-align: justify;\">Al\u00e9m disso, a&nbsp;<strong>Chama Crioula<\/strong>&nbsp;ser\u00e1 conduzida por uma pessoa<strong>&nbsp;<\/strong>que perdeu tudo na enchente e que, mesmo assim, virou volunt\u00e1ria na trag\u00e9dia clim\u00e1tica que deixou&nbsp;183 mortos no estado.<\/p>\n<div id=\"chunk-broj8\" style=\"text-align: justify;\">\n<div class=\"mc-column content-text active-extra-styles\" data-block-type=\"unstyled\" data-block-weight=\"31\" data-block-id=\"9\">\n<p class=\"content-text__container\" data-track-category=\"Link no Texto\" data-track-links=\"\" data-mrf-recirculation=\"Article links\">Segundo a secret\u00e1ria de Cultura de Porto Alegre, Liliana Cardoso, o&nbsp;<strong>fogo&nbsp;<\/strong>que simboliza a festa ser\u00e1&nbsp;<strong>recolhido da Pira da P\u00e1tria<\/strong>, no encerramento do desfile de 7 de Setembro.<\/p>\n<\/div>\n<\/div>\n<div id=\"chunk-7msvd\" style=\"text-align: justify;\">\n<div class=\"mc-column content-text active-extra-styles\" data-block-type=\"raw\" data-block-weight=\"24\" data-block-id=\"10\">\n<blockquote class=\"content-blockquote theme-border-color-primary-before\"><p>&#8220;Seguiremos a cavalo at\u00e9 o Parque da Harmonia. Ser\u00e1 um momento de muita emo\u00e7\u00e3o&#8221;, afirma Liliana, que preside a Comiss\u00e3o Municipal dos Festejos Farroupilhas.<\/p><\/blockquote>\n<\/div>\n<\/div>\n<div id=\"chunk-8vag9\">\n<div class=\"mc-column content-text active-extra-styles\" data-block-type=\"unstyled\" data-block-weight=\"75\" data-block-id=\"11\">\n<p class=\"content-text__container\" style=\"text-align: justify;\" data-track-category=\"Link no Texto\" data-track-links=\"\" data-mrf-recirculation=\"Article links\">Tamb\u00e9m no s\u00e1bado,&nbsp;<span class=\"highlight highlighted\">a Chama Crioula ser\u00e1 levada ao est\u00fadio do Jornal do Almo\u00e7o<\/span> por cavaleiros do grupo de cavalgadas Alfeu de Oliveira, de Buti\u00e1, acompanhados de Jos\u00e9 Fernando Almeida Vieira, filho e sobrinho, respectivamente, de Fernando Machado Vieira e Jo\u00e3o Machado Vieira. Ambos integraram do &#8220;Grupo dos 8&#8221;, que fundou o primeiro CTG do estado, o 35 CTG em 1947, e que deu in\u00edcio \u00e0 tradi\u00e7\u00e3o da Chama Crioula, h\u00e1 77 anos.<\/p>\n<p style=\"text-align: justify;\" data-track-category=\"Link no Texto\" data-track-links=\"\" data-mrf-recirculation=\"Article links\"><em>Fonte: g1 RS<\/em><\/p>\n<p style=\"text-align: justify;\" data-track-category=\"Link no Texto\" data-track-links=\"\" data-mrf-recirculation=\"Article links\"><em>Foto: Marcelo Ermel\/Ulbra<a href=\"https:\/\/www2.comunitaria.com.br\/en\/abertura-do-acampamento-farroupilha-tera-cavalo-caramelo-e-vitima-da-enchente-conduzindo-chama-crioula\/caramelo-3008\/\" rel=\"attachment wp-att-64551\"><img loading=\"lazy\" decoding=\"async\" class=\"aligncenter size-full wp-image-64551\" src=\"http:\/\/www2.comunitaria.com.br\/wp-content\/uploads\/2024\/09\/caramelo-3008.avif\" alt=\"\" width=\"640\" height=\"480\"><\/a><\/em><\/p>\n<\/div>\n<\/div>","protected":false},"excerpt":{"rendered":"<p>A abertura do&nbsp;Acampamento Farroupilha&nbsp;de&nbsp;Porto Alegre, neste s\u00e1bado (7), ser\u00e1&nbsp;duplamente simbolizada pela supera\u00e7\u00e3o. Depois de brilhar no&nbsp;desfile dos campe\u00f5es da Expointer, o&nbsp;cavalo Caramelo vai participar da cerim\u00f4nia. Al\u00e9m disso, a&nbsp;Chama Crioula&nbsp;ser\u00e1&#8230;<\/p>","protected":false},"author":2,"featured_media":64551,"comment_status":"closed","ping_status":"closed","sticky":false,"template":"","format":"standard","meta":{"ngg_post_thumbnail":0,"footnotes":""},"categories":[46,28,33,43],"tags":[6405,6645,1034],"class_list":["post-64550","post","type-post","status-publish","format-standard","has-post-thumbnail","hentry","category-estado","category-destaque","category-noticias","category-regiao","tag-acampamento-farroupilha","tag-cavalo-caramelo","tag-chama-crioula"],"amp_enabled":true,"_links":{"self":[{"href":"https:\/\/www2.comunitaria.com.br\/en\/wp-json\/wp\/v2\/posts\/64550","targetHints":{"allow":["GET"]}}],"collection":[{"href":"https:\/\/www2.comunitaria.com.br\/en\/wp-json\/wp\/v2\/posts"}],"about":[{"href":"https:\/\/www2.comunitaria.com.br\/en\/wp-json\/wp\/v2\/types\/post"}],"author":[{"embeddable":true,"href":"https:\/\/www2.comunitaria.com.br\/en\/wp-json\/wp\/v2\/users\/2"}],"replies":[{"embeddable":true,"href":"https:\/\/www2.comunitaria.com.br\/en\/wp-json\/wp\/v2\/comments?post=64550"}],"version-history":[{"count":0,"href":"https:\/\/www2.comunitaria.com.br\/en\/wp-json\/wp\/v2\/posts\/64550\/revisions"}],"wp:featuredmedia":[{"embeddable":true,"href":"https:\/\/www2.comunitaria.com.br\/en\/wp-json\/wp\/v2\/media\/64551"}],"wp:attachment":[{"href":"https:\/\/www2.comunitaria.com.br\/en\/wp-json\/wp\/v2\/media?parent=64550"}],"wp:term":[{"taxonomy":"category","embeddable":true,"href":"https:\/\/www2.comunitaria.com.br\/en\/wp-json\/wp\/v2\/categories?post=64550"},{"taxonomy":"post_tag","embeddable":true,"href":"https:\/\/www2.comunitaria.com.br\/en\/wp-json\/wp\/v2\/tags?post=64550"}],"curies":[{"name":"wp","href":"https:\/\/api.w.org\/{rel}","templated":true}]}}