{"id":64540,"date":"2024-09-05T12:24:51","date_gmt":"2024-09-05T14:24:51","guid":{"rendered":"https:\/\/www2.comunitaria.com.br\/?p=64540"},"modified":"2024-09-05T12:24:52","modified_gmt":"2024-09-05T14:24:52","slug":"lula-veta-projeto-que-zera-ipi-de-moveis-e-linha-branca-para-familias-atingidas-por-desastres","status":"publish","type":"post","link":"https:\/\/www2.comunitaria.com.br\/en\/lula-veta-projeto-que-zera-ipi-de-moveis-e-linha-branca-para-familias-atingidas-por-desastres\/","title":{"rendered":"Lula veta projeto que zera IPI de m\u00f3veis e &#8216;linha branca&#8217; para fam\u00edlias atingidas por desastres"},"content":{"rendered":"<div id=\"chunk-fndgo\">\n<div class=\"mc-column content-text active-extra-styles\" data-block-type=\"unstyled\" data-block-weight=\"40\" data-block-id=\"3\">\n<p class=\"content-text__container\" style=\"text-align: justify;\" data-track-category=\"Link no Texto\" data-track-links=\"\" data-mrf-recirculation=\"Article links\">O presidente Luiz In\u00e1cio Lula da Silva (PT) vetou um projeto de lei que&nbsp;isentaria a cobran\u00e7a do Imposto sobre Produtos Industrializados (IPI) de m\u00f3veis e eletrodom\u00e9sticos&nbsp;comprados por moradores de \u00e1reas atingidas por desastres naturais ou eventos clim\u00e1ticos extremos.<\/p>\n<\/div>\n<\/div>\n<div class=\"wall protected-content\">\n<div id=\"chunk-3cail\" style=\"text-align: justify;\">\n<div class=\"mc-column content-text active-extra-styles\" data-block-type=\"unstyled\" data-block-weight=\"28\" data-block-id=\"4\">\n<p class=\"content-text__container\" data-track-category=\"Link no Texto\" data-track-links=\"\" data-mrf-recirculation=\"Article links\">A medida beneficiaria, j\u00e1 nesse primeiro momento, as pessoas afetadas pelas cheias de maio no Rio Grande do Sul. A cat\u00e1strofe clim\u00e1tica no estado deixou 183 mortes.<\/p>\n<\/div>\n<\/div>\n<div id=\"chunk-q5i1\" style=\"text-align: justify;\">\n<div class=\"mc-column content-text active-extra-styles\" data-block-type=\"unstyled\" data-block-weight=\"43\" data-block-id=\"5\">\n<p class=\"content-text__container\" data-track-category=\"Link no Texto\" data-track-links=\"\" data-mrf-recirculation=\"Article links\">A decis\u00e3o do presidente foi publicada na edi\u00e7\u00e3o desta quinta-feira (5) do &#8220;Di\u00e1rio Oficial da Uni\u00e3o&#8221;. Cabe ao Congresso avaliar, em sess\u00e3o a ser marcada, se mant\u00e9m a decis\u00e3o do presidente. Caso os parlamentares derrubem o veto, a isen\u00e7\u00e3o entrar\u00e1 em vigor.<\/p>\n<\/div>\n<\/div>\n<div id=\"chunk-cg75d\">\n<div class=\"mc-column content-text active-extra-styles\" data-block-type=\"unstyled\" data-block-weight=\"39\" data-block-id=\"7\">\n<p class=\"content-text__container\" style=\"text-align: justify;\" data-track-category=\"Link no Texto\" data-track-links=\"\" data-mrf-recirculation=\"Article links\">O ministro da Secretaria de Apoio \u00e0 Reconstru\u00e7\u00e3o do RS, Paulo Pimenta, afirmou ao&nbsp;g1&nbsp;que o governo estuda outras formas de viabilizar a compra de produtos da linha branca, isentos de IPI, pela popula\u00e7\u00e3o atingida pelas cheias.<\/p>\n<div id=\"chunk-c3458\" style=\"text-align: justify;\">\n<div class=\"mc-column content-text active-extra-styles\" data-block-type=\"raw\" data-block-weight=\"4\" data-block-id=\"9\">\n<div class=\"content-intertitle\">\n<h4>Ren\u00fancia fiscal sem compensa\u00e7\u00e3o<\/h4>\n<\/div>\n<\/div>\n<\/div>\n<div id=\"chunk-9ioe1\" style=\"text-align: justify;\">\n<div class=\"mc-column content-text active-extra-styles\" data-block-type=\"unstyled\" data-block-weight=\"58\" data-block-id=\"10\">\n<p class=\"content-text__container\" data-track-category=\"Link no Texto\" data-track-links=\"\" data-mrf-recirculation=\"Article links\">Lula vetou o projeto de forma integral ap\u00f3s consultar os minist\u00e9rios da Fazenda e do Planejamento. Na justificativa enviada ao Congresso, o presidente afirmou que o projeto descumpre a Lei de Responsabilidade Fiscal por criar ren\u00fancia de receita sem previs\u00e3o na lei or\u00e7ament\u00e1ria, sem medida de compensa\u00e7\u00e3o e sem previs\u00e3o de prazo m\u00e1ximo de vig\u00eancia de cinco anos.<\/p>\n<\/div>\n<\/div>\n<div id=\"chunk-6sg9j\">\n<div class=\"mc-column content-text active-extra-styles\" data-block-type=\"unstyled\" data-block-weight=\"45\" data-block-id=\"12\">\n<p class=\"content-text__container\" style=\"text-align: justify;\" data-track-category=\"Link no Texto\" data-track-links=\"\" data-mrf-recirculation=\"Article links\">Lula tamb\u00e9m apontou que os benef\u00edcios tribut\u00e1rios poderiam ser &#8220;apropriados sob a forma de aumento de margem de lucro dos produtores ou fornecedores dos bens&#8221;, sem alcan\u00e7ar o objetivo de &#8220;mitigar danos materiais de residentes em \u00e1reas atingidas por desastres naturais ou eventos clim\u00e1ticos extremos&#8221;.<\/p>\n<div id=\"chunk-33b65\" style=\"text-align: justify;\">\n<div class=\"mc-column content-text active-extra-styles\" data-block-type=\"raw\" data-block-weight=\"5\" data-block-id=\"14\">\n<div class=\"content-intertitle\">\n<h4>O que previa o texto<\/h4>\n<\/div>\n<\/div>\n<\/div>\n<div id=\"chunk-90feg\" style=\"text-align: justify;\">\n<div class=\"mc-column content-text active-extra-styles\" data-block-type=\"unstyled\" data-block-weight=\"36\" data-block-id=\"15\">\n<p class=\"content-text__container\" data-track-category=\"Link no Texto\" data-track-links=\"\" data-mrf-recirculation=\"Article links\">Durante a tramita\u00e7\u00e3o do projeto, de autoria da deputada federal Maria do Ros\u00e1rio (PT-RS), foi feito um ajuste no texto para que, em um primeiro momento, somente a popula\u00e7\u00e3o ga\u00facha afetada pelas cheias fosse beneficiada.<\/p>\n<\/div>\n<\/div>\n<div id=\"chunk-amske\" style=\"text-align: justify;\">\n<div class=\"mc-column content-text active-extra-styles\" data-block-type=\"unstyled\" data-block-weight=\"21\" data-block-id=\"16\">\n<p class=\"content-text__container\" data-track-category=\"Link no Texto\" data-track-links=\"\" data-mrf-recirculation=\"Article links\">O texto previa desconto na compra de m\u00f3veis e eletrodom\u00e9sticos da linha branca para todos os afetados pelas chuvas de maio<\/p>\n<\/div>\n<\/div>\n<div id=\"chunk-b38j3\" style=\"text-align: justify;\">\n<div class=\"mc-column content-text active-extra-styles\" data-block-type=\"raw\" data-block-weight=\"15\" data-block-id=\"18\">\n<ul class=\"content-unordered-list\" data-mrf-recirculation=\"Recomendado\">\n<li>Fog\u00f5es de cozinha<\/li>\n<li>Refrigeradores<\/li>\n<li>M\u00e1quinas de lavar roupa<\/li>\n<li>Tanquinhos<\/li>\n<li>Cadeiras e sof\u00e1s<\/li>\n<li>Mesas e arm\u00e1rios<\/li>\n<\/ul>\n<\/div>\n<\/div>\n<div data-track-category=\"multicontent\" data-track-action=\"multicontent\" data-track-noninteraction=\"false\" data-track-scroll=\"ultimo chunk conteudo\" data-track-value=\"view\">\n<div id=\"chunk-1vfvk\">\n<div class=\"mc-column content-text active-extra-styles\" data-block-type=\"unstyled\" data-block-weight=\"37\" data-block-id=\"19\">\n<p class=\"content-text__container\" style=\"text-align: justify;\" data-track-category=\"Link no Texto\" data-track-links=\"\" data-mrf-recirculation=\"Article links\">Para usufruir da isen\u00e7\u00e3o, os interessados deveriam comprovar resid\u00eancia em localidade atingida e que o local foi &#8220;diretamente&#8221; afetado pelos desastres. A isen\u00e7\u00e3o seria concedida uma \u00fanica vez e apenas para um membro de cada fam\u00edlia afetada.<\/p>\n<p data-track-category=\"Link no Texto\" data-track-links=\"\" data-mrf-recirculation=\"Article links\"><em>Fonte: g1<\/em><\/p>\n<p data-track-category=\"Link no Texto\" data-track-links=\"\" data-mrf-recirculation=\"Article links\"><em>Foto: Reprodu\u00e7\u00e3o\/TV Globo<a href=\"https:\/\/www2.comunitaria.com.br\/en\/lula-veta-projeto-que-zera-ipi-de-moveis-e-linha-branca-para-familias-atingidas-por-desastres\/retirada-moradores-01-frame-7288\/\" rel=\"attachment wp-att-64541\"><img loading=\"lazy\" decoding=\"async\" class=\"aligncenter size-full wp-image-64541\" src=\"http:\/\/www2.comunitaria.com.br\/wp-content\/uploads\/2024\/09\/retirada-moradores.01-frame-7288.avif\" alt=\"\" width=\"640\" height=\"360\"><\/a><\/em><\/p>\n<\/div>\n<\/div>\n<\/div>\n<\/div>\n<\/div>\n<\/div>\n<\/div>\n<\/div>","protected":false},"excerpt":{"rendered":"<p>O presidente Luiz In\u00e1cio Lula da Silva (PT) vetou um projeto de lei que&nbsp;isentaria a cobran\u00e7a do Imposto sobre Produtos Industrializados (IPI) de m\u00f3veis e eletrodom\u00e9sticos&nbsp;comprados por moradores de \u00e1reas&#8230;<\/p>","protected":false},"author":2,"featured_media":64541,"comment_status":"closed","ping_status":"closed","sticky":false,"template":"","format":"standard","meta":{"ngg_post_thumbnail":0,"footnotes":""},"categories":[46,33],"tags":[3512,2619,1192],"class_list":["post-64540","post","type-post","status-publish","format-standard","has-post-thumbnail","hentry","category-estado","category-noticias","tag-enchentes","tag-lula","tag-rio-grande-do-sul"],"amp_enabled":true,"_links":{"self":[{"href":"https:\/\/www2.comunitaria.com.br\/en\/wp-json\/wp\/v2\/posts\/64540","targetHints":{"allow":["GET"]}}],"collection":[{"href":"https:\/\/www2.comunitaria.com.br\/en\/wp-json\/wp\/v2\/posts"}],"about":[{"href":"https:\/\/www2.comunitaria.com.br\/en\/wp-json\/wp\/v2\/types\/post"}],"author":[{"embeddable":true,"href":"https:\/\/www2.comunitaria.com.br\/en\/wp-json\/wp\/v2\/users\/2"}],"replies":[{"embeddable":true,"href":"https:\/\/www2.comunitaria.com.br\/en\/wp-json\/wp\/v2\/comments?post=64540"}],"version-history":[{"count":0,"href":"https:\/\/www2.comunitaria.com.br\/en\/wp-json\/wp\/v2\/posts\/64540\/revisions"}],"wp:featuredmedia":[{"embeddable":true,"href":"https:\/\/www2.comunitaria.com.br\/en\/wp-json\/wp\/v2\/media\/64541"}],"wp:attachment":[{"href":"https:\/\/www2.comunitaria.com.br\/en\/wp-json\/wp\/v2\/media?parent=64540"}],"wp:term":[{"taxonomy":"category","embeddable":true,"href":"https:\/\/www2.comunitaria.com.br\/en\/wp-json\/wp\/v2\/categories?post=64540"},{"taxonomy":"post_tag","embeddable":true,"href":"https:\/\/www2.comunitaria.com.br\/en\/wp-json\/wp\/v2\/tags?post=64540"}],"curies":[{"name":"wp","href":"https:\/\/api.w.org\/{rel}","templated":true}]}}