{"id":64488,"date":"2024-09-04T09:29:12","date_gmt":"2024-09-04T11:29:12","guid":{"rendered":"https:\/\/www2.comunitaria.com.br\/?p=64488"},"modified":"2024-09-04T09:29:13","modified_gmt":"2024-09-04T11:29:13","slug":"aposentadoria-pelo-inss-veja-como-calcular-valor-do-beneficio-e-tempo-de-contribuicao","status":"publish","type":"post","link":"https:\/\/www2.comunitaria.com.br\/en\/aposentadoria-pelo-inss-veja-como-calcular-valor-do-beneficio-e-tempo-de-contribuicao\/","title":{"rendered":"Aposentadoria pelo INSS: veja como calcular valor do benef\u00edcio e tempo de contribui\u00e7\u00e3o"},"content":{"rendered":"<div id=\"chunk-2nvea\">\n<div class=\"mc-column content-text active-extra-styles\" data-block-type=\"unstyled\" data-block-weight=\"32\" data-block-id=\"3\">\n<p class=\"content-text__container\" style=\"text-align: justify;\" data-track-category=\"Link no Texto\" data-track-links=\"\" data-mrf-recirculation=\"Article links\">Quem est\u00e1 prestes a se aposentar deve ficar atento \u00e0s exig\u00eancias estabelecidas pela&nbsp;reforma da Previd\u00eancia. No come\u00e7o deste ano, por exemplo, a idade e o tempo m\u00ednimo de contribui\u00e7\u00e3o foram ampliados.<\/p>\n<\/div>\n<\/div>\n<div class=\"wall protected-content\">\n<div id=\"chunk-82t72\" style=\"text-align: justify;\">\n<div class=\"mc-column content-text active-extra-styles\" data-block-type=\"unstyled\" data-block-weight=\"32\" data-block-id=\"4\">\n<p class=\"content-text__container\" data-track-category=\"Link no Texto\" data-track-links=\"\" data-mrf-recirculation=\"Article links\">Mas, se voc\u00ea \u00e9 daqueles que se perdem em meio a tantas regras, existe uma forma pr\u00e1tica de&nbsp;<span class=\"highlight highlighted\">calcular o tempo de contribui\u00e7\u00e3o necess\u00e1rio e at\u00e9 simular o valor do benef\u00edcio<\/span>.<\/p>\n<\/div>\n<\/div>\n<div id=\"chunk-29d3e\" style=\"text-align: justify;\">\n<div class=\"mc-column content-text active-extra-styles\" data-block-type=\"unstyled\" data-block-weight=\"23\" data-block-id=\"5\">\n<p class=\"content-text__container\" data-track-category=\"Link no Texto\" data-track-links=\"\" data-mrf-recirculation=\"Article links\">Esse \u00faltimo servi\u00e7o, no entanto, apenas \u00e9 feito aos segurados que est\u00e3o a, no m\u00e1ximo, cinco anos de adquirir o direito \u00e0 aposentadoria.<\/p>\n<\/div>\n<\/div>\n<div id=\"chunk-b4kmm\">\n<div class=\"mc-column content-text active-extra-styles\" data-block-type=\"unstyled\" data-block-weight=\"32\" data-block-id=\"6\">\n<p class=\"content-text__container\" style=\"text-align: justify;\" data-track-category=\"Link no Texto\" data-track-links=\"\" data-mrf-recirculation=\"Article links\">No&nbsp;aplicativo&nbsp;e no site&nbsp;Meu INSS, o Instituto Nacional do Seguro Social oferece um simulador de aposentadoria, que utiliza as suas informa\u00e7\u00f5es que est\u00e3o na base de dados do instituto.<\/p>\n<div id=\"chunk-1ouke\" style=\"text-align: justify;\">\n<div class=\"mc-column content-text active-extra-styles\" data-block-type=\"unstyled\" data-block-weight=\"23\" data-block-id=\"8\">\n<p class=\"content-text__container\" data-track-category=\"Link no Texto\" data-track-links=\"\" data-mrf-recirculation=\"Article links\">A calculadora j\u00e1 est\u00e1 adaptada com as novas regras, por\u00e9m o resultado gerado vale somente para consulta e n\u00e3o garante direito \u00e0 aposentadoria.<\/p>\n<\/div>\n<\/div>\n<div id=\"chunk-6c5uk\" style=\"text-align: justify;\">\n<div class=\"mc-column content-text active-extra-styles\" data-block-type=\"unstyled\" data-block-weight=\"20\" data-block-id=\"9\">\n<p class=\"content-text__container\" data-track-category=\"Link no Texto\" data-track-links=\"\" data-mrf-recirculation=\"Article links\">Se for constatado algum dado incorreto, ou se surgirem d\u00favidas no processo, vale procurar um advogado especializado em direito previdenci\u00e1rio.<\/p>\n<\/div>\n<\/div>\n<div id=\"chunk-df3lb\" style=\"text-align: justify;\">\n<div class=\"mc-column content-text active-extra-styles\" data-block-type=\"unstyled\" data-block-weight=\"10\" data-block-id=\"10\">\n<p class=\"content-text__container\" data-track-category=\"Link no Texto\" data-track-links=\"\" data-mrf-recirculation=\"Article links\"><strong>Confira o passo a passo para fazer a simula\u00e7\u00e3o<\/strong><\/p>\n<\/div>\n<\/div>\n<div id=\"chunk-f3agb\" style=\"text-align: justify;\">\n<div class=\"mc-column content-text active-extra-styles\" data-block-type=\"raw\" data-block-weight=\"48\" data-block-id=\"11\">\n<ul class=\"content-unordered-list\" data-mrf-recirculation=\"Recomendado\">\n<li>Entre no&nbsp;<a class=\"\" href=\"https:\/\/meu.inss.gov.br\/#\/login\" target=\"_blank\" rel=\"noopener\" data-mrf-link=\"https:\/\/meu.inss.gov.br\/#\/login\">site&nbsp;<\/a>ou aplicativo&nbsp;<a class=\"\" href=\"https:\/\/play.google.com\/store\/apps\/details?id=br.gov.dataprev.meuinss&amp;hl=pt_BR\" target=\"_blank\" rel=\"noopener\" data-mrf-link=\"https:\/\/play.google.com\/store\/apps\/details?id=br.gov.dataprev.meuinss&amp;hl=pt_BR\">Meu INSS<\/a>, dispon\u00edvel para Android e iOS;<\/li>\n<li>Acesse a sua&nbsp;<a class=\"\" href=\"https:\/\/g1.globo.com\/economia\/noticia\/2022\/03\/21\/como-abrir-uma-conta-govbr.ghtml\" data-mrf-link=\"https:\/\/g1.globo.com\/economia\/noticia\/2022\/03\/21\/como-abrir-uma-conta-govbr.ghtml\">conta gov.br<\/a>;<\/li>\n<li>Escolha a op\u00e7\u00e3o &#8220;<strong>Simular aposentadoria<\/strong>&#8220;;<\/li>\n<li>Confira seus dados. Se precisar alter\u00e1-los, clique no l\u00e1pis. Depois clique em \u201c<strong>Recalcular<\/strong>\u201d;<\/li>\n<li>A p\u00e1gina indicar\u00e1 as condi\u00e7\u00f5es de aposentadoria para cada uma das possibilidades existentes.<\/li>\n<\/ul>\n<\/div>\n<\/div>\n<div id=\"chunk-f5hkn\" style=\"text-align: justify;\">\n<div class=\"mc-column content-text active-extra-styles\" data-block-type=\"unstyled\" data-block-weight=\"29\" data-block-id=\"13\">\n<p class=\"content-text__container\" data-track-category=\"Link no Texto\" data-track-links=\"\" data-mrf-recirculation=\"Article links\">Quando a simula\u00e7\u00e3o indicar que atingiu os requisitos em alguma categoria, o segurado pode entrar com o pedido no&nbsp;INSS para saber se, de fato, pode receber o benef\u00edcio.<\/p>\n<\/div>\n<\/div>\n<div id=\"chunk-8v6qt\" style=\"text-align: justify;\">\n<div class=\"mc-column content-text active-extra-styles\" data-block-type=\"raw\" data-block-weight=\"7\" data-block-id=\"14\">\n<div class=\"content-intertitle\">\n<h4>Ficou mais dif\u00edcil se aposentar em 2024?<\/h4>\n<\/div>\n<\/div>\n<\/div>\n<div id=\"chunk-9k58f\" style=\"text-align: justify;\">\n<div class=\"mc-column content-text active-extra-styles\" data-block-type=\"unstyled\" data-block-weight=\"32\" data-block-id=\"15\">\n<p class=\"content-text__container\" data-track-category=\"Link no Texto\" data-track-links=\"\" data-mrf-recirculation=\"Article links\">A regra geral exige que mulheres se aposentem com idade m\u00ednima de 62 anos, e pelo menos 15 anos de contribui\u00e7\u00e3o. Para homens, s\u00e3o 65 anos de idade e 20 de contribui\u00e7\u00e3o.<\/p>\n<\/div>\n<\/div>\n<div id=\"chunk-4r6i2\" style=\"text-align: justify;\">\n<div class=\"mc-column content-text active-extra-styles\" data-block-type=\"unstyled\" data-block-weight=\"45\" data-block-id=\"16\">\n<p class=\"content-text__container\" data-track-category=\"Link no Texto\" data-track-links=\"\" data-mrf-recirculation=\"Article links\">Mas para aqueles que j\u00e1 contribu\u00edram com o INSS antes da aprova\u00e7\u00e3o da reforma, em novembro de 2019, o governo criou um regime de transi\u00e7\u00e3o que prev\u00ea altera\u00e7\u00f5es todos os anos, at\u00e9 2031, nas regras. Veja o que muda para essas pessoas neste ano:<\/p>\n<\/div>\n<\/div>\n<div id=\"chunk-e800s\" style=\"text-align: justify;\">\n<div class=\"mc-column content-text active-extra-styles\" data-block-type=\"raw\" data-block-weight=\"94\" data-block-id=\"18\">\n<ul class=\"content-unordered-list\" data-mrf-recirculation=\"Recomendado\">\n<li>A idade m\u00ednima para solicitar a aposentadoria sobe seis meses em rela\u00e7\u00e3o ao regime anterior. As mulheres precisam ter, no m\u00ednimo, 58 anos e 6 meses. Para os homens, a idade m\u00ednima passa a ser de 63 anos e 6 meses.<\/li>\n<li>O tempo m\u00ednimo de contribui\u00e7\u00e3o passa a ser de 30 anos para as mulheres e de 35 para os homens.<\/li>\n<li>Tamb\u00e9m h\u00e1 mudan\u00e7as na regra dos pontos, que soma o tempo de contribui\u00e7\u00e3o com a idade do trabalhador. A pontua\u00e7\u00e3o m\u00ednima exigida ser\u00e1 de 91 para mulheres e de 101 pontos para homens.<\/li>\n<\/ul>\n<\/div>\n<\/div>\n<div id=\"chunk-1lnne\" style=\"text-align: justify;\">\n<div class=\"mc-column content-text active-extra-styles\" data-block-type=\"raw\" data-block-weight=\"7\" data-block-id=\"19\">\n<div class=\"content-intertitle\">\n<h4>O que \u00e9 a regra de transi\u00e7\u00e3o?<\/h4>\n<\/div>\n<\/div>\n<\/div>\n<div id=\"chunk-35lqq\" style=\"text-align: justify;\">\n<div class=\"mc-column content-text active-extra-styles\" data-block-type=\"unstyled\" data-block-weight=\"33\" data-block-id=\"20\">\n<p class=\"content-text__container\" data-track-category=\"Link no Texto\" data-track-links=\"\" data-mrf-recirculation=\"Article links\">As regras de transi\u00e7\u00e3o s\u00e3o voltadas para quem j\u00e1 contribu\u00eda antes da aprova\u00e7\u00e3o da reforma da Previd\u00eancia, e foram criadas para estabelecer uma passagem entre as exig\u00eancias antigas e as atuais do benef\u00edcio.<\/p>\n<\/div>\n<\/div>\n<div id=\"chunk-dcete\">\n<div class=\"mc-column content-text active-extra-styles\" data-block-type=\"unstyled\" data-block-weight=\"36\" data-block-id=\"21\">\n<p class=\"content-text__container\" style=\"text-align: justify;\" data-track-category=\"Link no Texto\" data-track-links=\"\" data-mrf-recirculation=\"Article links\">Cada uma delas pode alterar o momento em que o benef\u00edcio ser\u00e1 concedido e o valor que o trabalhador receber\u00e1. Assim, o contribuinte pode se aposentar a partir da regra que for mais ben\u00e9fica para ele.<\/p>\n<p data-track-category=\"Link no Texto\" data-track-links=\"\" data-mrf-recirculation=\"Article links\"><em>Fonte: g1<a href=\"https:\/\/www2.comunitaria.com.br\/en\/aposentadoria-pelo-inss-veja-como-calcular-valor-do-beneficio-e-tempo-de-contribuicao\/inss-6\/\" rel=\"attachment wp-att-64489\"><img loading=\"lazy\" decoding=\"async\" class=\"aligncenter size-full wp-image-64489\" src=\"http:\/\/www2.comunitaria.com.br\/wp-content\/uploads\/2024\/09\/inss.jpg\" alt=\"\" width=\"1024\" height=\"624\" srcset=\"https:\/\/www2.comunitaria.com.br\/wp-content\/uploads\/2024\/09\/inss.jpg 1024w, https:\/\/www2.comunitaria.com.br\/wp-content\/uploads\/2024\/09\/inss-300x183.jpg 300w, https:\/\/www2.comunitaria.com.br\/wp-content\/uploads\/2024\/09\/inss-768x468.jpg 768w\" sizes=\"auto, (max-width: 1024px) 100vw, 1024px\" \/><\/a><\/em><\/p>\n<\/div>\n<\/div>\n<\/div>\n<\/div>\n<\/div>","protected":false},"excerpt":{"rendered":"<p>Quem est\u00e1 prestes a se aposentar deve ficar atento \u00e0s exig\u00eancias estabelecidas pela&nbsp;reforma da Previd\u00eancia. No come\u00e7o deste ano, por exemplo, a idade e o tempo m\u00ednimo de contribui\u00e7\u00e3o foram&#8230;<\/p>","protected":false},"author":2,"featured_media":64489,"comment_status":"closed","ping_status":"closed","sticky":false,"template":"","format":"standard","meta":{"ngg_post_thumbnail":0,"footnotes":""},"categories":[47,33],"tags":[260,237],"class_list":["post-64488","post","type-post","status-publish","format-standard","has-post-thumbnail","hentry","category-brasil","category-noticias","tag-aposentadoria","tag-inss"],"amp_enabled":true,"_links":{"self":[{"href":"https:\/\/www2.comunitaria.com.br\/en\/wp-json\/wp\/v2\/posts\/64488","targetHints":{"allow":["GET"]}}],"collection":[{"href":"https:\/\/www2.comunitaria.com.br\/en\/wp-json\/wp\/v2\/posts"}],"about":[{"href":"https:\/\/www2.comunitaria.com.br\/en\/wp-json\/wp\/v2\/types\/post"}],"author":[{"embeddable":true,"href":"https:\/\/www2.comunitaria.com.br\/en\/wp-json\/wp\/v2\/users\/2"}],"replies":[{"embeddable":true,"href":"https:\/\/www2.comunitaria.com.br\/en\/wp-json\/wp\/v2\/comments?post=64488"}],"version-history":[{"count":0,"href":"https:\/\/www2.comunitaria.com.br\/en\/wp-json\/wp\/v2\/posts\/64488\/revisions"}],"wp:featuredmedia":[{"embeddable":true,"href":"https:\/\/www2.comunitaria.com.br\/en\/wp-json\/wp\/v2\/media\/64489"}],"wp:attachment":[{"href":"https:\/\/www2.comunitaria.com.br\/en\/wp-json\/wp\/v2\/media?parent=64488"}],"wp:term":[{"taxonomy":"category","embeddable":true,"href":"https:\/\/www2.comunitaria.com.br\/en\/wp-json\/wp\/v2\/categories?post=64488"},{"taxonomy":"post_tag","embeddable":true,"href":"https:\/\/www2.comunitaria.com.br\/en\/wp-json\/wp\/v2\/tags?post=64488"}],"curies":[{"name":"wp","href":"https:\/\/api.w.org\/{rel}","templated":true}]}}