{"id":64476,"date":"2024-09-03T13:03:18","date_gmt":"2024-09-03T15:03:18","guid":{"rendered":"https:\/\/www2.comunitaria.com.br\/?p=64476"},"modified":"2024-09-03T13:03:19","modified_gmt":"2024-09-03T15:03:19","slug":"pib-do-brasil-cresce-14-no-2-trimestre-de-2024-diz-ibge","status":"publish","type":"post","link":"https:\/\/www2.comunitaria.com.br\/en\/pib-do-brasil-cresce-14-no-2-trimestre-de-2024-diz-ibge\/","title":{"rendered":"PIB do Brasil cresce 1,4% no 2\u00b0 trimestre de 2024, diz IBGE"},"content":{"rendered":"<div id=\"chunk-7g918\">\n<div class=\"mc-column content-text active-extra-styles\" data-block-type=\"unstyled\" data-block-weight=\"34\" data-block-id=\"3\">\n<p class=\"content-text__container\" style=\"text-align: justify;\" data-track-category=\"Link no Texto\" data-track-links=\"\" data-mrf-recirculation=\"Article links\"><strong>O Produto Interno Bruto (PIB) do Brasil cresceu 1,4% no 2\u00ba trimestre de 2024<\/strong>, na compara\u00e7\u00e3o com os tr\u00eas meses imediatamente anteriores, informou o Instituto Brasileiro de Geografia e Estat\u00edstica (IBGE) nesta ter\u00e7a-feira (3).<\/p>\n<\/div>\n<\/div>\n<div class=\"wall protected-content\">\n<div id=\"chunk-9k459\" style=\"text-align: justify;\">\n<div class=\"mc-column content-text active-extra-styles\" data-block-type=\"unstyled\" data-block-weight=\"35\" data-block-id=\"4\">\n<p class=\"content-text__container\" data-track-category=\"Link no Texto\" data-track-links=\"\" data-mrf-recirculation=\"Article links\">Este \u00e9 o 12\u00ba resultado positivo consecutivo do indicador em bases trimestrais. O saldo vem depois de&nbsp;a atividade econ\u00f4mica brasileira crescer 1% no 1\u00ba trimestre.&nbsp;<strong>O resultado anterior, de 0,8%, foi revisado pelo IBGE.<\/strong><\/p>\n<\/div>\n<\/div>\n<div id=\"chunk-d0hno\" style=\"text-align: justify;\">\n<div class=\"mc-column content-text active-extra-styles\" data-block-type=\"unstyled\" data-block-weight=\"23\" data-block-id=\"5\">\n<p class=\"content-text__container\" data-track-category=\"Link no Texto\" data-track-links=\"\" data-mrf-recirculation=\"Article links\">Neste 2\u00ba trimestre, a&nbsp;<strong>Ind\u00fastria&nbsp;<\/strong>(1,8%) e o setor de&nbsp;<strong>Servi\u00e7os&nbsp;<\/strong>(1%) tiveram altas importantes e compensaram a queda de 2,3% da&nbsp;<strong>Agropecu\u00e1ria<\/strong>.<\/p>\n<\/div>\n<\/div>\n<div id=\"chunk-6f7o0\">\n<div class=\"mc-column content-text active-extra-styles\" data-block-type=\"unstyled\" data-block-weight=\"37\" data-block-id=\"6\">\n<p class=\"content-text__container\" style=\"text-align: justify;\" data-track-category=\"Link no Texto\" data-track-links=\"\" data-mrf-recirculation=\"Article links\">Pelo lado da demanda, todos os itens cresceram. O&nbsp;<strong>Consumo das fam\u00edlias<\/strong>&nbsp;e o&nbsp;<strong>Consumo do governo<\/strong>&nbsp;subiram 1,3%, enquanto os&nbsp;<strong>Investimentos&nbsp;<\/strong>voltaram a reagir depois de um 2023 muito ruim, com alta de 2,1% neste trimestre.<\/p>\n<div id=\"chunk-esrrq\" style=\"text-align: justify;\">\n<div class=\"mc-column content-text active-extra-styles\" data-block-type=\"unstyled\" data-block-weight=\"33\" data-block-id=\"9\">\n<p class=\"content-text__container\" data-track-category=\"Link no Texto\" data-track-links=\"\" data-mrf-recirculation=\"Article links\">Em valores correntes,&nbsp;<strong><span class=\"highlight highlighted\">o PIB totalizou R$ 2,9 trilh\u00f5es.<\/span><\/strong>&nbsp;Foram R$ 2,5 trilh\u00f5es vindos de Valor Adicionado (VA) a pre\u00e7os b\u00e1sicos, e outros R$ 387,6 bilh\u00f5es de Impostos sobre Produtos l\u00edquidos de Subs\u00eddios.<\/p>\n<\/div>\n<\/div>\n<div id=\"chunk-74ru0\" style=\"text-align: justify;\">\n<div class=\"mc-column content-text active-extra-styles\" data-block-type=\"unstyled\" data-block-weight=\"28\" data-block-id=\"10\">\n<p class=\"content-text__container\" data-track-category=\"Link no Texto\" data-track-links=\"\" data-mrf-recirculation=\"Article links\">Com os resultados,&nbsp;<strong><span class=\"highlight highlighted\">o PIB brasileiro teve alta de 3,3% em rela\u00e7\u00e3o ao mesmo trimestre de 2023.<\/span><\/strong> J\u00e1 a alta acumulada em quatro trimestres \u00e9 de 2,5%.<\/p>\n<\/div>\n<\/div>\n<div id=\"chunk-cmen5\" style=\"text-align: justify;\">\n<div class=\"mc-column content-text active-extra-styles\" data-block-type=\"raw\" data-block-weight=\"7\" data-block-id=\"11\">\n<div class=\"content-intertitle\">\n<h4>Principais destaques do PIB no 2\u00ba trimestre:<\/h4>\n<\/div>\n<\/div>\n<\/div>\n<div id=\"chunk-dambo\">\n<div class=\"mc-column content-text active-extra-styles\" data-block-type=\"raw\" data-block-weight=\"20\" data-block-id=\"12\">\n<ul class=\"content-unordered-list\" data-mrf-recirculation=\"Recomendado\">\n<li style=\"text-align: justify;\">Servi\u00e7os: 1,0%<\/li>\n<li style=\"text-align: justify;\">Ind\u00fastria: 1,8%<\/li>\n<li style=\"text-align: justify;\">Agropecu\u00e1ria: -2,3%<\/li>\n<li style=\"text-align: justify;\">Consumo das fam\u00edlias: 1,3%<\/li>\n<li style=\"text-align: justify;\">Consumo do governo: 1,3%<\/li>\n<li style=\"text-align: justify;\">Investimentos: 2,1%<\/li>\n<li style=\"text-align: justify;\">Exporta\u00e7\u00f5es: 1,4%<\/li>\n<li style=\"text-align: justify;\">Importa\u00e7\u00e3o: 7,6%<\/li>\n<\/ul>\n<p><em>Fonte: g1<\/em><\/p>\n<p><em>Foto: Vagner Vilas\/Estad\u00e3o<a href=\"https:\/\/www2.comunitaria.com.br\/en\/pib-do-brasil-cresce-14-no-2-trimestre-de-2024-diz-ibge\/onz20221126019\/\" rel=\"attachment wp-att-64477\"><img loading=\"lazy\" decoding=\"async\" class=\"aligncenter size-full wp-image-64477\" src=\"http:\/\/www2.comunitaria.com.br\/wp-content\/uploads\/2024\/09\/onz20221126019.avif\" alt=\"\" width=\"1008\" height=\"672\"><\/a><\/em><\/p>\n<\/div>\n<\/div>\n<\/div>\n<\/div>\n<\/div>","protected":false},"excerpt":{"rendered":"<p>O Produto Interno Bruto (PIB) do Brasil cresceu 1,4% no 2\u00ba trimestre de 2024, na compara\u00e7\u00e3o com os tr\u00eas meses imediatamente anteriores, informou o Instituto Brasileiro de Geografia e Estat\u00edstica (IBGE) nesta ter\u00e7a-feira (3). Este \u00e9 o 12\u00ba resultado positivo consecutivo do indicador em bases trimestrais. O saldo vem depois de&nbsp;a atividade econ\u00f4mica brasileira crescer<\/p>\n<div class=\"read-more-wrapper\"><a class=\"read-more\" href=\"https:\/\/www2.comunitaria.com.br\/en\/pib-do-brasil-cresce-14-no-2-trimestre-de-2024-diz-ibge\/\" title=\"Read More\"> <span class=\"button\">Read More<\/span><\/a><\/div>","protected":false},"author":2,"featured_media":64477,"comment_status":"closed","ping_status":"closed","sticky":false,"template":"","format":"standard","meta":{"ngg_post_thumbnail":0,"footnotes":""},"categories":[46,42,28,33],"tags":[384,321],"class_list":["post-64476","post","type-post","status-publish","format-standard","has-post-thumbnail","hentry","category-estado","category-fred-west","category-destaque","category-noticias","tag-economia-2","tag-pib"],"amp_enabled":true,"_links":{"self":[{"href":"https:\/\/www2.comunitaria.com.br\/en\/wp-json\/wp\/v2\/posts\/64476","targetHints":{"allow":["GET"]}}],"collection":[{"href":"https:\/\/www2.comunitaria.com.br\/en\/wp-json\/wp\/v2\/posts"}],"about":[{"href":"https:\/\/www2.comunitaria.com.br\/en\/wp-json\/wp\/v2\/types\/post"}],"author":[{"embeddable":true,"href":"https:\/\/www2.comunitaria.com.br\/en\/wp-json\/wp\/v2\/users\/2"}],"replies":[{"embeddable":true,"href":"https:\/\/www2.comunitaria.com.br\/en\/wp-json\/wp\/v2\/comments?post=64476"}],"version-history":[{"count":0,"href":"https:\/\/www2.comunitaria.com.br\/en\/wp-json\/wp\/v2\/posts\/64476\/revisions"}],"wp:featuredmedia":[{"embeddable":true,"href":"https:\/\/www2.comunitaria.com.br\/en\/wp-json\/wp\/v2\/media\/64477"}],"wp:attachment":[{"href":"https:\/\/www2.comunitaria.com.br\/en\/wp-json\/wp\/v2\/media?parent=64476"}],"wp:term":[{"taxonomy":"category","embeddable":true,"href":"https:\/\/www2.comunitaria.com.br\/en\/wp-json\/wp\/v2\/categories?post=64476"},{"taxonomy":"post_tag","embeddable":true,"href":"https:\/\/www2.comunitaria.com.br\/en\/wp-json\/wp\/v2\/tags?post=64476"}],"curies":[{"name":"wp","href":"https:\/\/api.w.org\/{rel}","templated":true}]}}