{"id":6442,"date":"2015-08-13T16:59:42","date_gmt":"2015-08-13T18:59:42","guid":{"rendered":"http:\/\/www2.comunitaria.com.br\/?p=6442"},"modified":"2015-08-13T17:10:02","modified_gmt":"2015-08-13T19:10:02","slug":"reus-do-caso-bernardo-vao-a-juri-popular","status":"publish","type":"post","link":"https:\/\/www2.comunitaria.com.br\/en\/reus-do-caso-bernardo-vao-a-juri-popular\/","title":{"rendered":"R\u00e9us do caso Bernardo v\u00e3o a j\u00fari popular"},"content":{"rendered":"<p><em>Leandro Boldrini, Graciele Ugulini, Edelv\u00e2nia Wirganovicz e Evandro Wirganovicz v\u00e3o ser julgados por homic\u00eddio<\/em><\/p>\n<p style=\"text-align: justify;\">Acusados de matar e ocultar o corpo do menino Bernardo Boldrini, os r\u00e9us Leandro Boldrini (pai da v\u00edtima), Graciele Ugulini (madrasta) e os irm\u00e3os Edelv\u00e2nia Wirganovicz e Evandro Wirganovicz v\u00e3o ser julgados por j\u00fari popular. A decis\u00e3o, divulgada\u00a0na manh\u00e3 desta quinta-feira, 13, \u00e9 do\u00a0juiz Marcos Lu\u00eds Agostini.<\/p>\n<p>Na senten\u00e7a, de 137 p\u00e1ginas, o magistrado considera que h\u00e1 prova da materialidade e ind\u00edcios suficientes de autoria em rela\u00e7\u00e3o aos quatro r\u00e9us. Assim, eles ser\u00e3o julgados pelo Conselho de Senten\u00e7a do Tribunal do J\u00fari, onde os jurados decidir\u00e3o se s\u00e3o culpados ou inocentes dos crimes de homic\u00eddio quadruplamente qualificado (Leandro e Graciele), triplamente qualificado (Edelv\u00e2nia) e duplamente qualificado (Evandro), oculta\u00e7\u00e3o de cad\u00e1ver e falsidade ideol\u00f3gica (neste caso, s\u00f3 Leandro Boldrini), conforme a den\u00fancia do Minist\u00e9rio P\u00fablico.\u00a0Ainda n\u00e3o h\u00e1 data para o julgamento.<\/p>\n<p style=\"text-align: justify;\"><strong>O caso Bernardo<\/strong><\/p>\n<p style=\"text-align: justify;\">Bernardo Uglioni Boldrini, de 11 anos, desapareceu em 4 de abril de 2014, em Tr\u00eas Passos. Seu corpo foi encontrado\u00a0dez dias depois, em Frederico Westphalen, dentro de um saco pl\u00e1stico e enterrado \u00e0s margens de um rio. Edelv\u00e2nia Wirganovicz, amiga da madrasta Graciele Ugulini, admitiu o crime e apontou o local onde a crian\u00e7a foi enterrada.<\/p>\n<p style=\"text-align: justify;\">Foi identificada, pela per\u00edcia, presen\u00e7a do medicamento Midazolam (sedativo) no est\u00f4mago, rins e f\u00edgado da v\u00edtima. Diante da prova produzida nos autos e os fundamentos apontados na presente decis\u00e3o, n\u00e3o se pode afastar, de plano, a inten\u00e7\u00e3o de matar, considera o juiz.<\/p>\n<p style=\"text-align: justify;\"><strong>Zero Hora<\/strong><\/p>","protected":false},"excerpt":{"rendered":"<p>Leandro Boldrini, Graciele Ugulini, Edelv\u00e2nia Wirganovicz e Evandro Wirganovicz v\u00e3o ser julgados por homic\u00eddio Acusados de matar e ocultar o corpo do menino Bernardo Boldrini, os r\u00e9us Leandro Boldrini (pai da v\u00edtima), Graciele Ugulini (madrasta) e os irm\u00e3os Edelv\u00e2nia Wirganovicz e Evandro Wirganovicz v\u00e3o ser julgados por j\u00fari popular. A decis\u00e3o, divulgada\u00a0na manh\u00e3 desta quinta-feira,<\/p>\n<div class=\"read-more-wrapper\"><a class=\"read-more\" href=\"https:\/\/www2.comunitaria.com.br\/en\/reus-do-caso-bernardo-vao-a-juri-popular\/\" title=\"Read More\"> <span class=\"button\">Read More<\/span><\/a><\/div>","protected":false},"author":2,"featured_media":6443,"comment_status":"open","ping_status":"closed","sticky":false,"template":"","format":"standard","meta":{"ngg_post_thumbnail":0,"footnotes":""},"categories":[42,33,36,43],"tags":[837,223,1487,177],"class_list":["post-6442","post","type-post","status-publish","format-standard","has-post-thumbnail","hentry","category-fred-west","category-noticias","category-policia","category-regiao","tag-caso-bernardo","tag-julgamento","tag-juri-popular","tag-policia-2"],"amp_enabled":true,"_links":{"self":[{"href":"https:\/\/www2.comunitaria.com.br\/en\/wp-json\/wp\/v2\/posts\/6442","targetHints":{"allow":["GET"]}}],"collection":[{"href":"https:\/\/www2.comunitaria.com.br\/en\/wp-json\/wp\/v2\/posts"}],"about":[{"href":"https:\/\/www2.comunitaria.com.br\/en\/wp-json\/wp\/v2\/types\/post"}],"author":[{"embeddable":true,"href":"https:\/\/www2.comunitaria.com.br\/en\/wp-json\/wp\/v2\/users\/2"}],"replies":[{"embeddable":true,"href":"https:\/\/www2.comunitaria.com.br\/en\/wp-json\/wp\/v2\/comments?post=6442"}],"version-history":[{"count":0,"href":"https:\/\/www2.comunitaria.com.br\/en\/wp-json\/wp\/v2\/posts\/6442\/revisions"}],"wp:featuredmedia":[{"embeddable":true,"href":"https:\/\/www2.comunitaria.com.br\/en\/wp-json\/wp\/v2\/media\/6443"}],"wp:attachment":[{"href":"https:\/\/www2.comunitaria.com.br\/en\/wp-json\/wp\/v2\/media?parent=6442"}],"wp:term":[{"taxonomy":"category","embeddable":true,"href":"https:\/\/www2.comunitaria.com.br\/en\/wp-json\/wp\/v2\/categories?post=6442"},{"taxonomy":"post_tag","embeddable":true,"href":"https:\/\/www2.comunitaria.com.br\/en\/wp-json\/wp\/v2\/tags?post=6442"}],"curies":[{"name":"wp","href":"https:\/\/api.w.org\/{rel}","templated":true}]}}