{"id":64347,"date":"2024-08-28T17:18:07","date_gmt":"2024-08-28T19:18:07","guid":{"rendered":"https:\/\/www2.comunitaria.com.br\/?p=64347"},"modified":"2024-08-28T17:18:07","modified_gmt":"2024-08-28T19:18:07","slug":"seis-homens-sao-presos-ao-tentar-arremessar-picanha-frango-e-celulares-para-dentro-de-presidio-no-rs-diz-bm","status":"publish","type":"post","link":"https:\/\/www2.comunitaria.com.br\/en\/seis-homens-sao-presos-ao-tentar-arremessar-picanha-frango-e-celulares-para-dentro-de-presidio-no-rs-diz-bm\/","title":{"rendered":"Seis homens s\u00e3o presos ao tentar arremessar picanha, frango e celulares para dentro de pres\u00eddio no RS, diz BM"},"content":{"rendered":"<div id=\"chunk-cfr2k\">\n<div class=\"mc-column content-text active-extra-styles\" data-block-type=\"unstyled\" data-block-weight=\"34\" data-block-id=\"3\">\n<p class=\"content-text__container\" style=\"text-align: justify;\" data-track-category=\"Link no Texto\" data-track-links=\"\" data-mrf-recirculation=\"Article links\">Seis homens foram presos ao tentar arremessar <strong>picanha<\/strong>,&nbsp;<strong>frango&nbsp;<\/strong>e&nbsp;<strong>celulares&nbsp;<\/strong>para dentro do Pres\u00eddio Regional de&nbsp;Passo Fundo, no Norte do Rio Grande do Sul. O caso ocorreu na noite de segunda-feira (26).<\/p>\n<\/div>\n<\/div>\n<div class=\"wall protected-content\">\n<div id=\"chunk-bvo2n\" style=\"text-align: justify;\">\n<div class=\"mc-column content-text active-extra-styles\" data-block-type=\"unstyled\" data-block-weight=\"23\" data-block-id=\"5\">\n<p class=\"content-text__container\" data-track-category=\"Link no Texto\" data-track-links=\"\" data-mrf-recirculation=\"Article links\">O&nbsp;g1&nbsp;entrou em contato com a Superintend\u00eancia dos Servi\u00e7os Penitenci\u00e1rios (Susepe), que n\u00e3o se manifestou at\u00e9 a atualiza\u00e7\u00e3o mais recente desta reportagem.<\/p>\n<\/div>\n<\/div>\n<div id=\"chunk-3ice5\" style=\"text-align: justify;\">\n<div class=\"mc-column content-text active-extra-styles\" data-block-type=\"unstyled\" data-block-weight=\"35\" data-block-id=\"6\">\n<p class=\"content-text__container\" data-track-category=\"Link no Texto\" data-track-links=\"\" data-mrf-recirculation=\"Article links\">De acordo com a Brigada Militar (BM),&nbsp;<strong>quatro suspeitos<\/strong>&nbsp;foram abordados por uma guarni\u00e7\u00e3o durante patrulhamento de rotina na regi\u00e3o. Durante a revista pessoal, foram encontrados os produtos embalados.&nbsp;<span class=\"highlight highlighted\">Dois celulares estavam enrolados em cobertores.<\/span><\/p>\n<\/div>\n<\/div>\n<div id=\"chunk-2oj5m\" style=\"text-align: justify;\">\n<div class=\"mc-column content-text active-extra-styles\" data-block-type=\"unstyled\" data-block-weight=\"30\" data-block-id=\"8\">\n<p class=\"content-text__container\" data-track-category=\"Link no Texto\" data-track-links=\"\" data-mrf-recirculation=\"Article links\">Durante o deslocamento dos policiais militares,&nbsp;<strong>outros dois homens<\/strong>&nbsp;foram vistos em uma rua localizada na lateral do pres\u00eddio. Segundo a BM, eles carregavam sacolas semelhantes e tamb\u00e9m foram presos.<\/p>\n<\/div>\n<\/div>\n<div id=\"chunk-c46oe\">\n<div class=\"mc-column content-text active-extra-styles\" data-block-type=\"unstyled\" data-block-weight=\"23\" data-block-id=\"9\">\n<p class=\"content-text__container\" style=\"text-align: justify;\" data-track-category=\"Link no Texto\" data-track-links=\"\" data-mrf-recirculation=\"Article links\">Todo o material foi apreendido. Os seis homens foram encaminhados at\u00e9 a Delegacia de Pol\u00edcia de Pronto Atendimento (DPPA) para registro da ocorr\u00eancia.<\/p>\n<p style=\"text-align: justify;\" data-track-category=\"Link no Texto\" data-track-links=\"\" data-mrf-recirculation=\"Article links\"><em>Fonte: g1 RS<\/em><\/p>\n<p style=\"text-align: justify;\" data-track-category=\"Link no Texto\" data-track-links=\"\" data-mrf-recirculation=\"Article links\"><em>Foto: Divulga\u00e7\u00e3o\/BM<a href=\"https:\/\/www2.comunitaria.com.br\/en\/seis-homens-sao-presos-ao-tentar-arremessar-picanha-frango-e-celulares-para-dentro-de-presidio-no-rs-diz-bm\/whatsapp-image-2024-08-27-at-10-53-21\/\" rel=\"attachment wp-att-64348\"><img loading=\"lazy\" decoding=\"async\" class=\"aligncenter size-full wp-image-64348\" src=\"http:\/\/www2.comunitaria.com.br\/wp-content\/uploads\/2024\/08\/whatsapp-image-2024-08-27-at-10.53.21.avif\" alt=\"\" width=\"640\" height=\"480\"><\/a><\/em><\/p>\n<\/div>\n<\/div>\n<\/div>","protected":false},"excerpt":{"rendered":"<p>Seis homens foram presos ao tentar arremessar picanha,&nbsp;frango&nbsp;e&nbsp;celulares&nbsp;para dentro do Pres\u00eddio Regional de&nbsp;Passo Fundo, no Norte do Rio Grande do Sul. O caso ocorreu na noite de segunda-feira (26). O&nbsp;g1&nbsp;entrou&#8230;<\/p>","protected":false},"author":2,"featured_media":64348,"comment_status":"closed","ping_status":"closed","sticky":false,"template":"","format":"standard","meta":{"ngg_post_thumbnail":0,"footnotes":""},"categories":[46,33,43],"tags":[911,469],"class_list":["post-64347","post","type-post","status-publish","format-standard","has-post-thumbnail","hentry","category-estado","category-noticias","category-regiao","tag-brigada-militar","tag-passo-fundo"],"amp_enabled":true,"_links":{"self":[{"href":"https:\/\/www2.comunitaria.com.br\/en\/wp-json\/wp\/v2\/posts\/64347","targetHints":{"allow":["GET"]}}],"collection":[{"href":"https:\/\/www2.comunitaria.com.br\/en\/wp-json\/wp\/v2\/posts"}],"about":[{"href":"https:\/\/www2.comunitaria.com.br\/en\/wp-json\/wp\/v2\/types\/post"}],"author":[{"embeddable":true,"href":"https:\/\/www2.comunitaria.com.br\/en\/wp-json\/wp\/v2\/users\/2"}],"replies":[{"embeddable":true,"href":"https:\/\/www2.comunitaria.com.br\/en\/wp-json\/wp\/v2\/comments?post=64347"}],"version-history":[{"count":0,"href":"https:\/\/www2.comunitaria.com.br\/en\/wp-json\/wp\/v2\/posts\/64347\/revisions"}],"wp:featuredmedia":[{"embeddable":true,"href":"https:\/\/www2.comunitaria.com.br\/en\/wp-json\/wp\/v2\/media\/64348"}],"wp:attachment":[{"href":"https:\/\/www2.comunitaria.com.br\/en\/wp-json\/wp\/v2\/media?parent=64347"}],"wp:term":[{"taxonomy":"category","embeddable":true,"href":"https:\/\/www2.comunitaria.com.br\/en\/wp-json\/wp\/v2\/categories?post=64347"},{"taxonomy":"post_tag","embeddable":true,"href":"https:\/\/www2.comunitaria.com.br\/en\/wp-json\/wp\/v2\/tags?post=64347"}],"curies":[{"name":"wp","href":"https:\/\/api.w.org\/{rel}","templated":true}]}}