{"id":64317,"date":"2024-08-28T16:17:04","date_gmt":"2024-08-28T18:17:04","guid":{"rendered":"https:\/\/www2.comunitaria.com.br\/?p=64317"},"modified":"2024-08-28T16:17:49","modified_gmt":"2024-08-28T18:17:49","slug":"sicredi-ja-liberou-mais-de-r-5-bilhoes-no-primeiro-mes-do-plano-safra-2024-2025-no-brasil","status":"publish","type":"post","link":"https:\/\/www2.comunitaria.com.br\/en\/sicredi-ja-liberou-mais-de-r-5-bilhoes-no-primeiro-mes-do-plano-safra-2024-2025-no-brasil\/","title":{"rendered":"Sicredi j\u00e1 liberou mais de R$ 5 bilh\u00f5es no primeiro m\u00eas do Plano Safra 2024-2025 no Brasil"},"content":{"rendered":"<p style=\"text-align: justify;\">O Sicredi encerrou o primeiro m\u00eas do novo ciclo do Plano Safra com 26 mil opera\u00e7\u00f5es realizadas em todo o pa\u00eds. Somente o Rio Grande do Sul representa mais de 60% desse total com mais de 16 mil contrata\u00e7\u00f5es. Em volume, a primeira institui\u00e7\u00e3o financeira cooperativa do Brasil liberou mais de R$ 5 bilh\u00f5es de reais em julho, dos quais R$ 2,7 bilh\u00f5es para o estado ga\u00facho. Em compara\u00e7\u00e3o com o Plano Safra 23\/24, o Rio Grande do Sul, no mesmo per\u00edodo, contabilizou R$ 2,1 bilh\u00f5es. No que diz respeito \u00e0 finalidade, os maiores valores foram liberados para custeio, C\u00e9dulas de Produtor Rural (CPR) e investimentos, tanto no Brasil como no Rio Grande do Sul. Com rela\u00e7\u00e3o ao Programa Nacional de Fortalecimento da Agricultura Familiar (Pronaf), o Sicredi financiou, no primeiro m\u00eas do Plano Safra 2024\/2025, pr\u00f3ximo a R$ 1 bilh\u00e3o no pa\u00eds.<\/p>\n<p style=\"text-align: justify;\">\u201cO Sicredi \u00e9 uma das institui\u00e7\u00f5es que mais fomentam o agroneg\u00f3cio no pa\u00eds, e os n\u00fameros do Plano Safra mostram nosso protagonismo no desenvolvimento do setor no Brasil e no Rio Grande do Sul. Al\u00e9m disso, a presen\u00e7a em mais de 2.000 munic\u00edpios brasileiros e 483 cidades ga\u00fachas refor\u00e7a o interesse em estar pr\u00f3ximo dos associados para garantir o fomento ao crescimento econ\u00f4mico local e regional. Somente no RS, a carteira de cr\u00e9dito rural contabiliza quase R$ 30 bilh\u00f5es\u201d, explica o presidente da Central Sicredi Sul\/Sudeste, M\u00e1rcio Port.<\/p>\n<p style=\"text-align: justify;\">No total, o Sicredi disponibilizar\u00e1 R$ 66,5 bilh\u00f5es aos produtores rurais no ciclo atual do Plano Safra. O valor representa um aumento de 17% em rela\u00e7\u00e3o ao concedido no ano-safra anterior, e a previs\u00e3o \u00e9 de libera\u00e7\u00e3o em mais de 350 mil opera\u00e7\u00f5es atendendo, majoritariamente, pequenos e m\u00e9dios produtores. Do volume dispon\u00edvel, a estimativa do Sicredi \u00e9 liberar R$ 30,6 bilh\u00f5es para opera\u00e7\u00f5es de custeio, R$ 14,1 bilh\u00f5es para investimentos e R$ 1,3 bilh\u00e3o para comercializa\u00e7\u00e3o e industrializa\u00e7\u00e3o. A institui\u00e7\u00e3o financeira tamb\u00e9m prev\u00ea expans\u00e3o significativa de 17% na concess\u00e3o de cr\u00e9ditos por meio de CPR, alcan\u00e7ando R$ 20,5 bilh\u00f5es \u00e0 disposi\u00e7\u00e3o dos produtores. Para a agricultura familiar, o Sicredi vai oferecer R$ 13,6 bilh\u00f5es e, para os produtores de m\u00e9dio porte, outros R$ 15,6 bilh\u00f5es. Cerca de 90% do total de opera\u00e7\u00f5es do Sicredi previsto para este ano-safra ser\u00e1 destinado a pequenos e m\u00e9dios produtores.<\/p>\n<p style=\"text-align: justify;\"><em><strong>Sobre o Sicredi<\/strong><\/em><br \/>\n<em>O Sicredi \u00e9 uma institui\u00e7\u00e3o financeira cooperativa comprometida com o crescimento de seus associados e com o <\/em><em>desenvolvimento das regi\u00f5es onde atua. Possui um modelo de gest\u00e3o que valoriza a participa\u00e7\u00e3o dos mais de 8 milh\u00f5es <\/em><em>de associados. Com mais de 2.700 ag\u00eancias, o Sicredi est\u00e1 presente fisicamente em todos os estados brasileiros e no<\/em><br \/>\n<em>Distrito Federal, disponibilizando uma gama completa de solu\u00e7\u00f5es financeiras e n\u00e3o financeiras. No Rio Grande do Sul, o <\/em><em>Sicredi re\u00fane mais de 2,6 milh\u00f5es de associados. A cobertura no RS alcan\u00e7a 97% dos munic\u00edpios, totalizando 680 pontos <\/em><em>de atendimento.<\/em><\/p>\n<p><em>Fonte: Sicredi<a href=\"https:\/\/www2.comunitaria.com.br\/en\/sicredi-ja-liberou-mais-de-r-5-bilhoes-no-primeiro-mes-do-plano-safra-2024-2025-no-brasil\/imagem-do-whatsapp-de-2024-08-28-as-15-14-27_b6da5e78\/\" rel=\"attachment wp-att-64318\"><img loading=\"lazy\" decoding=\"async\" class=\"aligncenter size-large wp-image-64318\" src=\"http:\/\/www2.comunitaria.com.br\/wp-content\/uploads\/2024\/08\/Imagem-do-WhatsApp-de-2024-08-28-as-15.14.27_b6da5e78-1024x682.jpg\" alt=\"\" width=\"1024\" height=\"682\" srcset=\"https:\/\/www2.comunitaria.com.br\/wp-content\/uploads\/2024\/08\/Imagem-do-WhatsApp-de-2024-08-28-as-15.14.27_b6da5e78-1024x682.jpg 1024w, https:\/\/www2.comunitaria.com.br\/wp-content\/uploads\/2024\/08\/Imagem-do-WhatsApp-de-2024-08-28-as-15.14.27_b6da5e78-300x200.jpg 300w, https:\/\/www2.comunitaria.com.br\/wp-content\/uploads\/2024\/08\/Imagem-do-WhatsApp-de-2024-08-28-as-15.14.27_b6da5e78-768x512.jpg 768w, https:\/\/www2.comunitaria.com.br\/wp-content\/uploads\/2024\/08\/Imagem-do-WhatsApp-de-2024-08-28-as-15.14.27_b6da5e78-1200x800.jpg 1200w, https:\/\/www2.comunitaria.com.br\/wp-content\/uploads\/2024\/08\/Imagem-do-WhatsApp-de-2024-08-28-as-15.14.27_b6da5e78.jpg 1280w\" sizes=\"auto, (max-width: 1024px) 100vw, 1024px\" \/><\/a><\/em><\/p>","protected":false},"excerpt":{"rendered":"<p>O Sicredi encerrou o primeiro m\u00eas do novo ciclo do Plano Safra com 26 mil opera\u00e7\u00f5es realizadas em todo o pa\u00eds. Somente o Rio Grande do Sul representa mais de&#8230;<\/p>","protected":false},"author":2,"featured_media":64318,"comment_status":"closed","ping_status":"closed","sticky":false,"template":"","format":"standard","meta":{"ngg_post_thumbnail":0,"footnotes":""},"categories":[47,46,42,33,43],"tags":[1008,218],"class_list":["post-64317","post","type-post","status-publish","format-standard","has-post-thumbnail","hentry","category-brasil","category-estado","category-fred-west","category-noticias","category-regiao","tag-plano-safra","tag-sicredi"],"amp_enabled":true,"_links":{"self":[{"href":"https:\/\/www2.comunitaria.com.br\/en\/wp-json\/wp\/v2\/posts\/64317","targetHints":{"allow":["GET"]}}],"collection":[{"href":"https:\/\/www2.comunitaria.com.br\/en\/wp-json\/wp\/v2\/posts"}],"about":[{"href":"https:\/\/www2.comunitaria.com.br\/en\/wp-json\/wp\/v2\/types\/post"}],"author":[{"embeddable":true,"href":"https:\/\/www2.comunitaria.com.br\/en\/wp-json\/wp\/v2\/users\/2"}],"replies":[{"embeddable":true,"href":"https:\/\/www2.comunitaria.com.br\/en\/wp-json\/wp\/v2\/comments?post=64317"}],"version-history":[{"count":0,"href":"https:\/\/www2.comunitaria.com.br\/en\/wp-json\/wp\/v2\/posts\/64317\/revisions"}],"wp:featuredmedia":[{"embeddable":true,"href":"https:\/\/www2.comunitaria.com.br\/en\/wp-json\/wp\/v2\/media\/64318"}],"wp:attachment":[{"href":"https:\/\/www2.comunitaria.com.br\/en\/wp-json\/wp\/v2\/media?parent=64317"}],"wp:term":[{"taxonomy":"category","embeddable":true,"href":"https:\/\/www2.comunitaria.com.br\/en\/wp-json\/wp\/v2\/categories?post=64317"},{"taxonomy":"post_tag","embeddable":true,"href":"https:\/\/www2.comunitaria.com.br\/en\/wp-json\/wp\/v2\/tags?post=64317"}],"curies":[{"name":"wp","href":"https:\/\/api.w.org\/{rel}","templated":true}]}}