{"id":64254,"date":"2024-08-26T10:04:15","date_gmt":"2024-08-26T12:04:15","guid":{"rendered":"https:\/\/www2.comunitaria.com.br\/?p=64254"},"modified":"2024-08-26T10:04:16","modified_gmt":"2024-08-26T12:04:16","slug":"incendio-atinge-fabrica-de-chocolates-em-flores-da-cunha","status":"publish","type":"post","link":"https:\/\/www2.comunitaria.com.br\/en\/incendio-atinge-fabrica-de-chocolates-em-flores-da-cunha\/","title":{"rendered":"Inc\u00eandio atinge f\u00e1brica de chocolates em Flores da Cunha"},"content":{"rendered":"<div id=\"chunk-d79be\">\n<div class=\"mc-column content-text active-extra-styles\" data-block-type=\"unstyled\" data-block-weight=\"27\" data-block-id=\"3\">\n<p class=\"content-text__container\" style=\"text-align: justify;\" data-track-category=\"Link no Texto\" data-track-links=\"\" data-mrf-recirculation=\"Article links\">Um inc\u00eandio de grandes propor\u00e7\u00f5es atingiu a f\u00e1brica de chocolates da Tradi\u00e7\u00e3o Gourmet Chocolates no munic\u00edpio de&nbsp;Flores da Cunha, serra ga\u00facha, na manh\u00e3 deste domingo (25).<\/p>\n<\/div>\n<\/div>\n<div class=\"wall protected-content\">\n<div id=\"chunk-3u8hj\" style=\"text-align: justify;\">\n<div class=\"mc-column content-text active-extra-styles\" data-block-type=\"unstyled\" data-block-weight=\"13\" data-block-id=\"5\">\n<p class=\"content-text__container\" data-track-category=\"Link no Texto\" data-track-links=\"\" data-mrf-recirculation=\"Article links\">Equipes de bombeiros de&nbsp;Caxias do Sul&nbsp;foram mobilizadas para&nbsp;<strong>combater o fogo<\/strong>.<\/p>\n<\/div>\n<\/div>\n<div id=\"chunk-bceli\" style=\"text-align: justify;\">\n<div class=\"mc-column content-text active-extra-styles\" data-block-type=\"unstyled\" data-block-weight=\"18\" data-block-id=\"6\">\n<p class=\"content-text__container\" data-track-category=\"Link no Texto\" data-track-links=\"\" data-mrf-recirculation=\"Article links\">A fase de rescaldo come\u00e7ou por volta das 17h30. Pelo menos&nbsp;<strong>cem mil litros de \u00e1gua foram utilizados<\/strong>.<\/p>\n<\/div>\n<\/div>\n<div id=\"chunk-5mftt\">\n<div class=\"mc-column content-text active-extra-styles\" data-block-type=\"unstyled\" data-block-weight=\"26\" data-block-id=\"7\">\n<p class=\"content-text__container\" style=\"text-align: justify;\" data-track-category=\"Link no Texto\" data-track-links=\"\" data-mrf-recirculation=\"Article links\">A \u00e1rea ao redor da f\u00e1brica est\u00e1 isolada, e, at\u00e9 a publica\u00e7\u00e3o desta mat\u00e9ria,&nbsp;<strong>n\u00e3o havia informa\u00e7\u00f5es sobre feridos<\/strong>. A causa do inc\u00eandio tamb\u00e9m \u00e9 desconhecida.<\/p>\n<div id=\"chunk-6e0bj\" style=\"text-align: justify;\">\n<div class=\"mc-column content-text active-extra-styles\" data-block-type=\"raw\" data-block-weight=\"3\" data-block-id=\"10\">\n<div class=\"content-intertitle\">\n<h4>Nota da empresa<\/h4>\n<\/div>\n<\/div>\n<\/div>\n<div id=\"chunk-4r6pk\" style=\"text-align: justify;\">\n<div class=\"mc-column content-text active-extra-styles\" data-block-type=\"unstyled\" data-block-weight=\"40\" data-block-id=\"11\">\n<p class=\"content-text__container\" data-track-category=\"Link no Texto\" data-track-links=\"\" data-mrf-recirculation=\"Article links\"><em>A Tradi\u00e7\u00e3o Gourmet Chocolates confirma que um inc\u00eandio ocorreu em nossas instala\u00e7\u00f5es localizadas em S\u00e3o Gotardo, Flores da Cunha, na manh\u00e3 deste domingo, 25 de agosto. A equipe de emerg\u00eancia foi imediatamente acionada e est\u00e1 trabalhando para controlar a situa\u00e7\u00e3o.<\/em><\/p>\n<\/div>\n<\/div>\n<div id=\"chunk-4er5v\">\n<div class=\"mc-column content-text active-extra-styles\" data-block-type=\"unstyled\" data-block-weight=\"46\" data-block-id=\"12\">\n<p class=\"content-text__container\" style=\"text-align: justify;\" data-track-category=\"Link no Texto\" data-track-links=\"\" data-mrf-recirculation=\"Article links\"><em>N\u00e3o h\u00e1 feridos. O fogo est\u00e1 sendo controlado e estamos colaborando com as autoridades locais para investigar as causas do inc\u00eandio e determinar a extens\u00e3o do ocorrido. Agradecemos a compreens\u00e3o de todos e manteremos a imprensa atualizada com novas informa\u00e7\u00f5es \u00e0 medida que tivermos mais detalhes.<\/em><\/p>\n<p data-track-category=\"Link no Texto\" data-track-links=\"\" data-mrf-recirculation=\"Article links\"><em>Fonte: g1 RS<\/em><\/p>\n<p data-track-category=\"Link no Texto\" data-track-links=\"\" data-mrf-recirculation=\"Article links\"><em>Foto: Alana Fernandes\/Pioneiro<a href=\"https:\/\/www2.comunitaria.com.br\/en\/incendio-atinge-fabrica-de-chocolates-em-flores-da-cunha\/g1-5\/\" rel=\"attachment wp-att-64255\"><img loading=\"lazy\" decoding=\"async\" class=\"aligncenter size-full wp-image-64255\" src=\"http:\/\/www2.comunitaria.com.br\/wp-content\/uploads\/2024\/08\/g1-5-.avif\" alt=\"\" width=\"640\" height=\"360\"><\/a><\/em><\/p>\n<\/div>\n<\/div>\n<\/div>\n<\/div>\n<\/div>","protected":false},"excerpt":{"rendered":"<p>Um inc\u00eandio de grandes propor\u00e7\u00f5es atingiu a f\u00e1brica de chocolates da Tradi\u00e7\u00e3o Gourmet Chocolates no munic\u00edpio de&nbsp;Flores da Cunha, serra ga\u00facha, na manh\u00e3 deste domingo (25). Equipes de bombeiros de&nbsp;Caxias do Sul&nbsp;foram mobilizadas para&nbsp;combater o fogo. A fase de rescaldo come\u00e7ou por volta das 17h30. Pelo menos&nbsp;cem mil litros de \u00e1gua foram utilizados. A \u00e1rea<\/p>\n<div class=\"read-more-wrapper\"><a class=\"read-more\" href=\"https:\/\/www2.comunitaria.com.br\/en\/incendio-atinge-fabrica-de-chocolates-em-flores-da-cunha\/\" title=\"Read More\"> <span class=\"button\">Read More<\/span><\/a><\/div>","protected":false},"author":2,"featured_media":64255,"comment_status":"closed","ping_status":"closed","sticky":false,"template":"","format":"standard","meta":{"ngg_post_thumbnail":0,"footnotes":""},"categories":[46,33],"tags":[6588,641],"class_list":["post-64254","post","type-post","status-publish","format-standard","has-post-thumbnail","hentry","category-estado","category-noticias","tag-flores-da-cunha","tag-incendio"],"amp_enabled":true,"_links":{"self":[{"href":"https:\/\/www2.comunitaria.com.br\/en\/wp-json\/wp\/v2\/posts\/64254","targetHints":{"allow":["GET"]}}],"collection":[{"href":"https:\/\/www2.comunitaria.com.br\/en\/wp-json\/wp\/v2\/posts"}],"about":[{"href":"https:\/\/www2.comunitaria.com.br\/en\/wp-json\/wp\/v2\/types\/post"}],"author":[{"embeddable":true,"href":"https:\/\/www2.comunitaria.com.br\/en\/wp-json\/wp\/v2\/users\/2"}],"replies":[{"embeddable":true,"href":"https:\/\/www2.comunitaria.com.br\/en\/wp-json\/wp\/v2\/comments?post=64254"}],"version-history":[{"count":0,"href":"https:\/\/www2.comunitaria.com.br\/en\/wp-json\/wp\/v2\/posts\/64254\/revisions"}],"wp:featuredmedia":[{"embeddable":true,"href":"https:\/\/www2.comunitaria.com.br\/en\/wp-json\/wp\/v2\/media\/64255"}],"wp:attachment":[{"href":"https:\/\/www2.comunitaria.com.br\/en\/wp-json\/wp\/v2\/media?parent=64254"}],"wp:term":[{"taxonomy":"category","embeddable":true,"href":"https:\/\/www2.comunitaria.com.br\/en\/wp-json\/wp\/v2\/categories?post=64254"},{"taxonomy":"post_tag","embeddable":true,"href":"https:\/\/www2.comunitaria.com.br\/en\/wp-json\/wp\/v2\/tags?post=64254"}],"curies":[{"name":"wp","href":"https:\/\/api.w.org\/{rel}","templated":true}]}}