{"id":64225,"date":"2024-08-23T16:42:52","date_gmt":"2024-08-23T18:42:52","guid":{"rendered":"https:\/\/www2.comunitaria.com.br\/?p=64225"},"modified":"2024-08-23T16:42:52","modified_gmt":"2024-08-23T18:42:52","slug":"historias-de-superacao-e-inspiracao-marcam-abertura-da-semana-da-pessoa-com-deficiencia-2024","status":"publish","type":"post","link":"https:\/\/www2.comunitaria.com.br\/en\/historias-de-superacao-e-inspiracao-marcam-abertura-da-semana-da-pessoa-com-deficiencia-2024\/","title":{"rendered":"Hist\u00f3rias de supera\u00e7\u00e3o e inspira\u00e7\u00e3o marcam abertura da Semana da Pessoa com Defici\u00eancia 2024"},"content":{"rendered":"<p>Fazendo jus ao tema deste ano \u2013 \u201cNossa hist\u00f3ria: quem somos e o que fazemos\u201d \u2013, a<br \/>\nabertura da Semana da Pessoa com Defici\u00eancia Intelectual e M\u00faltipla 2024 foi marcada<br \/>\npor relatos emocionantes de PcD e familiares. O momento ocorreu na quarta-feira, 21<br \/>\nde agosto, em solenidade realizada no Plen\u00e1rio da C\u00e2mara de Vereadores.<\/p>\n<p>Inicialmente, o autodefensor da Apae, Jardel Portes, que integrou a mesa de autoridades<br \/>\nrepresentando as pessoas com defici\u00eancia, deu \u00e0s boas-vindas ao p\u00fablico e parabenizou<br \/>\ntodos os organizadores do evento. \u201cAgrade\u00e7o o empenho e dedica\u00e7\u00e3o de todos os<br \/>\nenvolvidos nesta programa\u00e7\u00e3o, para que nossa hist\u00f3ria seja vista e ouvida e nossos<br \/>\ndireitos garantidos. Espero que cada vez mais a sociedade se conscientize, respeite e<br \/>\nvalorize a trajet\u00f3ria e a hist\u00f3ria da pessoa com defici\u00eancia\u201d, destacou Portes.<\/p>\n<p>Na sequ\u00eancia, tamb\u00e9m realizaram suas manifesta\u00e7\u00f5es a diretora da Apae, Jussania<br \/>\nBasso Bordin, representando todas as entidades e institui\u00e7\u00f5es parceiras; o vereador Raul<br \/>\nPazuch da Silva, que falou em nome do Poder Legislativo e a secret\u00e1ria de Educa\u00e7\u00e3o e<br \/>\nCultura, Marisa F\u00e1tima Botton Piton, que representou o Executivo Municipal.<\/p>\n<p><strong>Hist\u00f3rias compartilhadas<\/strong><br \/>\nAp\u00f3s a fala das autoridades, a programa\u00e7\u00e3o abriu espa\u00e7o para pessoas com defici\u00eancia<br \/>\ncompartilharem suas hist\u00f3rias de vida. O primeiro relato foi do colaborador do Sicredi<br \/>\nConex\u00e3o, Luciano Ruaro, que possui defici\u00eancia auditiva. \u201cA minha vov\u00f3 me cuidou<br \/>\ndesde quando eu era pequeno at\u00e9 meus 15 anos, hoje eu trabalho direto. Eu tenho<br \/>\nmuitos amigos, eles me chamam para fazer churrasco, me fortalecem e me incentivam.<br \/>\nEu atualmente trabalho no Sicredi. Todos s\u00e3o meus amigos l\u00e1, pessoas muito queridas<br \/>\npara mim\u201d, comunicou Luciano, por meio de sinais traduzidos pela int\u00e9rprete de Libras<br \/>\ndo munic\u00edpio, Angela Padilha.<\/p>\n<p>A esposa de Luciano, Fernanda de Almeida Ruaro, tamb\u00e9m o acompanhou durante a<br \/>\nexposi\u00e7\u00e3o e complementou o relato do marido. Fernanda contou que Luciano foi criado<br \/>\npelos av\u00f3s, que ap\u00f3s descobrirem a defici\u00eancia do neto sempre o incentivaram a ter uma<br \/>\nvida normal, estudar e trabalhar. \u201cEle estudou numa classe especial na Escola Afonso<br \/>\nPena, onde sempre foi incentivado pelos professores, fam\u00edlia e amigos. Quando ficou<br \/>\nmais velho come\u00e7ou a trabalhar com os tios. Depois trabalhou por 14 anos na Marina<br \/>\nVe\u00edculos e h\u00e1 v\u00e1rios anos \u00e9 colaborador no Sicredi Conex\u00e3o. Ele \u00e9 muito trabalhador,<br \/>\nem casa tamb\u00e9m nos ajuda muito. Temos uma filha, a Amanda, que n\u00e3o possui<br \/>\ndefici\u00eancia, e vivemos uma vida normal, com as dificuldades que todas as fam\u00edlias<br \/>\nenfrentam, mas buscando melhorarmos a cada dia\u201d, relatou.<\/p>\n<p>Fernanda tamb\u00e9m citou sobre o preconceito que ainda existe contra as pessoas com<br \/>\ndefici\u00eancia e \u00e0 fam\u00edlia do PcD. \u201cNa escola minha filha ouve muito \u2018ah, o teu pai \u00e9<br \/>\nsurdo\u2019! O pior, \u00e0s vezes, s\u00e3o os pr\u00f3prios parentes, que sabem e fazem quest\u00e3o de frisar<br \/>\nisso\u201d, disse.<\/p>\n<p>Ap\u00f3s a exposi\u00e7\u00e3o do casal, o amigo de Luciano, F\u00e1bio Rossatto, e a colega de trabalho e<br \/>\ngerente de Comunica\u00e7\u00e3o e Marketing do Sicredi Conex\u00e3o, Micheli Thiesen, tamb\u00e9m<br \/>\nusaram o microfone para deixarem algumas palavras. Eles destacaram as habilidades de<br \/>\nLuciano no trabalho, seu relacionamento com os colegas e amigos, profissionalismo,<br \/>\nal\u00e9m da dedica\u00e7\u00e3o e supera\u00e7\u00e3o em tudo o que faz. A cooperativa de cr\u00e9dito tamb\u00e9m fez<br \/>\numa homenagem a Luciano, que ficou emocionado e muito feliz com o reconhecimento.<\/p>\n<p><strong>\u201cRumo \u00e0 formatura em 2025\u201d<\/strong><br \/>\nA segunda hist\u00f3ria de vida compartilhada foi a do aluno do Instituto Federal Farroupilha<br \/>\n(IFFar-FW), Anderson Luiz Negrini. Morador de Palmitinho, o jovem com S\u00edndrome de<br \/>\nDown \u00e9 estudante do Curso T\u00e9cnico em Agropecu\u00e1ria integrado ao Ensino M\u00e9dio.<\/p>\n<p>Em sua apresenta\u00e7\u00e3o, Anderson mostrou toda a sua trajet\u00f3ria, destacando etapas da vida<br \/>\nque considera importante na sua caminhada, tais como, a realiza\u00e7\u00e3o da Primeira<br \/>\nEucaristia e da Crisma e a formatura do Ensino Fundamental. Tamb\u00e9m apresentou<br \/>\ndetalhes da sua rotina no IFFar, explicando aulas pr\u00e1ticas do curso e momentos com os<br \/>\ncolegas e professores. \u201cEu escolhi estudar no IFFar porque meu irm\u00e3o Alan tamb\u00e9m fez<br \/>\no T\u00e9cnico em Agropecu\u00e1ria e porque eu gosto muito de animais (porco, ovelha e<br \/>\ncavalo)\u201d, comentou.<\/p>\n<p>Anderson encerrou sua participa\u00e7\u00e3o com a frase \u201cRumo \u00e0 formatura em 2025\u201d<br \/>\nestampando o tel\u00e3o no plen\u00e1rio, com certeza, mais uma grande conquista na sua linda e<br \/>\ninspiradora hist\u00f3ria de vida.<\/p>\n<p><strong>Programa\u00e7\u00e3o segue at\u00e9 o dia 28<\/strong><br \/>\nA Semana da Pessoa com Defici\u00eancia Intelectual e M\u00faltipla 2024 \u00e9 uma realiza\u00e7\u00e3o da<br \/>\nAPAE de FW e o Poder Legislativo, com apoio do IFFar-FW, Uergs, Executivo<br \/>\nMunicipal, Conselho Municipal de Sa\u00fade, URI-FW, TEAcolhe, Associa\u00e7\u00e3o dos<br \/>\nAutistas Miguel e FWTV Digital. Neste ano, a programa\u00e7\u00e3o contempla a Semana<br \/>\nNacional, institu\u00edda pela Lei N\u00ba 13.585\/2017, mas realizada pela Apae Brasil h\u00e1 mais de<br \/>\nseis d\u00e9cadas, e a Semana Municipal, institu\u00edda pela Lei N\u00ba 4.931\/2021 e desenvolvida<br \/>\npelo Poder Legislativo de FW e demais entidades do munic\u00edpio desde 2022.<\/p>\n<p>Al\u00e9m da abertura, na quinta-feira, 22, foi realizada a palestra \u201cQual \u00e9 teu papel na<br \/>\npromo\u00e7\u00e3o da aprendizagem e do bem-estar de crian\u00e7as e adolescentes com TEA?\u201d, com<br \/>\na psic\u00f3loga Hosana Gon\u00e7alves. O evento reuniu centenas de pessoas do Sal\u00e3o de Atos<br \/>\nda URI-FW. Nesta sexta-feira, 23, \u00e0s 13h30min, ocorre a abertura da Exposi\u00e7\u00e3o<br \/>\nFotogr\u00e1fica \u201cNossa hist\u00f3ria: quem somos e o que fazemos\u201d, na Vitrola Caf\u00e9. A<br \/>\nexposi\u00e7\u00e3o ficar\u00e1 no local para visita\u00e7\u00e3o do p\u00fablico at\u00e9 a segunda-feira, 26.<\/p>\n<p>Sexta-feira, 23, a segunda-feira, 26<br \/>\nExposi\u00e7\u00e3o Fotogr\u00e1fica \u201cNossa hist\u00f3ria: quem somos e o que fazemos\u201d.<br \/>\nHor\u00e1rio: dia todo<br \/>\nLocal: Vitrola<\/p>\n<p>S\u00e1bado, 24<br \/>\nLan\u00e7amento do grupo de CTG \u201cInvernada Especial da APAE\u201d<br \/>\nHor\u00e1rio: 19 horas<br \/>\nLocal: CTG Rodeio da Quer\u00eancia<\/p>\n<p>Segunda-feira, 26<br \/>\nPalestra \u201cTecnologia Assistiva: contribui\u00e7\u00f5es para os processos inclusivos escolares,<br \/>\ncom a doutora e assessora de A\u00e7\u00f5es Afirmativas, Inclusivas e Diversidade do IFRS\u201d,<br \/>\nAndr\u00e9a Poletto Sonza (via Meet). Media\u00e7\u00e3o: professoras Claudia Cristina Wesendonck<br \/>\n(Uergs-FW) e Graciela Fagundes Rodrigues (IFFar-FW)<br \/>\nHor\u00e1rio: 19 horas<br \/>\nLocal: Plen\u00e1rio da C\u00e2mara de Vereadores<br \/>\nHaver\u00e1 transmiss\u00e3o pelo Facebook e YouTube da FWTV<\/p>\n<p>Ter\u00e7a-feira, 27<br \/>\n&#8211; Show de Talentos com as 13 APAEs do 2\u00ba Conselho<br \/>\nHor\u00e1rio: o dia todo<br \/>\nLocal: APAE-FW<br \/>\n&#8211; Sess\u00e3o Ordin\u00e1ria da C\u00e2mara de Vereadores, com depoimentos de Gilmar Prestes, da<br \/>\nint\u00e9rprete de Libras do munic\u00edpio, Angela Padilha, e de Roselei da Silva (av\u00f3 de aluno<br \/>\nsurdo).<br \/>\n&#8211; Exposi\u00e7\u00e3o Fotogr\u00e1fica \u201cNossa hist\u00f3ria: quem somos e o que fazemos\u201d.<br \/>\nHor\u00e1rio: 19 horas<br \/>\nLocal: Plen\u00e1rio da C\u00e2mara de Vereadores<br \/>\nHaver\u00e1 transmiss\u00e3o pelo Facebook e YouTube da FWTV<\/p>\n<p>Quarta-feira, 28<br \/>\nRoda de Conversa sobre \u201cEmpoderamento familiar e direitos das pessoas com<br \/>\ndefici\u00eancia\u201d, com representantes do Grupo TEAcolhe FW e os advogados Lu\u00eds Ant\u00f4nio<br \/>\nBaldissareli e Jackson Silva dos Santos.<br \/>\nHor\u00e1rio: 19 horas<br \/>\nLocal: Plen\u00e1rio da C\u00e2mara de Vereadores<br \/>\nHaver\u00e1 transmiss\u00e3o pelo Facebook e YouTube da FWTV.<\/p>\n<p><em>Fonte: C\u00e2mara de Vereadores de Frederico Westphalen<a href=\"https:\/\/www2.comunitaria.com.br\/en\/historias-de-superacao-e-inspiracao-marcam-abertura-da-semana-da-pessoa-com-deficiencia-2024\/abertura-semana-pcd-2024-73\/\" rel=\"attachment wp-att-64226\"><img loading=\"lazy\" decoding=\"async\" class=\"aligncenter size-full wp-image-64226\" src=\"http:\/\/www2.comunitaria.com.br\/wp-content\/uploads\/2024\/08\/Abertura-Semana-PcD-2024-73.jpg\" alt=\"\" width=\"800\" height=\"600\" srcset=\"https:\/\/www2.comunitaria.com.br\/wp-content\/uploads\/2024\/08\/Abertura-Semana-PcD-2024-73.jpg 800w, https:\/\/www2.comunitaria.com.br\/wp-content\/uploads\/2024\/08\/Abertura-Semana-PcD-2024-73-300x225.jpg 300w, https:\/\/www2.comunitaria.com.br\/wp-content\/uploads\/2024\/08\/Abertura-Semana-PcD-2024-73-768x576.jpg 768w\" sizes=\"auto, (max-width: 800px) 100vw, 800px\" \/><\/a><\/em><\/p>","protected":false},"excerpt":{"rendered":"<p>Fazendo jus ao tema deste ano \u2013 \u201cNossa hist\u00f3ria: quem somos e o que fazemos\u201d \u2013, a abertura da Semana da Pessoa com Defici\u00eancia Intelectual e M\u00faltipla 2024 foi marcada&#8230;<\/p>","protected":false},"author":2,"featured_media":64226,"comment_status":"closed","ping_status":"closed","sticky":false,"template":"","format":"standard","meta":{"ngg_post_thumbnail":0,"footnotes":""},"categories":[42,28,33,43],"tags":[5336],"class_list":["post-64225","post","type-post","status-publish","format-standard","has-post-thumbnail","hentry","category-fred-west","category-destaque","category-noticias","category-regiao","tag-camara-de-vereadores-de-fw"],"amp_enabled":true,"_links":{"self":[{"href":"https:\/\/www2.comunitaria.com.br\/en\/wp-json\/wp\/v2\/posts\/64225","targetHints":{"allow":["GET"]}}],"collection":[{"href":"https:\/\/www2.comunitaria.com.br\/en\/wp-json\/wp\/v2\/posts"}],"about":[{"href":"https:\/\/www2.comunitaria.com.br\/en\/wp-json\/wp\/v2\/types\/post"}],"author":[{"embeddable":true,"href":"https:\/\/www2.comunitaria.com.br\/en\/wp-json\/wp\/v2\/users\/2"}],"replies":[{"embeddable":true,"href":"https:\/\/www2.comunitaria.com.br\/en\/wp-json\/wp\/v2\/comments?post=64225"}],"version-history":[{"count":0,"href":"https:\/\/www2.comunitaria.com.br\/en\/wp-json\/wp\/v2\/posts\/64225\/revisions"}],"wp:featuredmedia":[{"embeddable":true,"href":"https:\/\/www2.comunitaria.com.br\/en\/wp-json\/wp\/v2\/media\/64226"}],"wp:attachment":[{"href":"https:\/\/www2.comunitaria.com.br\/en\/wp-json\/wp\/v2\/media?parent=64225"}],"wp:term":[{"taxonomy":"category","embeddable":true,"href":"https:\/\/www2.comunitaria.com.br\/en\/wp-json\/wp\/v2\/categories?post=64225"},{"taxonomy":"post_tag","embeddable":true,"href":"https:\/\/www2.comunitaria.com.br\/en\/wp-json\/wp\/v2\/tags?post=64225"}],"curies":[{"name":"wp","href":"https:\/\/api.w.org\/{rel}","templated":true}]}}