{"id":64217,"date":"2024-08-23T15:56:11","date_gmt":"2024-08-23T17:56:11","guid":{"rendered":"https:\/\/www2.comunitaria.com.br\/?p=64217"},"modified":"2024-08-23T15:56:12","modified_gmt":"2024-08-23T17:56:12","slug":"inscricoes-abertas-para-a-turma-2025-da-escola-casa-familiar-rural-de-fw","status":"publish","type":"post","link":"https:\/\/www2.comunitaria.com.br\/en\/inscricoes-abertas-para-a-turma-2025-da-escola-casa-familiar-rural-de-fw\/","title":{"rendered":"Inscri\u00e7\u00f5es abertas para a turma 2025 da Escola Casa Familiar Rural de FW"},"content":{"rendered":"<p id=\"p_1\" style=\"text-align: justify;\">H\u00e1 23 anos a Escola de Ensino M\u00e9dio Casa Familiar Rural de Frederico Westphalen forma jovens por meio da pedagogia da altern\u00e2ncia, ofertando ensino m\u00e9dio e qualifica\u00e7\u00e3o em agricultura familiar de forma concomitante durante tr\u00eas anos.<\/p>\n<p id=\"p_2\" style=\"text-align: justify;\">A institui\u00e7\u00e3o est\u00e1 com inscri\u00e7\u00f5es abertas para a turma 2025, s\u00e3o 30 vagas para jovens\/adolescentes que conclu\u00edram o ensino fundamental, ou seja, o 9\u00ba ano, e que sejam filhos de agricultores.<\/p>\n<p id=\"p_3\" style=\"text-align: justify;\">\u2013 S\u00e3o 23 anos de uma escola que trabalha com a pedagogia de altern\u00e2ncia voltada aos filhos de agricultores. Para que os mesmos possam desenvolver nas suas propriedades as atividades e que o meio rural, principalmente, a agricultura familiar seja o seu meio de sustento de emprego, com qualidade de vida fazendo a sucess\u00e3o rural \u2013, explicou o presidente da associa\u00e7\u00e3o de pais, mantenedora da Casa Familiar Francisco Trevisan.<\/p>\n<p id=\"p_4\" style=\"text-align: justify;\">A casa familiar j\u00e1 formou mais de 300 jovens, meninos e meninas, de mais de 20 munic\u00edpios da regi\u00e3o. A escola funciona em regime de internato ficando uma semana na entidade e duas semanas nas suas propriedades. \u201cA grande maioria dos jovens que passaram por nossa entidade continuam com suas atividades na propriedade e com grande \u00eaxito em seus projetos\u201d, pontuou Trevisan.<\/p>\n<p id=\"p_5\" style=\"text-align: justify;\">A diretora da escola, Dulcineia Zonta, salienta que as vagas s\u00e3o limitadas e que s\u00e3o necess\u00e1rias etapas para ser selecionado para estudar na Casa Familiar Rural. \u201cOs requisitos s\u00e3o possuir o ensino fundamental completo, participar do semin\u00e1rio das fam\u00edlias com a participa\u00e7\u00e3o dos pais porque \u00e9 importante essa participa\u00e7\u00e3o e tamb\u00e9m realizar o estagio de viv\u00eancia em regime de internato de 5 a 7 de fevereiro de 2025 onde eles conhecem a metodologia na pratica\u201d, salientou.<\/p>\n<p id=\"p_6\" style=\"text-align: justify;\">Para se inscrever para as novas turmas da Escola de Ensino M\u00e9dio Casa Familiar Rural de Frederico Westphalen, o estudante pode entrar em contato pelo telefone WhatsApp (55) 99642-9845, de forma presencial no Sindicato dos Trabalhadores Rurais da sua cidade e escrit\u00f3rios da Emater, ou ainda fazer a inscri\u00e7\u00e3o diretamente pelas redes sociais da Casa Familiar Rural.<\/p>\n<p id=\"p_7\" style=\"text-align: justify;\">Um Caf\u00e9 com a Imprensa regional apresentou a institui\u00e7\u00e3o e o processo seletivo para a turma de 2025. A Casa Familiar Rural de Frederico Westphalen fica na Linha Faguense.<\/p>\n<div id=\"mb\" class=\"article-ad-container\">\n<div class=\"ad-mid\" style=\"text-align: justify;\"><a href=\"https:\/\/www.facebook.com\/SaoFranciscoEspecial\/\" target=\"_blank\" rel=\"noopener\"><picture><source srcset=\"\/media\/publicidades\/4401577177761620980\/sao-francisco-8-de-julhopng.webp\" type=\"image\/webp\"><source srcset=\"\/media\/publicidades\/7250572478994041967\/sao-francisco-8-de-julho.png\" type=\"image\/jpeg\"><\/picture><\/a><\/div>\n<div>\n<p id=\"p_8\" style=\"text-align: justify;\"><strong>Requisitos para inscri\u00e7\u00f5es<\/strong><\/p>\n<p id=\"p_9\" style=\"text-align: justify;\">Possui o Ensino Fundamental Completo;<\/p>\n<p id=\"p_10\" style=\"text-align: justify;\">Ser filho(a) de agricultor<\/p>\n<p id=\"p_11\" style=\"text-align: justify;\">Participar do Semin\u00e1rio das Fam\u00edlias no dia 17 de novembro de 2024, na Casa Familiar Rural (data em que ser\u00e1 efetuada a matr\u00edcula);<\/p>\n<p id=\"p_12\" style=\"text-align: justify;\">Est\u00e1gio de Viv\u00eancia nos dais 05 a 07 de fevereiro de 2025, na Casa Familiar Rural.<\/p>\n<p id=\"p_13\" style=\"text-align: justify;\"><strong>Oficina T\u00e9cnico Pedag\u00f3gica<\/strong><\/p>\n<p id=\"p_14\" style=\"text-align: justify;\">No dia 9 de outubro de 2024 a escola promove uma Oficina T\u00e9cnico Pedag\u00f3gica, na sede da institui\u00e7\u00e3o. Durante todo o dia ser\u00e3o realizadas atividades, em formato de feira. Oportunidade, tamb\u00e9m, que a comunidade e os estudantes poder\u00e3o conhecer a institui\u00e7\u00e3o de ensino bem como tirar d\u00favidas a respeito da metodologia.<\/p>\n<p style=\"text-align: justify;\"><em>Fonte: Grupo Chiru<\/em><\/p>\n<p style=\"text-align: justify;\"><em>Foto: Heloise Santi<a href=\"https:\/\/www2.comunitaria.com.br\/en\/inscricoes-abertas-para-a-turma-2025-da-escola-casa-familiar-rural-de-fw\/cfr-2\/\" rel=\"attachment wp-att-64218\"><img loading=\"lazy\" decoding=\"async\" class=\"aligncenter size-full wp-image-64218\" src=\"http:\/\/www2.comunitaria.com.br\/wp-content\/uploads\/2024\/08\/cfr.webp\" alt=\"\" width=\"600\" height=\"338\" srcset=\"https:\/\/www2.comunitaria.com.br\/wp-content\/uploads\/2024\/08\/cfr.webp 600w, https:\/\/www2.comunitaria.com.br\/wp-content\/uploads\/2024\/08\/cfr-300x169.webp 300w, https:\/\/www2.comunitaria.com.br\/wp-content\/uploads\/2024\/08\/cfr-260x145.webp 260w\" sizes=\"auto, (max-width: 600px) 100vw, 600px\" \/><\/a><\/em><\/p>\n<\/div>\n<\/div>","protected":false},"excerpt":{"rendered":"<p>H\u00e1 23 anos a Escola de Ensino M\u00e9dio Casa Familiar Rural de Frederico Westphalen forma jovens por meio da pedagogia da altern\u00e2ncia, ofertando ensino m\u00e9dio e qualifica\u00e7\u00e3o em agricultura familiar&#8230;<\/p>","protected":false},"author":2,"featured_media":64218,"comment_status":"closed","ping_status":"closed","sticky":false,"template":"","format":"standard","meta":{"ngg_post_thumbnail":0,"footnotes":""},"categories":[44,42,28,33,43],"tags":[6584,82],"class_list":["post-64217","post","type-post","status-publish","format-standard","has-post-thumbnail","hentry","category-educacao","category-fred-west","category-destaque","category-noticias","category-regiao","tag-escola-casa-familiar-rural","tag-frederico-westphalen"],"amp_enabled":true,"_links":{"self":[{"href":"https:\/\/www2.comunitaria.com.br\/en\/wp-json\/wp\/v2\/posts\/64217","targetHints":{"allow":["GET"]}}],"collection":[{"href":"https:\/\/www2.comunitaria.com.br\/en\/wp-json\/wp\/v2\/posts"}],"about":[{"href":"https:\/\/www2.comunitaria.com.br\/en\/wp-json\/wp\/v2\/types\/post"}],"author":[{"embeddable":true,"href":"https:\/\/www2.comunitaria.com.br\/en\/wp-json\/wp\/v2\/users\/2"}],"replies":[{"embeddable":true,"href":"https:\/\/www2.comunitaria.com.br\/en\/wp-json\/wp\/v2\/comments?post=64217"}],"version-history":[{"count":0,"href":"https:\/\/www2.comunitaria.com.br\/en\/wp-json\/wp\/v2\/posts\/64217\/revisions"}],"wp:featuredmedia":[{"embeddable":true,"href":"https:\/\/www2.comunitaria.com.br\/en\/wp-json\/wp\/v2\/media\/64218"}],"wp:attachment":[{"href":"https:\/\/www2.comunitaria.com.br\/en\/wp-json\/wp\/v2\/media?parent=64217"}],"wp:term":[{"taxonomy":"category","embeddable":true,"href":"https:\/\/www2.comunitaria.com.br\/en\/wp-json\/wp\/v2\/categories?post=64217"},{"taxonomy":"post_tag","embeddable":true,"href":"https:\/\/www2.comunitaria.com.br\/en\/wp-json\/wp\/v2\/tags?post=64217"}],"curies":[{"name":"wp","href":"https:\/\/api.w.org\/{rel}","templated":true}]}}