{"id":64129,"date":"2024-08-21T16:20:59","date_gmt":"2024-08-21T18:20:59","guid":{"rendered":"https:\/\/www2.comunitaria.com.br\/?p=64129"},"modified":"2024-08-21T16:20:59","modified_gmt":"2024-08-21T18:20:59","slug":"brasileiro-feminino-sub-17-inter-vence-gremio-para-ficar-com-titulo","status":"publish","type":"post","link":"https:\/\/www2.comunitaria.com.br\/en\/brasileiro-feminino-sub-17-inter-vence-gremio-para-ficar-com-titulo\/","title":{"rendered":"Brasileiro Feminino Sub-17: Inter vence Gr\u00eamio para ficar com t\u00edtulo"},"content":{"rendered":"<p style=\"text-align: justify;\">O Internacional mostrou poder de recupera\u00e7\u00e3o para conquistar o t\u00edtulo do Campeonato Brasileiro Feminino Sub-17 ao derrotar o Gr\u00eamio por 4 a 3 na disputa de p\u00eanaltis, ap\u00f3s um empate por 2 a 2 nos 90 minutos, na noite desta segunda-feira (21) no SESC Prot\u00e1sio Alves, em Porto Alegre.&nbsp;<\/p>\n<p style=\"text-align: justify;\">Esta \u00e9 a terceira oportunidade na qual as Gurias Coloradas alcan\u00e7am o trof\u00e9u do Brasileir\u00e3o Feminino Sub-17, ap\u00f3s os t\u00edtulos de 2020 e de 2022. O Inter \u00e9 o maior vencedor da hist\u00f3ria da competi\u00e7\u00e3o.<\/p>\n<h4 style=\"text-align: justify;\">Poder de rea\u00e7\u00e3o<\/h4>\n<p style=\"text-align: justify;\">Apesar de ficar com o t\u00edtulo no final, o Internacional n\u00e3o come\u00e7ou bem a final, pois viu as Gurias Gremistas abrirem o placar logo aos 47 segundos de partida. Ap\u00f3s boa jogada pela ponta direita a bola foi levantada na \u00e1rea, onde Maria encontrou espa\u00e7o para dominar e bater sem chances para a goleira Camilly. A partir da\u00ed o Internacional criou as melhores oportunidades, mas o Gr\u00eamio mostrou compet\u00eancia para segurar a vantagem at\u00e9 o intervalo.<\/p>\n<p style=\"text-align: justify;\">A etapa final come\u00e7ou com um roteiro parecido com o do primeiro tempo, com o Gr\u00eamio abrindo o placar muito cedo, desta vez aos 3 minutos, quando Hel\u00f4 roubou a bola no campo de defesa do Internacional, partiu com liberdade e, da intermedi\u00e1ria, bateu por cobertura para deixar o seu.<\/p>\n<p style=\"text-align: justify;\">Diante de um placar t\u00e3o adverso coube ao Inter partir de vez para o ataque. Com isso as Gurias Coloradas conseguiram descontar aos 35 minutos, quando Piau\u00ed aproveitou bola levantada na \u00e1rea para finalizar para defesa parcial de Josi. E a centroavante mostrou frieza para aproveitar o rebote e colocar a bola no fundo da rede.<\/p>\n<p style=\"text-align: justify;\">A partir da\u00ed a press\u00e3o das coloradas aumentou ainda mais e o empate acabou saindo aos 44 minutos, quando a zagueira Milenna aproveitou cobran\u00e7a de escanteio para subir muito e cabecear para igualar o marcador. Como a igualdade perdurou at\u00e9 o fim dos 90 minutos, o t\u00edtulo foi decidido na disputa de p\u00eanaltis.<\/p>\n<div class=\"post-item-wrap\">\n<h4 style=\"text-align: justify;\">Brilho de Camilly<\/h4>\n<p style=\"text-align: justify;\">Nas penalidades m\u00e1ximas a goleira Camilly foi decisiva, pois defendeu as cobran\u00e7as de Ana Vidal e de Yasmin para ajudar o Internacional a triunfar por 4 a 3.<\/p>\n<h4 style=\"text-align: justify;\">Campanha perfeita<\/h4>\n<p style=\"text-align: justify;\">Para alcan\u00e7ar a decis\u00e3o do Campeonato Brasileiro Feminino Sub-17 o Internacional cumpriu uma campanha perfeita, com cinco vit\u00f3rias em cinco jogos. Foram 21 gols marcados e apenas um sofrido.<\/p>\n<p style=\"text-align: justify;\"><em>Fonte: Ag\u00eancia Brasil<a href=\"https:\/\/www2.comunitaria.com.br\/en\/brasileiro-feminino-sub-17-inter-vence-gremio-para-ficar-com-titulo\/53934869229_0c97985265_o\/\" rel=\"attachment wp-att-64130\"><img loading=\"lazy\" decoding=\"async\" class=\"aligncenter size-large wp-image-64130\" src=\"http:\/\/www2.comunitaria.com.br\/wp-content\/uploads\/2024\/08\/53934869229_0c97985265_o-1024x613.webp\" alt=\"\" width=\"1024\" height=\"613\" srcset=\"https:\/\/www2.comunitaria.com.br\/wp-content\/uploads\/2024\/08\/53934869229_0c97985265_o-1024x613.webp 1024w, https:\/\/www2.comunitaria.com.br\/wp-content\/uploads\/2024\/08\/53934869229_0c97985265_o-300x179.webp 300w, https:\/\/www2.comunitaria.com.br\/wp-content\/uploads\/2024\/08\/53934869229_0c97985265_o-768x459.webp 768w, https:\/\/www2.comunitaria.com.br\/wp-content\/uploads\/2024\/08\/53934869229_0c97985265_o.webp 1170w\" sizes=\"auto, (max-width: 1024px) 100vw, 1024px\" \/><\/a><\/em><\/p>\n<p style=\"text-align: justify;\"><em>Foto: Staff Images\/CBF<\/em><\/p>\n<\/div>","protected":false},"excerpt":{"rendered":"<p>O Internacional mostrou poder de recupera\u00e7\u00e3o para conquistar o t\u00edtulo do Campeonato Brasileiro Feminino Sub-17 ao derrotar o Gr\u00eamio por 4 a 3 na disputa de p\u00eanaltis, ap\u00f3s um empate por 2 a 2 nos 90 minutos, na noite desta segunda-feira (21) no SESC Prot\u00e1sio Alves, em Porto Alegre.&nbsp; Esta \u00e9 a terceira oportunidade na<\/p>\n<div class=\"read-more-wrapper\"><a class=\"read-more\" href=\"https:\/\/www2.comunitaria.com.br\/en\/brasileiro-feminino-sub-17-inter-vence-gremio-para-ficar-com-titulo\/\" title=\"Read More\"> <span class=\"button\">Read More<\/span><\/a><\/div>","protected":false},"author":2,"featured_media":64130,"comment_status":"closed","ping_status":"closed","sticky":false,"template":"","format":"standard","meta":{"ngg_post_thumbnail":0,"footnotes":""},"categories":[46,33],"tags":[6572,6573,6271],"class_list":["post-64129","post","type-post","status-publish","format-standard","has-post-thumbnail","hentry","category-estado","category-noticias","tag-brasileiro-feminino-sub-17","tag-gurias-coloradas","tag-gurias-gremistas"],"amp_enabled":true,"_links":{"self":[{"href":"https:\/\/www2.comunitaria.com.br\/en\/wp-json\/wp\/v2\/posts\/64129","targetHints":{"allow":["GET"]}}],"collection":[{"href":"https:\/\/www2.comunitaria.com.br\/en\/wp-json\/wp\/v2\/posts"}],"about":[{"href":"https:\/\/www2.comunitaria.com.br\/en\/wp-json\/wp\/v2\/types\/post"}],"author":[{"embeddable":true,"href":"https:\/\/www2.comunitaria.com.br\/en\/wp-json\/wp\/v2\/users\/2"}],"replies":[{"embeddable":true,"href":"https:\/\/www2.comunitaria.com.br\/en\/wp-json\/wp\/v2\/comments?post=64129"}],"version-history":[{"count":0,"href":"https:\/\/www2.comunitaria.com.br\/en\/wp-json\/wp\/v2\/posts\/64129\/revisions"}],"wp:featuredmedia":[{"embeddable":true,"href":"https:\/\/www2.comunitaria.com.br\/en\/wp-json\/wp\/v2\/media\/64130"}],"wp:attachment":[{"href":"https:\/\/www2.comunitaria.com.br\/en\/wp-json\/wp\/v2\/media?parent=64129"}],"wp:term":[{"taxonomy":"category","embeddable":true,"href":"https:\/\/www2.comunitaria.com.br\/en\/wp-json\/wp\/v2\/categories?post=64129"},{"taxonomy":"post_tag","embeddable":true,"href":"https:\/\/www2.comunitaria.com.br\/en\/wp-json\/wp\/v2\/tags?post=64129"}],"curies":[{"name":"wp","href":"https:\/\/api.w.org\/{rel}","templated":true}]}}