{"id":64127,"date":"2024-08-21T16:11:58","date_gmt":"2024-08-21T18:11:58","guid":{"rendered":"https:\/\/www2.comunitaria.com.br\/?p=64127"},"modified":"2024-08-21T16:11:58","modified_gmt":"2024-08-21T18:11:58","slug":"cbf-sorteia-confrontos-das-quartas-de-final-da-copa-do-brasil","status":"publish","type":"post","link":"https:\/\/www2.comunitaria.com.br\/en\/cbf-sorteia-confrontos-das-quartas-de-final-da-copa-do-brasil\/","title":{"rendered":"CBF sorteia confrontos das quartas de final da Copa do Brasil"},"content":{"rendered":"<p style=\"text-align: justify;\">A Confedera\u00e7\u00e3o Brasileira de Futebol (CBF) sorteou nesta ter\u00e7a-feira (20) os confrontos das quartas de final da Copa do Brasil. Um dos destaques \u00e9 o confronto entre o atual campe\u00e3o S\u00e3o Paulo e o Atl\u00e9tico-MG.<img decoding=\"async\" src=\"https:\/\/agenciabrasil.ebc.com.br\/ebc.png?id=1608591&amp;o=node\"><img decoding=\"async\" src=\"https:\/\/agenciabrasil.ebc.com.br\/ebc.gif?id=1608591&amp;o=node\"><\/p>\n<p style=\"text-align: justify;\">Al\u00e9m disso, as quartas de final da competi\u00e7\u00e3o nacional contar\u00e3o com o embate entre Flamengo e Bahia, o encontro entre Vasco e Athletico-PR e o choque envolvendo Corinthians e Juventude. As datas bases dos confrontos desta etapa da competi\u00e7\u00e3o ser\u00e3o os dias 28 de agosto e 12 de setembro.<\/p>\n<p style=\"text-align: justify;\">Tamb\u00e9m foi decidido o chaveamento da competi\u00e7\u00e3o at\u00e9 a final. Com isso o vencedor de Vasco e Athletico-PR enfrenta quem passar entre Atl\u00e9tico-MG e S\u00e3o Paulo. J\u00e1 quem avan\u00e7ar entre Flamengo e Bahia ter\u00e1 pela frente a equipe classificada do duelo entre Corinthians e Juventude.<\/p>\n<p style=\"text-align: justify;\">Nesta ter\u00e7a tamb\u00e9m foram definidos os mandos de campo dos confrontos, com Athletico-PR, Flamengo, Atl\u00e9tico-MG e Corinthians decidindo em casa.<\/p>\n<p style=\"text-align: justify;\"><em>Fonte: Ag\u00eancia Brasil<\/em><\/p>\n<p style=\"text-align: justify;\"><em>Foto: Rafael Ribeiro\/CBF<a href=\"https:\/\/www2.comunitaria.com.br\/en\/cbf-sorteia-confrontos-das-quartas-de-final-da-copa-do-brasil\/53936606240_6abb536d38_k\/\" rel=\"attachment wp-att-64128\"><img loading=\"lazy\" decoding=\"async\" class=\"aligncenter size-large wp-image-64128\" src=\"http:\/\/www2.comunitaria.com.br\/wp-content\/uploads\/2024\/08\/53936606240_6abb536d38_k-1024x613.webp\" alt=\"\" width=\"1024\" height=\"613\" srcset=\"https:\/\/www2.comunitaria.com.br\/wp-content\/uploads\/2024\/08\/53936606240_6abb536d38_k-1024x613.webp 1024w, https:\/\/www2.comunitaria.com.br\/wp-content\/uploads\/2024\/08\/53936606240_6abb536d38_k-300x179.webp 300w, https:\/\/www2.comunitaria.com.br\/wp-content\/uploads\/2024\/08\/53936606240_6abb536d38_k-768x459.webp 768w, https:\/\/www2.comunitaria.com.br\/wp-content\/uploads\/2024\/08\/53936606240_6abb536d38_k.webp 1170w\" sizes=\"auto, (max-width: 1024px) 100vw, 1024px\" \/><\/a><\/em><\/p>","protected":false},"excerpt":{"rendered":"<p>A Confedera\u00e7\u00e3o Brasileira de Futebol (CBF) sorteou nesta ter\u00e7a-feira (20) os confrontos das quartas de final da Copa do Brasil. Um dos destaques \u00e9 o confronto entre o atual campe\u00e3o S\u00e3o Paulo e o Atl\u00e9tico-MG. Al\u00e9m disso, as quartas de final da competi\u00e7\u00e3o nacional contar\u00e3o com o embate entre Flamengo e Bahia, o encontro entre<\/p>\n<div class=\"read-more-wrapper\"><a class=\"read-more\" href=\"https:\/\/www2.comunitaria.com.br\/en\/cbf-sorteia-confrontos-das-quartas-de-final-da-copa-do-brasil\/\" title=\"Read More\"> <span class=\"button\">Read More<\/span><\/a><\/div>","protected":false},"author":2,"featured_media":64128,"comment_status":"closed","ping_status":"closed","sticky":false,"template":"","format":"standard","meta":{"ngg_post_thumbnail":0,"footnotes":""},"categories":[47,33],"tags":[6361,1401,230,3120],"class_list":["post-64127","post","type-post","status-publish","format-standard","has-post-thumbnail","hentry","category-brasil","category-noticias","tag-cbf","tag-copa-do-brasil","tag-futebol","tag-juventude"],"amp_enabled":true,"_links":{"self":[{"href":"https:\/\/www2.comunitaria.com.br\/en\/wp-json\/wp\/v2\/posts\/64127","targetHints":{"allow":["GET"]}}],"collection":[{"href":"https:\/\/www2.comunitaria.com.br\/en\/wp-json\/wp\/v2\/posts"}],"about":[{"href":"https:\/\/www2.comunitaria.com.br\/en\/wp-json\/wp\/v2\/types\/post"}],"author":[{"embeddable":true,"href":"https:\/\/www2.comunitaria.com.br\/en\/wp-json\/wp\/v2\/users\/2"}],"replies":[{"embeddable":true,"href":"https:\/\/www2.comunitaria.com.br\/en\/wp-json\/wp\/v2\/comments?post=64127"}],"version-history":[{"count":0,"href":"https:\/\/www2.comunitaria.com.br\/en\/wp-json\/wp\/v2\/posts\/64127\/revisions"}],"wp:featuredmedia":[{"embeddable":true,"href":"https:\/\/www2.comunitaria.com.br\/en\/wp-json\/wp\/v2\/media\/64128"}],"wp:attachment":[{"href":"https:\/\/www2.comunitaria.com.br\/en\/wp-json\/wp\/v2\/media?parent=64127"}],"wp:term":[{"taxonomy":"category","embeddable":true,"href":"https:\/\/www2.comunitaria.com.br\/en\/wp-json\/wp\/v2\/categories?post=64127"},{"taxonomy":"post_tag","embeddable":true,"href":"https:\/\/www2.comunitaria.com.br\/en\/wp-json\/wp\/v2\/tags?post=64127"}],"curies":[{"name":"wp","href":"https:\/\/api.w.org\/{rel}","templated":true}]}}