{"id":64094,"date":"2024-08-21T14:34:26","date_gmt":"2024-08-21T16:34:26","guid":{"rendered":"https:\/\/www2.comunitaria.com.br\/?p=64094"},"modified":"2024-08-21T14:34:26","modified_gmt":"2024-08-21T16:34:26","slug":"mpox-no-rs-com-letalidade-similar-a-da-gripe-doenca-deve-ter-expansao-de-casos-projeta-pesquisador","status":"publish","type":"post","link":"https:\/\/www2.comunitaria.com.br\/en\/mpox-no-rs-com-letalidade-similar-a-da-gripe-doenca-deve-ter-expansao-de-casos-projeta-pesquisador\/","title":{"rendered":"Mpox no RS: com letalidade similar a da gripe, doen\u00e7a deve ter expans\u00e3o de casos, projeta pesquisador"},"content":{"rendered":"<div id=\"chunk-iqu7\">\n<div class=\"mc-column content-text active-extra-styles\" data-block-type=\"unstyled\" data-block-weight=\"44\" data-block-id=\"3\">\n<p class=\"content-text__container\" style=\"text-align: justify;\" data-track-category=\"Link no Texto\" data-track-links=\"\" data-mrf-recirculation=\"Article links\">O governo do Rio Grande do Sul publicou&nbsp;<strong>alerta epidemiol\u00f3gico<\/strong>&nbsp;na segunda-feira (19) com orienta\u00e7\u00f5es para profissionais de sa\u00fade e popula\u00e7\u00e3o em geral em rela\u00e7\u00e3o \u00e0&nbsp;<strong>Mpox<\/strong>.&nbsp;O estado tem cinco casos confirmados da doen\u00e7a em 2024, em&nbsp;Gravata\u00ed,&nbsp;Porto Alegre&nbsp;e&nbsp;Passo Fundo.<\/p>\n<\/div>\n<\/div>\n<div class=\"wall protected-content\">\n<div id=\"chunk-5op3b\" style=\"text-align: justify;\">\n<div class=\"mc-column content-text active-extra-styles\" data-block-type=\"unstyled\" data-block-weight=\"32\" data-block-id=\"5\">\n<p class=\"content-text__container\" data-track-category=\"Link no Texto\" data-track-links=\"\" data-mrf-recirculation=\"Article links\">O RS registrou&nbsp;<strong>327&nbsp;<\/strong>casos de Mpox em 2022. Segundo a Secretaria da Sa\u00fade, foram&nbsp;<strong>nove<\/strong>&nbsp;notifica\u00e7\u00f5es no ano passado. A<strong>&nbsp;tend\u00eancia \u00e9 de crescimento<\/strong>, de acordo com o virologista Fernando Spilki.<\/p>\n<\/div>\n<\/div>\n<div id=\"chunk-aglbd\" style=\"text-align: justify;\">\n<div class=\"mc-column content-text active-extra-styles\" data-block-type=\"raw\" data-block-weight=\"29\" data-block-id=\"6\">\n<p class=\"content-text__container\" data-mrf-recirculation=\"Article links\">&nbsp;<\/p>\n<blockquote class=\"content-blockquote theme-border-color-primary-before\"><p><span class=\"highlight highlighted\">&#8220;O cen\u00e1rio \u00e9 claramente de uma nova expans\u00e3o do n\u00famero de casos<\/span>, neste momento associados ao que tudo indica ao Clado II, que provoca uma doen\u00e7a mais branda&#8217;, projeta.<\/p><\/blockquote>\n<\/div>\n<\/div>\n<div id=\"chunk-6jnpd\" style=\"text-align: justify;\">\n<div class=\"mc-column content-text active-extra-styles\" data-block-type=\"unstyled\" data-block-weight=\"30\" data-block-id=\"9\">\n<p class=\"content-text__container\" data-track-category=\"Link no Texto\" data-track-links=\"\" data-mrf-recirculation=\"Article links\"><strong>Clado II<\/strong>&nbsp;\u00e9 a variante do v\u00edrus que est\u00e1 circulando no pa\u00eds. Spilki explica que a&nbsp;<strong>letalidade est\u00e1 abaixo de 1%<\/strong>, mas pode se elevar, especialmente em pacientes com HIV-Aids.<\/p>\n<\/div>\n<\/div>\n<div id=\"chunk-cijf2\" style=\"text-align: justify;\">\n<div class=\"mc-column content-text active-extra-styles\" data-block-type=\"raw\" data-block-weight=\"28\" data-block-id=\"10\">\n<p class=\"content-text__container\" data-mrf-recirculation=\"Article links\">&nbsp;<\/p>\n<blockquote class=\"content-blockquote theme-border-color-primary-before\"><p>&#8220;Para se ter uma ideia, esta&nbsp;<span class=\"highlight highlighted\">letalidade \u00e9 similar \u00e0 da gripe em adultos<\/span>, ou seja, o n\u00famero pode parecer baixo, mas ainda ouvimos falar de \u00f3bitos&#8221;, compara.<\/p><\/blockquote>\n<p>&nbsp;<\/p>\n<\/div>\n<\/div>\n<div id=\"chunk-59v67\">\n<div class=\"mc-column content-text active-extra-styles\" data-block-type=\"unstyled\" data-block-weight=\"48\" data-block-id=\"11\">\n<p class=\"content-text__container\" style=\"text-align: justify;\" data-track-category=\"Link no Texto\" data-track-links=\"\" data-mrf-recirculation=\"Article links\">A outra variante, que levou a&nbsp;Organiza\u00e7\u00e3o Mundial de Sa\u00fade (OMS) a declarar Emerg\u00eancia de Sa\u00fade P\u00fablica de Import\u00e2ncia Internacional (ESPII), \u00e9 conhecida como&nbsp;<strong>Clado Ib<\/strong>. Trata-se de uma linhagem altamente transmiss\u00edvel, com letalidade que pode chegar a 10% e que&nbsp;<strong><span class=\"highlight highlighted\">n\u00e3o foi detectada nos casos do RS<\/span><\/strong>.<\/p>\n<div id=\"chunk-7ieec\" style=\"text-align: justify;\">\n<div class=\"mc-column content-text active-extra-styles\" data-block-type=\"raw\" data-block-weight=\"3\" data-block-id=\"14\">\n<div class=\"content-intertitle\">\n<h4>&nbsp;A doen\u00e7a \ud83e\uddec<\/h4>\n<\/div>\n<\/div>\n<\/div>\n<div id=\"chunk-bs7hg\" style=\"text-align: justify;\">\n<div class=\"mc-column content-text active-extra-styles\" data-block-type=\"unstyled\" data-block-weight=\"45\" data-block-id=\"15\">\n<p class=\"content-text__container\" data-track-category=\"Link no Texto\" data-track-links=\"\" data-mrf-recirculation=\"Article links\">\u00c9 uma&nbsp;zoonose viral: uma doen\u00e7a que foi transmitida aos humanos a partir de um v\u00edrus que circula entre animais. Antes do surto de 2022, ocorria principalmente na \u00c1frica Central e Ocidental, sobretudo em regi\u00f5es perto de florestas, pois os hospedeiros s\u00e3o roedores e macacos.<\/p>\n<\/div>\n<\/div>\n<div id=\"chunk-bpi6\" style=\"text-align: justify;\">\n<div class=\"mc-column content-text active-extra-styles\" data-block-type=\"unstyled\" data-block-weight=\"42\" data-block-id=\"16\">\n<p class=\"content-text__container\" data-track-category=\"Link no Texto\" data-track-links=\"\" data-mrf-recirculation=\"Article links\">\u00c9 causada pelo v\u00edrus&nbsp;<strong>monkeypox<\/strong>, que pertence \u00e0 mesma fam\u00edlia (poxv\u00edrus) e g\u00eanero (ortopoxv\u00edrus) da var\u00edola humana. A var\u00edola humana, no entanto, foi erradicada do mundo em 1980, e era muito mais letal. O primeiro caso foi detectado em humanos em 1970.<\/p>\n<\/div>\n<\/div>\n<div id=\"chunk-8qvpa\">\n<div class=\"mc-column content-text active-extra-styles\" data-block-type=\"unstyled\" data-block-weight=\"34\" data-block-id=\"17\">\n<p class=\"content-text__container\" style=\"text-align: justify;\" data-track-category=\"Link no Texto\" data-track-links=\"\" data-mrf-recirculation=\"Article links\">As complica\u00e7\u00f5es s\u00e3o mais comuns em pacientes com problemas no sistema imunol\u00f3gico. Quadros graves est\u00e3o relacionados ao surgimento de pneumonia, sepse, encefalite (inflama\u00e7\u00e3o do c\u00e9rebro) e infec\u00e7\u00e3o ocular, que pode at\u00e9 levar \u00e0 cegueira.<\/p>\n<div id=\"chunk-eo59h\" style=\"text-align: justify;\">\n<div class=\"mc-column content-text active-extra-styles\" data-block-type=\"raw\" data-block-weight=\"2\" data-block-id=\"19\">\n<div class=\"content-intertitle\">\n<h4>Sintomas \ud83d\ude35<\/h4>\n<\/div>\n<\/div>\n<\/div>\n<div id=\"chunk-1f5b\" style=\"text-align: justify;\">\n<div class=\"mc-column content-text active-extra-styles\" data-block-type=\"unstyled\" data-block-weight=\"45\" data-block-id=\"20\">\n<p class=\"content-text__container\" data-track-category=\"Link no Texto\" data-track-links=\"\" data-mrf-recirculation=\"Article links\">O sintoma mais comum da doen\u00e7a \u00e9 a&nbsp;<strong>erup\u00e7\u00e3o na pele<\/strong><em>,<\/em>&nbsp;semelhante a bolhas ou feridas, que pode durar de duas a quatro semanas. O quadro pode come\u00e7ar ou ser seguido de&nbsp;<strong>febre<\/strong>,&nbsp;<strong>dor de cabe\u00e7a<\/strong>,&nbsp;<strong>dores musculares<\/strong>,&nbsp;<strong>dores nas costas<\/strong>,&nbsp;<strong>apatia&nbsp;<\/strong>e&nbsp;<strong>g\u00e2nglios inchados<\/strong>.<\/p>\n<\/div>\n<\/div>\n<div id=\"chunk-en47q\" style=\"text-align: justify;\">\n<div class=\"mc-column content-text active-extra-styles\" data-block-type=\"unstyled\" data-block-weight=\"32\" data-block-id=\"21\">\n<p class=\"content-text__container\" data-track-category=\"Link no Texto\" data-track-links=\"\" data-mrf-recirculation=\"Article links\">As les\u00f5es na pele podem afetar o rosto, as palmas das m\u00e3os, as solas dos p\u00e9s, a virilha e as regi\u00f5es genitais. O n\u00famero de feridas pode variar de uma a milhares.<\/p>\n<\/div>\n<\/div>\n<div id=\"chunk-e7cfk\" style=\"text-align: justify;\">\n<div class=\"mc-column content-text active-extra-styles\" data-block-type=\"unstyled\" data-block-weight=\"34\" data-block-id=\"22\">\n<p class=\"content-text__container\" data-track-category=\"Link no Texto\" data-track-links=\"\" data-mrf-recirculation=\"Article links\">O intervalo de tempo entre o primeiro contato com o v\u00edrus at\u00e9 o in\u00edcio dos sinais e sintomas (per\u00edodo de incuba\u00e7\u00e3o) costuma ser de 3 a 16 dias, mas pode chegar a 21 dias.<\/p>\n<\/div>\n<\/div>\n<div id=\"chunk-20ei7\" style=\"text-align: justify;\">\n<div class=\"mc-column content-text active-extra-styles\" data-block-type=\"raw\" data-block-weight=\"2\" data-block-id=\"23\">\n<div class=\"content-intertitle\">\n<h4>Transmiss\u00e3o \ud83e\uddea<\/h4>\n<\/div>\n<\/div>\n<\/div>\n<div id=\"chunk-6hf05\" style=\"text-align: justify;\">\n<div class=\"mc-column content-text active-extra-styles\" data-block-type=\"unstyled\" data-block-weight=\"42\" data-block-id=\"24\">\n<p class=\"content-text__container\" data-track-category=\"Link no Texto\" data-track-links=\"\" data-mrf-recirculation=\"Article links\">A principal forma de transmiss\u00e3o da Mpox ocorre por meio do contato direto com&nbsp;<strong>sangue e fluidos corporais<\/strong>&nbsp;de pessoas ou&nbsp;<strong>mucosas de animais infectados<\/strong>, especialmente roedores. Ainda \u00e9 poss\u00edvel o cont\u00e1gio por via indireta:&nbsp;<strong>compartilhamento de vestimentas<\/strong>,<strong>&nbsp;roupas de cama<\/strong>,&nbsp;<strong>toalhas<\/strong>.<\/p>\n<\/div>\n<\/div>\n<div id=\"chunk-72ndf\" style=\"text-align: justify;\">\n<div class=\"mc-column content-text active-extra-styles\" data-block-type=\"unstyled\" data-block-weight=\"34\" data-block-id=\"25\">\n<p class=\"content-text__container\" data-track-category=\"Link no Texto\" data-track-links=\"\" data-mrf-recirculation=\"Article links\">&#8220;Por isso \u00e9 importante que pessoas que tenham les\u00f5es compat\u00edveis busquem suporte das equipes de sa\u00fade, que se mantenha o isolamento dos pacientes e manter a higiene dos ambientes e objetos&#8221;, observa o especialista.<\/p>\n<\/div>\n<\/div>\n<div id=\"chunk-515vl\" style=\"text-align: justify;\">\n<div class=\"mc-column content-text active-extra-styles\" data-block-type=\"raw\" data-block-weight=\"2\" data-block-id=\"26\">\n<div class=\"content-intertitle\">\n<h4>Vacina\u00e7\u00e3o \ud83d\udc89<\/h4>\n<\/div>\n<\/div>\n<\/div>\n<div id=\"chunk-9lcm6\">\n<div class=\"mc-column content-text active-extra-styles\" data-block-type=\"unstyled\" data-block-weight=\"31\" data-block-id=\"27\">\n<p class=\"content-text__container\" style=\"text-align: justify;\" data-track-category=\"Link no Texto\" data-track-links=\"\" data-mrf-recirculation=\"Article links\">Conforme Spilki, a vacina\u00e7\u00e3o \u00e9 recomendada para&nbsp;<strong>profissionais de sa\u00fade e laborat\u00f3rio<\/strong>&nbsp;que possam estar em contato com pacientes e material de pacientes suspeitos.&nbsp;<strong>Pacientes imunossuprimidos<\/strong>&nbsp;tamb\u00e9m est\u00e3o em maior risco.<\/p>\n<p style=\"text-align: justify;\" data-track-category=\"Link no Texto\" data-track-links=\"\" data-mrf-recirculation=\"Article links\">&#8220;\u00c9 importante que as pessoas acompanhem as orienta\u00e7\u00f5es das autoridades sanit\u00e1rias e \u00e9 ainda importante e ressaltar que&nbsp;<span class=\"highlight highlighted\">no cen\u00e1rio atual a vacina\u00e7\u00e3o em massa n\u00e3o est\u00e1 recomendada&#8221;<\/span>, pontua.<\/p>\n<div id=\"chunk-s1jh\" style=\"text-align: justify;\">\n<div class=\"mc-column content-text active-extra-styles\" data-block-type=\"raw\" data-block-weight=\"2\" data-block-id=\"31\">\n<div class=\"content-intertitle\">\n<h4>Cuidados \ud83d\udccb<\/h4>\n<\/div>\n<\/div>\n<\/div>\n<div id=\"chunk-eh3mg\" style=\"text-align: justify;\">\n<div class=\"mc-column content-text active-extra-styles\" data-block-type=\"unstyled\" data-block-weight=\"34\" data-block-id=\"32\">\n<p class=\"content-text__container\" data-track-category=\"Link no Texto\" data-track-links=\"\" data-mrf-recirculation=\"Article links\">Conforme as autoridades sanit\u00e1rias, \u00e9 poss\u00edvel reduzir o risco de infec\u00e7\u00e3o limitando o contato com pessoas que est\u00e3o sob suspeita de Mpox ou que foram diagnosticadas com a doen\u00e7a. Veja, abaixo, alguns exemplos:<\/p>\n<\/div>\n<\/div>\n<div id=\"chunk-9jugf\">\n<div class=\"mc-column content-text active-extra-styles\" data-block-type=\"raw\" data-block-weight=\"166\" data-block-id=\"33\">\n<ul class=\"content-unordered-list\" style=\"text-align: justify;\" data-mrf-recirculation=\"Recomendado\">\n<li>Quando se aproximar de algu\u00e9m infectado, a pessoa doente deve utilizar m\u00e1scara (comum ou cir\u00fargica), sobretudo se tiver les\u00f5es na boca ou se estiver tossindo. Voc\u00ea tamb\u00e9m deve usar m\u00e1scara.<\/li>\n<li>Evite o contato pele a pele sempre que poss\u00edvel e use luvas descart\u00e1veis se precisar ter contato direto com as les\u00f5es.<\/li>\n<li>Use m\u00e1scara ao manusear vestimentas ou roupas de cama do doente, caso a pessoa infectada n\u00e3o possa faz\u00ea-lo sozinha.<\/li>\n<li>Lave regularmente as m\u00e3os com \u00e1gua e sab\u00e3o ou utilize \u00e1lcool em gel, especialmente ap\u00f3s o contato com uma pessoa infectada.<\/li>\n<li>Roupas, len\u00e7\u00f3is, toalhas, talheres e pratos dos infectados devem ser lavados com \u00e1gua morna e detergente.<\/li>\n<li>Limpe e desinfete todas as superf\u00edcies contaminadas e descarte os res\u00edduos contaminados (como curativos) de forma adequada.<\/li>\n<li>Em pa\u00edses onde h\u00e1 animais portadores do v\u00edrus Mpox, evite contato desprotegido com animais selvagens, sobretudo se estiverem doentes ou mortos (incluindo contato com carne e sangue do animal).<\/li>\n<li>Alimentos com partes de animais devem ser bem cozidos antes de serem consumidos.<\/li>\n<\/ul>\n<p style=\"text-align: justify;\"><em>Fonte: g1 RS<\/em><\/p>\n<p style=\"text-align: justify;\"><em>Foto: Reuters<a href=\"https:\/\/www2.comunitaria.com.br\/en\/mpox-no-rs-com-letalidade-similar-a-da-gripe-doenca-deve-ter-expansao-de-casos-projeta-pesquisador\/mpox-reuters\/\" rel=\"attachment wp-att-64095\"><img loading=\"lazy\" decoding=\"async\" class=\"aligncenter size-full wp-image-64095\" src=\"http:\/\/www2.comunitaria.com.br\/wp-content\/uploads\/2024\/08\/mpox-reuters.avif\" alt=\"\" width=\"640\" height=\"360\"><\/a><\/em><\/p>\n<\/div>\n<\/div>\n<\/div>\n<\/div>\n<\/div>\n<\/div>\n<\/div>\n<\/div>\n<\/div>","protected":false},"excerpt":{"rendered":"<p>O governo do Rio Grande do Sul publicou&nbsp;alerta epidemiol\u00f3gico&nbsp;na segunda-feira (19) com orienta\u00e7\u00f5es para profissionais de sa\u00fade e popula\u00e7\u00e3o em geral em rela\u00e7\u00e3o \u00e0&nbsp;Mpox.&nbsp;O estado tem cinco casos confirmados da&#8230;<\/p>","protected":false},"author":2,"featured_media":64095,"comment_status":"closed","ping_status":"closed","sticky":false,"template":"","format":"standard","meta":{"ngg_post_thumbnail":0,"footnotes":""},"categories":[46,42,33],"tags":[6519,6563],"class_list":["post-64094","post","type-post","status-publish","format-standard","has-post-thumbnail","hentry","category-estado","category-fred-west","category-noticias","tag-mpox","tag-mpox-no-rs"],"amp_enabled":true,"_links":{"self":[{"href":"https:\/\/www2.comunitaria.com.br\/en\/wp-json\/wp\/v2\/posts\/64094","targetHints":{"allow":["GET"]}}],"collection":[{"href":"https:\/\/www2.comunitaria.com.br\/en\/wp-json\/wp\/v2\/posts"}],"about":[{"href":"https:\/\/www2.comunitaria.com.br\/en\/wp-json\/wp\/v2\/types\/post"}],"author":[{"embeddable":true,"href":"https:\/\/www2.comunitaria.com.br\/en\/wp-json\/wp\/v2\/users\/2"}],"replies":[{"embeddable":true,"href":"https:\/\/www2.comunitaria.com.br\/en\/wp-json\/wp\/v2\/comments?post=64094"}],"version-history":[{"count":0,"href":"https:\/\/www2.comunitaria.com.br\/en\/wp-json\/wp\/v2\/posts\/64094\/revisions"}],"wp:featuredmedia":[{"embeddable":true,"href":"https:\/\/www2.comunitaria.com.br\/en\/wp-json\/wp\/v2\/media\/64095"}],"wp:attachment":[{"href":"https:\/\/www2.comunitaria.com.br\/en\/wp-json\/wp\/v2\/media?parent=64094"}],"wp:term":[{"taxonomy":"category","embeddable":true,"href":"https:\/\/www2.comunitaria.com.br\/en\/wp-json\/wp\/v2\/categories?post=64094"},{"taxonomy":"post_tag","embeddable":true,"href":"https:\/\/www2.comunitaria.com.br\/en\/wp-json\/wp\/v2\/tags?post=64094"}],"curies":[{"name":"wp","href":"https:\/\/api.w.org\/{rel}","templated":true}]}}