{"id":64049,"date":"2024-08-19T12:03:49","date_gmt":"2024-08-19T14:03:49","guid":{"rendered":"https:\/\/www2.comunitaria.com.br\/?p=64049"},"modified":"2024-08-19T12:03:50","modified_gmt":"2024-08-19T14:03:50","slug":"projeto-que-renegocia-divida-dos-estados-impulsiona-endividamento-publico-com-impacto-nos-juros-afirmam-economistas","status":"publish","type":"post","link":"https:\/\/www2.comunitaria.com.br\/en\/projeto-que-renegocia-divida-dos-estados-impulsiona-endividamento-publico-com-impacto-nos-juros-afirmam-economistas\/","title":{"rendered":"Projeto que renegocia d\u00edvida dos estados impulsiona endividamento p\u00fablico, com impacto nos juros, afirmam economistas"},"content":{"rendered":"<div id=\"chunk-5pkf\">\n<div class=\"mc-column content-text active-extra-styles \" data-block-type=\"unstyled\" data-block-weight=\"44\" data-block-id=\"3\">\n<p class=\" content-text__container \" style=\"text-align: justify;\" data-track-category=\"Link no Texto\" data-track-links=\"\" data-mrf-recirculation=\"Article links\">O projeto que oferece um&nbsp;nova alternativa para pagamento, pelos estados, de d\u00edvidas bilion\u00e1rias com o governo federal&nbsp;tem o potencial de impulsionar ainda mais a d\u00edvida p\u00fablica brasileira \u2014 que j\u00e1 est\u00e1 em patamar elevado para o padr\u00e3o de pa\u00edses emergentes.<\/p>\n<\/div>\n<\/div>\n<div class=\"wall protected-content\">\n<div id=\"chunk-17in3\" style=\"text-align: justify;\">\n<div class=\"mc-column content-text active-extra-styles \" data-block-type=\"unstyled\" data-block-weight=\"9\" data-block-id=\"4\">\n<p class=\" content-text__container \" data-track-category=\"Link no Texto\" data-track-links=\"\" data-mrf-recirculation=\"Article links\">O c\u00e1lculo foi feito por economistas ouvidos pelo&nbsp;<strong>g1<\/strong>.<\/p>\n<\/div>\n<\/div>\n<div id=\"chunk-9nq0q\" style=\"text-align: justify;\">\n<div class=\"mc-column content-text active-extra-styles \" data-block-type=\"unstyled\" data-block-weight=\"25\" data-block-id=\"5\">\n<p class=\" content-text__container \" data-track-category=\"Link no Texto\" data-track-links=\"\" data-mrf-recirculation=\"Article links\">O texto foi aprovado nesta quarta-feira (14) pelo pelo Senado Federal.&nbsp;<strong>Para ter validade, o texto ainda precisa passar pelo crivo da C\u00e2mara dos Deputados.<\/strong><\/p>\n<\/div>\n<\/div>\n<div id=\"chunk-5bmg2\">\n<div class=\"mc-column content-text active-extra-styles \" data-block-type=\"unstyled\" data-block-weight=\"40\" data-block-id=\"6\">\n<p class=\" content-text__container \" style=\"text-align: justify;\" data-track-category=\"Link no Texto\" data-track-links=\"\" data-mrf-recirculation=\"Article links\">O governo calculou, em mar\u00e7o,&nbsp;<strong><span class=\"highlight highlighted\">que as d\u00edvidas dos estados somam mais de R$ 700 bilh\u00f5es.<\/span><\/strong>&nbsp;A maior parte do valor se refere aos d\u00e9bitos de quatro estados: S\u00e3o Paulo, Minas Gerais, Rio de Janeiro e Rio Grande do Sul.<\/p>\n<div id=\"chunk-77e5n\" style=\"text-align: justify;\">\n<div class=\"mc-column content-text active-extra-styles \" data-block-type=\"unstyled\" data-block-weight=\"49\" data-block-id=\"9\">\n<p class=\" content-text__container \" data-track-category=\"Link no Texto\" data-track-links=\"\" data-mrf-recirculation=\"Article links\">O tema est\u00e1 sendo discutido em um momento no qual o&nbsp;<strong><span class=\"highlight highlighted\">governo tenta equilibrar suas contas<\/span><\/strong>, buscando o&nbsp;d\u00e9ficit zero neste ano&nbsp;e&nbsp;em 2025,&nbsp;<strong><span class=\"highlight highlighted\">justamente para tentar impedir o crescimento da d\u00edvida p\u00fablica<\/span><\/strong> \u2014 indicador acompanhado com aten\u00e7\u00e3o por investidores, que influencia a taxa de juros da economia.<\/p>\n<\/div>\n<\/div>\n<div id=\"chunk-bidsa\" style=\"text-align: justify;\">\n<div class=\"mc-column content-text active-extra-styles\" data-block-type=\"raw\" data-block-weight=\"1\" data-block-id=\"10\">\n<div class=\"content-intertitle\">\n<h4>C\u00e1lculos<\/h4>\n<\/div>\n<\/div>\n<\/div>\n<div id=\"chunk-6bgcs\" style=\"text-align: justify;\">\n<div class=\"mc-column content-text active-extra-styles \" data-block-type=\"unstyled\" data-block-weight=\"50\" data-block-id=\"11\">\n<p class=\" content-text__container \" data-track-category=\"Link no Texto\" data-track-links=\"\" data-mrf-recirculation=\"Article links\">De acordo com Felipe Salto, economista-chefe Warren Investimentos, ex-secret\u00e1rio da Fazenda e Planejamento do estado de estado de S\u00e3o Paulo, o projeto&nbsp;<strong><span class=\"highlight highlighted\">elevaria a d\u00edvida p\u00fablica, at\u00e9 2033, em 2,4 pontos percentuais do Produto Interno Bruto (PIB) se aprovado, o equivalente a um aumento de R$ 462 bilh\u00f5es no per\u00edodo.<\/span><\/strong><\/p>\n<\/div>\n<\/div>\n<div id=\"chunk-3savl\" style=\"text-align: justify;\">\n<div class=\"mc-column content-text active-extra-styles \" data-block-type=\"unstyled\" data-block-weight=\"36\" data-block-id=\"12\">\n<p class=\" content-text__container \" data-track-category=\"Link no Texto\" data-track-links=\"\" data-mrf-recirculation=\"Article links\">Segundo Jeferson Bittencourt, head de macroeconomia do ASA, ex-secret\u00e1rio do Tesouro Nacional, a estimativa preliminar \u00e9 de que a&nbsp;<strong><span class=\"highlight highlighted\">d\u00edvida p\u00fablica avance de 1,8 ponto percentual no mesmo per\u00edodo de dez anos com as novas regras.<\/span><\/strong><\/p>\n<\/div>\n<\/div>\n<div id=\"chunk-5j50v\" style=\"text-align: justify;\">\n<div class=\"mc-column content-text active-extra-styles \" data-block-type=\"unstyled\" data-block-weight=\"37\" data-block-id=\"13\">\n<p class=\" content-text__container \" data-track-category=\"Link no Texto\" data-track-links=\"\" data-mrf-recirculation=\"Article links\">Esse c\u00e1lculo considera o desconto em juros que todos estados teriam. Levando em conta que somente S\u00e3o Paulo n\u00e3o tem a\u00e7\u00f5es na justi\u00e7a para n\u00e3o pagar a d\u00edvida atualmente, o efeito de aumento na d\u00edvida seria menor.<\/p>\n<\/div>\n<\/div>\n<div id=\"chunk-3t7ff\" style=\"text-align: justify;\">\n<div class=\"mc-column content-text active-extra-styles\" data-block-type=\"raw\" data-block-weight=\"92\" data-block-id=\"15\">\n<blockquote class=\"content-blockquote theme-border-color-primary-before\"><p>&#8220;Aumenta a incerteza fiscal. E mais incerteza fiscal \u00e9 mais pr\u00eamio de risco, \u00e9 mais juros, pois piora a din\u00e2mica da d\u00edvida. Quanto isso vai ser repassado, \u00e9 dif\u00edcil de a gente saber. Pois pode ser que seja dilu\u00eddo ao longo de um monte de coisas. Mas uma coisa que \u00e9 estrutural e que os investidores que ser dedicam a isso j\u00e1 perceberam, \u00e9 que as quest\u00f5es federativas t\u00eam decis\u00f5es assim\u00e9tricas. Os estados t\u00eam uma guarida no Judici\u00e1rio [para n\u00e3o honrar os contratos, por meio de liminares]&#8221;, acrescentou Jeferson Bittencourt, do ASA.<\/p><\/blockquote>\n<\/div>\n<\/div>\n<div id=\"chunk-2t0io\" style=\"text-align: justify;\">\n<div class=\"mc-column content-text active-extra-styles\" data-block-type=\"raw\" data-block-weight=\"140\" data-block-id=\"16\">\n<p class=\"content-text__container\" data-mrf-recirculation=\"Article links\">&nbsp;<\/p>\n<ul class=\"content-unordered-list\" data-mrf-recirculation=\"Recomendado\">\n<li>Pelas regras das d\u00edvidas com a Uni\u00e3o, quando os estados n\u00e3o honram os pagamentos mensais de suas d\u00edvidas, ou de parcelas de empr\u00e9stimos com garantia federal, o Tesouro Nacional pode bloquear repasses do Fundo de Participa\u00e7\u00e3o dos Estados (FPE) para reaver os valores.<\/li>\n<li>Nos \u00faltimos anos, entretanto, a Uni\u00e3o foi impedida de realizar esse bloqueio por liminares do Supremo Tribunal Federal. Estados como Goi\u00e1s, Minas Gerais, Rio Grande do Norte, Amap\u00e1, Bahia e Rio de Janeiro se beneficiaram, em algum momento, dessas decis\u00f5es, que come\u00e7aram em 2019.<\/li>\n<li>Posteriormente, alguns estados entraram no Regime de Recupera\u00e7\u00e3o Fiscal (RRF) do governo federal. Seus d\u00e9bitos foram consolidados e t\u00eam regras pr\u00f3prias de pagamento. Est\u00e3o no RRF, atualmente, Goi\u00e1s, Rio de Janeiro e Rio Grande do Sul. Minas Gerais teve o seu pedido de ades\u00e3o aprovado e est\u00e1 elaborando o seu plano de recupera\u00e7\u00e3o.<\/li>\n<\/ul>\n<\/div>\n<\/div>\n<div id=\"chunk-7kfvc\" style=\"text-align: justify;\">\n<div class=\"mc-column content-text active-extra-styles\" data-block-type=\"raw\" data-block-weight=\"6\" data-block-id=\"18\">\n<div class=\"content-intertitle\">\n<h4>Compara\u00e7\u00e3o internacional e impacto na economia<\/h4>\n<\/div>\n<\/div>\n<\/div>\n<div id=\"chunk-7r9h3\" style=\"text-align: justify;\">\n<div class=\"mc-column content-text active-extra-styles \" data-block-type=\"unstyled\" data-block-weight=\"27\" data-block-id=\"19\">\n<p class=\" content-text__container \" data-track-category=\"Link no Texto\" data-track-links=\"\" data-mrf-recirculation=\"Article links\">A d\u00edvida do setor p\u00fablico consolidado&nbsp;fechou o m\u00eas de junho em 77,8% do PIB \u2013 o equivalente a R$ 8,7 trilh\u00f5es,&nbsp;segundo informa\u00e7\u00f5es do Banco Central.<\/p>\n<\/div>\n<\/div>\n<div id=\"chunk-1jkjq\" style=\"text-align: justify;\">\n<div class=\"mc-column content-text active-extra-styles \" data-block-type=\"unstyled\" data-block-weight=\"44\" data-block-id=\"20\">\n<p class=\" content-text__container \" data-track-category=\"Link no Texto\" data-track-links=\"\" data-mrf-recirculation=\"Article links\">Se for considerado o crit\u00e9rio do Fundo Monet\u00e1rio Internacional (FMI), que contabiliza os t\u00edtulos p\u00fablicos que est\u00e3o na carteira do BC e&nbsp;<strong><span class=\"highlight highlighted\">que \u00e9 utilizada na compara\u00e7\u00e3o internacional, a d\u00edvida brasileira terminou o primeiro semestre em um patamar maior ainda: em 88,6% do PIB.<\/span><\/strong><\/p>\n<\/div>\n<\/div>\n<div id=\"chunk-986ja\">\n<div class=\"mc-column content-text active-extra-styles \" data-block-type=\"unstyled\" data-block-weight=\"26\" data-block-id=\"21\">\n<p class=\" content-text__container \" style=\"text-align: justify;\" data-track-category=\"Link no Texto\" data-track-links=\"\" data-mrf-recirculation=\"Article links\">Neste patamar, a d\u00edvida brasileira est\u00e1&nbsp;<strong><span class=\"highlight highlighted\">abaixo de na\u00e7\u00f5es desenvolvidas, pr\u00f3xima de pa\u00edses da Uni\u00e3o Europeia e acima dos emergentes, da Am\u00e9rica Latina e do Caribe.<\/span><\/strong><\/p>\n<div id=\"chunk-8gihe\" style=\"text-align: justify;\">\n<div class=\"mc-column content-text active-extra-styles \" data-block-type=\"unstyled\" data-block-weight=\"50\" data-block-id=\"24\">\n<p class=\" content-text__container \" data-track-category=\"Link no Texto\" data-track-links=\"\" data-mrf-recirculation=\"Article links\">A rela\u00e7\u00e3o entre d\u00edvida e PIB \u00e9 um indicador relevante para o mercado, interpretado como um sinal da capacidade do pa\u00eds de honrar seus compromissos financeiros de curto, m\u00e9dio e longo prazo. Quanto maior a d\u00edvida em rela\u00e7\u00e3o ao PIB, maior o risco de um calote em momentos de crise.<\/p>\n<\/div>\n<\/div>\n<div id=\"chunk-55b7r\" style=\"text-align: justify;\">\n<div class=\"mc-column content-text active-extra-styles \" data-block-type=\"unstyled\" data-block-weight=\"15\" data-block-id=\"25\">\n<p class=\" content-text__container \" data-track-category=\"Link no Texto\" data-track-links=\"\" data-mrf-recirculation=\"Article links\">Al\u00e9m do patamar da d\u00edvida, a performance das contas p\u00fablicas tamb\u00e9m \u00e9 avaliada por investidores.<\/p>\n<\/div>\n<\/div>\n<div id=\"chunk-ccne2\" style=\"text-align: justify;\">\n<div class=\"mc-column content-text active-extra-styles \" data-block-type=\"unstyled\" data-block-weight=\"57\" data-block-id=\"26\">\n<p class=\" content-text__container \" data-track-category=\"Link no Texto\" data-track-links=\"\" data-mrf-recirculation=\"Article links\">O Tratado de Maastrich, por exemplo, assinado em 1992 pelos pa\u00edses da Uni\u00e3o Europeia, diz que as na\u00e7\u00f5es do bloco devem buscar um d\u00e9ficit fiscal inferior a 3% do PIB (pelo conceito nominal, que inclui o pagamento de juros). Em 2023, o d\u00e9ficit nominal do Brasil somou 8,9% do PIB &#8212; o equivalente a R$ 967 bilh\u00f5es.<\/p>\n<\/div>\n<\/div>\n<div id=\"chunk-4ak0d\" style=\"text-align: justify;\">\n<div class=\"mc-column content-text active-extra-styles \" data-block-type=\"unstyled\" data-block-weight=\"45\" data-block-id=\"27\">\n<p class=\" content-text__container \" data-track-category=\"Link no Texto\" data-track-links=\"\" data-mrf-recirculation=\"Article links\">No ano passado, em meio a ataques do presidente Luiz In\u00e1cio Lula da Silva (PT) para baixar a taxa de juros da economia,&nbsp;o presidente do Banco Central, Roberto Campos Neto, explicou no Congresso Nacional como a d\u00edvida p\u00fablica influencia a taxa de juros brasileira.<\/p>\n<\/div>\n<\/div>\n<div id=\"chunk-cu56l\">\n<div class=\"mc-column content-text active-extra-styles\" style=\"text-align: justify;\" data-block-type=\"raw\" data-block-weight=\"64\" data-block-id=\"28\">\n<blockquote class=\"content-blockquote theme-border-color-primary-before\"><p>&#8220;Na parte dos juros, a gente n\u00e3o pode confundir causa e efeito. A d\u00edvida n\u00e3o \u00e9 alta porque o juro \u00e9 alto. \u00c9 o contr\u00e1rio, o juro \u00e9 alto porque a d\u00edvida \u00e9 alta. Quando voc\u00ea endividado vai ao banco, e o banco faz uma an\u00e1lise que voc\u00ea \u00e9 endividado e n\u00e3o paga a d\u00edvida, o juro \u00e9 alto&#8221;, explicou Campos Neto, na ocasi\u00e3o.<\/p><\/blockquote>\n<\/div>\n<div id=\"chunk-5ma7k\" style=\"text-align: justify;\">\n<div class=\"mc-column content-text active-extra-styles\" data-block-type=\"raw\" data-block-weight=\"7\" data-block-id=\"31\">\n<div class=\"content-intertitle\">\n<h4>O que diz o projeto do Senado<\/h4>\n<\/div>\n<\/div>\n<\/div>\n<div id=\"chunk-e1qkk\" style=\"text-align: justify;\">\n<div class=\"mc-column content-text active-extra-styles \" data-block-type=\"unstyled\" data-block-weight=\"48\" data-block-id=\"32\">\n<p class=\" content-text__container \" data-track-category=\"Link no Texto\" data-track-links=\"\" data-mrf-recirculation=\"Article links\">O texto aprovado pelo Senado Federal possibilita que os entes que aderiram ao atual regime de recupera\u00e7\u00e3o fiscal migrem para esse novo plano, chamado de Programa de Pleno Pagamento de D\u00edvidas dos Estados (Propag). Essa mudan\u00e7a de um regime para o outro ser\u00e1 gradual, dentro de cinco anos.<\/p>\n<\/div>\n<\/div>\n<div id=\"chunk-9q4i8\" style=\"text-align: justify;\">\n<div class=\"mc-column content-text active-extra-styles\" data-block-type=\"raw\" data-block-weight=\"109\" data-block-id=\"33\">\n<ul class=\"content-unordered-list\" data-mrf-recirculation=\"Recomendado\">\n<li>Os estados n\u00e3o s\u00e3o obrigados a aderir ao plano. Os que o quiserem ter\u00e3o 120 dias, ap\u00f3s a lei entrar em vigor, para faz\u00ea-lo. Os d\u00e9bitos ser\u00e3o pagos em um prazo de 30 anos.<\/li>\n<li>O benef\u00edcio n\u00e3o ser\u00e1 retroativo. O saldo total da d\u00edvida n\u00e3o vai mudar. O relator, Davi Alcolumbre (Uni\u00e3o-AP), refor\u00e7ou nesta quarta que &#8220;n\u00e3o existe desconto na d\u00edvida existente&#8221;. Pode haver abatimento do saldo do d\u00e9bito, mas n\u00e3o altera\u00e7\u00e3o do valor. A nova taxa de juros, por exemplo, valer\u00e1 s\u00f3 daqui para frente.<\/li>\n<li>Os entes poder\u00e3o abater o valor cheio da d\u00edvida se transferirem para a Uni\u00e3o ativos (participa\u00e7\u00e3o em empresas p\u00fablicas), bens, im\u00f3veis e cr\u00e9ditos.<\/li>\n<\/ul>\n<\/div>\n<\/div>\n<div id=\"chunk-aknc7\" style=\"text-align: justify;\">\n<div class=\"mc-column content-text active-extra-styles \" data-block-type=\"unstyled\" data-block-weight=\"49\" data-block-id=\"35\">\n<p class=\" content-text__container \" data-track-category=\"Link no Texto\" data-track-links=\"\" data-mrf-recirculation=\"Article links\">O projeto foi capitaneado pelo presidente do Senado, Rodrigo Pacheco (PSD-MG). H\u00e1 expectativa de que o estado dele, Minas Gerais, que deve ao menos R$ 160 bilh\u00f5es \u00e0 Uni\u00e3o, transfira para o governo federal suas participa\u00e7\u00f5es nas companhias estaduais de energia, desenvolvimento e saneamento \u2014 Cemig, Codemig e Copasa.<\/p>\n<\/div>\n<\/div>\n<div id=\"chunk-1l0a0\" style=\"text-align: justify;\">\n<div class=\"mc-column content-text active-extra-styles \" data-block-type=\"unstyled\" data-block-weight=\"35\" data-block-id=\"36\">\n<p class=\" content-text__container \" data-track-category=\"Link no Texto\" data-track-links=\"\" data-mrf-recirculation=\"Article links\">Na ter\u00e7a-feira (13), por\u00e9m, Alcolumbre reconheceu que uma das partes sens\u00edveis do projeto \u00e9 que haver\u00e1 diverg\u00eancias futuras entre as gest\u00f5es estaduais e federal quanto ao valor desses ativos, na hora da transmiss\u00e3o dos bens.<\/p>\n<\/div>\n<\/div>\n<div id=\"chunk-bgujl\" style=\"text-align: justify;\">\n<div class=\"mc-column content-text active-extra-styles \" data-block-type=\"unstyled\" data-block-weight=\"49\" data-block-id=\"37\">\n<p class=\" content-text__container \" data-track-category=\"Link no Texto\" data-track-links=\"\" data-mrf-recirculation=\"Article links\">Hoje, as d\u00edvidas s\u00e3o corrigidas pelo que for menor entre a taxa b\u00e1sica de juros, a Selic, e uma soma da infla\u00e7\u00e3o oficial e 4% ao ano. O projeto mant\u00e9m o formato atual dos juros (IPCA + 4%), mas prev\u00ea mecanismos para reduzir e at\u00e9 zerar esse \u00edndice adicional.<\/p>\n<\/div>\n<\/div>\n<div id=\"chunk-57inf\" style=\"text-align: justify;\">\n<div class=\"mc-column content-text active-extra-styles \" data-block-type=\"unstyled\" data-block-weight=\"49\" data-block-id=\"38\">\n<p class=\" content-text__container \" data-track-category=\"Link no Texto\" data-track-links=\"\" data-mrf-recirculation=\"Article links\">O estado ter\u00e1 de direcionar obrigatoriamente uma parte \u2013 que pode variar de 1% a 2% \u2013 do montante da d\u00edvida para um fundo de equaliza\u00e7\u00e3o, compartilhado entre todos os estados brasileiros, inclusive os n\u00e3o endividados.&nbsp;<strong><span class=\"highlight highlighted\">Com essa medida, o ente reduzir\u00e1 at\u00e9 dois pontos percentuais dos juros adicionais.<\/span><\/strong><\/p>\n<\/div>\n<\/div>\n<div id=\"chunk-9h8t6\" style=\"text-align: justify;\">\n<div class=\"mc-column content-text active-extra-styles \" data-block-type=\"unstyled\" data-block-weight=\"23\" data-block-id=\"39\">\n<p class=\" content-text__container \" data-track-category=\"Link no Texto\" data-track-links=\"\" data-mrf-recirculation=\"Article links\"><strong><span class=\"highlight highlighted\">A depender de quanto cada estado colocar no fundo compartilhado, o estado poder\u00e1 zerar os juros que excedem a infla\u00e7\u00e3o de outras maneiras:<\/span><\/strong><\/p>\n<\/div>\n<\/div>\n<div id=\"chunk-80icj\" style=\"text-align: justify;\">\n<div class=\"mc-column content-text active-extra-styles\" data-block-type=\"raw\" data-block-weight=\"84\" data-block-id=\"41\">\n<ul class=\"content-unordered-list\" data-mrf-recirculation=\"Recomendado\">\n<li>menos 1 ponto percentual: se o ente entregar seus ativos \u00e0 Uni\u00e3o, em um montante de 10% a 20% do valor total da d\u00edvida;<\/li>\n<li>menos 2 pontos percentuais: se o total de ativos entregues chegar a mais de 20% do valor da d\u00edvida;<\/li>\n<li>de 0,5 a 2 pontos percentuais: se o valor correspondente for revertido em investimentos no pr\u00f3prio estado, nas \u00e1reas de educa\u00e7\u00e3o, infraestrutura e seguran\u00e7a p\u00fablica. A maior parte dos recursos, m\u00ednimo de 60%, vai para educa\u00e7\u00e3o profissional t\u00e9cnica de n\u00edvel m\u00e9dio.<\/li>\n<\/ul>\n<\/div>\n<\/div>\n<div style=\"text-align: justify;\" data-track-category=\"multicontent\" data-track-action=\"multicontent\" data-track-noninteraction=\"false\" data-track-scroll=\"ultimo chunk conteudo\" data-track-value=\"view\">\n<div id=\"chunk-cc8f\">\n<div class=\"mc-column content-text active-extra-styles \" data-block-type=\"unstyled\" data-block-weight=\"44\" data-block-id=\"42\">\n<p class=\" content-text__container \" data-track-category=\"Link no Texto\" data-track-links=\"\" data-mrf-recirculation=\"Article links\">O estado que n\u00e3o optar pela entrega de ativos vai poder diminuir at\u00e9 2% em juros apenas realizando os investimentos locais, especialmente em educa\u00e7\u00e3o profissionalizante. Portanto, o ente poder\u00e1 zerar os juros adicionais somente com o investimento e o repasse para o fundo compartilhado.<\/p>\n<p data-track-category=\"Link no Texto\" data-track-links=\"\" data-mrf-recirculation=\"Article links\"><em>Fonte: g1<\/em><\/p>\n<p data-track-category=\"Link no Texto\" data-track-links=\"\" data-mrf-recirculation=\"Article links\"><em>Foto: Jefferson Rudy\/Ag\u00eancia Senado<a href=\"https:\/\/www2.comunitaria.com.br\/projeto-que-renegocia-divida-dos-estados-impulsiona-endividamento-publico-com-impacto-nos-juros-afirmam-economistas\/projeto-foi-aprovado-pelo-senado-em-sessao-desta-quarta-feira-14-e-vai-para-a-camara-dos-deputados-jefferson-rudy-agencia-senado\/\" rel=\"attachment wp-att-64050\"><img loading=\"lazy\" decoding=\"async\" class=\"aligncenter size-full wp-image-64050\" src=\"http:\/\/www2.comunitaria.com.br\/wp-content\/uploads\/2024\/08\/projeto-foi-aprovado-pelo-senado-em-sessao-desta-quarta-feira-14-e-vai-para-a-camara-dos-deputados.-jefferson-rudy-agencia-senado-.avif\" alt=\"\" width=\"640\" height=\"427\"><\/a><\/em><\/p>\n<\/div>\n<\/div>\n<\/div>\n<\/div>\n<\/div>\n<\/div>\n<\/div>\n<\/div>\n<\/div>\n","protected":false},"excerpt":{"rendered":"<p>O projeto que oferece um&nbsp;nova alternativa para pagamento, pelos estados, de d\u00edvidas bilion\u00e1rias com o governo federal&nbsp;tem o potencial de impulsionar ainda mais a d\u00edvida p\u00fablica brasileira \u2014 que j\u00e1&#8230;<\/p>","protected":false},"author":2,"featured_media":64050,"comment_status":"closed","ping_status":"closed","sticky":false,"template":"","format":"standard","meta":{"ngg_post_thumbnail":0,"footnotes":""},"categories":[47,33],"tags":[384,1550,1156],"class_list":["post-64049","post","type-post","status-publish","format-standard","has-post-thumbnail","hentry","category-brasil","category-noticias","tag-economia-2","tag-governo-federal","tag-senado"],"amp_enabled":true,"_links":{"self":[{"href":"https:\/\/www2.comunitaria.com.br\/en\/wp-json\/wp\/v2\/posts\/64049","targetHints":{"allow":["GET"]}}],"collection":[{"href":"https:\/\/www2.comunitaria.com.br\/en\/wp-json\/wp\/v2\/posts"}],"about":[{"href":"https:\/\/www2.comunitaria.com.br\/en\/wp-json\/wp\/v2\/types\/post"}],"author":[{"embeddable":true,"href":"https:\/\/www2.comunitaria.com.br\/en\/wp-json\/wp\/v2\/users\/2"}],"replies":[{"embeddable":true,"href":"https:\/\/www2.comunitaria.com.br\/en\/wp-json\/wp\/v2\/comments?post=64049"}],"version-history":[{"count":0,"href":"https:\/\/www2.comunitaria.com.br\/en\/wp-json\/wp\/v2\/posts\/64049\/revisions"}],"wp:featuredmedia":[{"embeddable":true,"href":"https:\/\/www2.comunitaria.com.br\/en\/wp-json\/wp\/v2\/media\/64050"}],"wp:attachment":[{"href":"https:\/\/www2.comunitaria.com.br\/en\/wp-json\/wp\/v2\/media?parent=64049"}],"wp:term":[{"taxonomy":"category","embeddable":true,"href":"https:\/\/www2.comunitaria.com.br\/en\/wp-json\/wp\/v2\/categories?post=64049"},{"taxonomy":"post_tag","embeddable":true,"href":"https:\/\/www2.comunitaria.com.br\/en\/wp-json\/wp\/v2\/tags?post=64049"}],"curies":[{"name":"wp","href":"https:\/\/api.w.org\/{rel}","templated":true}]}}